{"id":46079,"date":"2012-01-12T12:36:44","date_gmt":"2012-01-12T10:36:44","guid":{"rendered":"http:\/\/www.korhanyilmaz.com\/?p=46079"},"modified":"2012-01-12T12:48:29","modified_gmt":"2012-01-12T10:48:29","slug":"foreign-policy-ahmet-sik-ve-gulen-cemaatini-yazdi","status":"publish","type":"post","link":"http:\/\/www.korhanyilmaz.com\/?p=46079","title":{"rendered":"Foreign Policy, Ahmet \u015e\u0131k ve G\u00fclen cemaatini yazd\u0131"},"content":{"rendered":"<p style=\"text-align: center;\"><a href=\"http:\/\/www.korhanyilmaz.com\/wp-content\/uploads\/2012\/01\/9010.jpg\"  class=\"lightview\"><img loading=\"lazy\" decoding=\"async\" class=\"aligncenter  wp-image-46080\" src=\"http:\/\/www.korhanyilmaz.com\/wp-content\/uploads\/2012\/01\/9010.jpg\" alt=\"\" width=\"313\" height=\"241\" \/><\/a><\/p>\n<p style=\"text-align: justify;\">ABD&#8217;de yay\u0131mlanan d\u0131\u015f politika ve siyaset dergisi Foreign Policy&#8217;de tutuklu gazeteci Ahmet \u015e\u0131k&#8217;\u0131n durumuna yer verildi. &#8220;Derin devletin parmakl\u0131klar\u0131 ard\u0131nda&#8221; adl\u0131 makalede, &#8220;Ni\u00e7in iktidar tek bir ara\u015ft\u0131rmac\u0131 gazeteciyi susturmakta bu kadar \u0131srarc\u0131 davran\u0131yor?&#8221; denildi.<\/p>\n<p style=\"text-align: justify;\">ABD&#8217;de yay\u0131mlanan d\u0131\u015f politika ve siyaset dergisi Foreign Policy&#8217;de \u00e7\u0131kan Justin Vela imzal\u0131 makalede T\u00fcrkiye&#8217;nin katetti\u011fi \u00f6nemli mesafenin, son 2 y\u0131lda yerini bask\u0131ya b\u0131rakt\u0131\u011f\u0131 ileri s\u00fcr\u00fcld\u00fc.<!--more--><\/p>\n<p style=\"text-align: justify;\">G\u00fclen Cemaatine ili\u015fkin de\u011ferlendirmelere yer verilen makalede, kitab\u0131 nedeniyle tutuklu bulunan Ahmet \u015e\u0131k&#8217;\u0131n durumunun anlat\u0131ld\u0131\u011f\u0131 &#8220;Derin devletin parmakl\u0131klar\u0131 ard\u0131nda&#8221; ba\u015fl\u0131kl\u0131 makalede, &#8220;T\u00fcrkiye&#8217;nin dizginleri Pensilvanya&#8217;daki gizli mollalar\u0131n elinde mi? E\u011fer \u00f6yle de\u011filse, ni\u00e7in iktidar tek bir ara\u015ft\u0131rmac\u0131 gazeteciyi susturmakta bu kadar \u0131srarc\u0131 davran\u0131yor?&#8221; denildi.<\/p>\n<p style=\"text-align: justify;\">T\u00fcrkiye&#8217;nin son y\u0131llarda \u00f6nemli bir mesafe katetti\u011fi anlat\u0131lan makalede, artan bask\u0131 ortam\u0131na i\u015faret edilerek, &#8220;T\u00fcrk vatanda\u015flar\u0131, demokrasilerinin ge\u00e7irdi\u011fi evrimi f\u0131s\u0131lt\u0131yla tart\u0131\u015fsalar iyi ederler. Son y\u0131llarda \u00f6nemli mesafe kateden T\u00fcrkiye&#8217;de, \u00fclkenin yeni rotas\u0131 y\u00fcksek sesle dillendirilmiyor&#8221; deniliyor.<\/p>\n<p style=\"text-align: justify;\"><strong>&#8220;\u0130ddialar ilk g\u00fcnk\u00fc abs\u00fcrtl\u00fcklerini koruyor&#8221;\u00a0<\/strong><\/p>\n<p style=\"text-align: justify;\">Son 2 y\u0131lda h\u00fck\u00fcmeti ele\u015ftiren binlerce ki\u015finin \u015fafak bask\u0131nlar\u0131yla tutukland\u0131klar\u0131 belirtilen yaz\u0131da, Ahmet \u015e\u0131k&#8217;\u0131n durumu anlat\u0131ld\u0131. 5 Ocak&#8217;taki Odatv duru\u015fmas\u0131nda Ahmet \u015e\u0131k&#8217;\u0131n yapt\u0131\u011f\u0131 savunmaya yer verilen yaz\u0131da \u015funlar anlat\u0131ld\u0131:<\/p>\n<p style=\"text-align: justify;\">&#8220;\u015e\u0131k ifadesinde, telefon g\u00f6r\u00fc\u015fmesi tutanaklar\u0131, gazetelerde bas\u0131lm\u0131\u015f makaleler ve hen\u00fcz tamamlamad\u0131\u011f\u0131, \u0130slamc\u0131 Fethullah G\u00fclen hareketinin T\u00fcrkiye devleti i\u00e7indeki yayg\u0131n n\u00fcfuzunu ortaya koyan \u0130mam&#8217;\u0131n Ordusu kitab\u0131n\u0131n taslaklar\u0131ndan olu\u015fan delilleri ciddiye almad\u0131\u011f\u0131n\u0131 ifade etti. \u015e\u0131k savunmas\u0131nda, &#8216;Bug\u00fcn adaletten ve hukuktan yoksun, bozulmu\u015f ve tahrip edilmi\u015f d\u00f6k\u00fcmanlarla y\u00fcr\u00fct\u00fclen, politik bir yarg\u0131lama sebebiyle buraday\u0131m&#8217; diye konu\u015ftu. \u015e\u0131k&#8217;\u0131n aleyhindeki iddialar, ilk g\u00fcnk\u00fc abs\u00fcrtl\u00fcklerini koruyor. \u015e\u0131k, profesyonel ya\u015fam\u0131n\u0131n \u00f6nemli bir k\u0131sm\u0131n\u0131 Ergenekon&#8217;un temsil etti\u011fi yap\u0131lar\u0131 ve bu yap\u0131lar\u0131n yol a\u00e7t\u0131\u011f\u0131 insan hakk\u0131 ihlallerini ara\u015ft\u0131rmaya vakfetmi\u015fti.&#8221;<\/p>\n<p style=\"text-align: justify;\"><strong>&#8220;Cemaat T\u00fcrkiye&#8217;yi daha bask\u0131c\u0131 bir noktaya g\u00f6t\u00fcr\u00fcyor&#8221;\u00a0<\/strong><\/p>\n<p style=\"text-align: justify;\">Ahmet \u015e\u0131k&#8217;\u0131n g\u00f6rd\u00fc\u011f\u00fc bask\u0131n\u0131n analiz edildi\u011fi yaz\u0131da \u015funlar s\u00f6ylendi:<\/p>\n<p style=\"text-align: justify;\">&#8220;\u015e\u0131k&#8217;\u0131n \u00fczerine giden silahl\u0131 kuvvetler de\u011fil, derin devletin ba\u015fka bir aya\u011f\u0131. \u0130mam&#8217;\u0131n Ordusu kitab\u0131, Fethullah G\u00fclen&#8217;in y\u00fckseli\u015fini, ya\u015f\u0131 ilerlemi\u015f din adam\u0131n\u0131n kendini s\u00fcrg\u00fcn etti\u011fi Pensilvanya&#8217;dan, 140 \u00fclkedeki binlerce okulu kapsayan muazzam a\u011f\u0131 kuru\u015funu anlat\u0131yordu. Dinleraras\u0131 diyalog \u00e7a\u011fr\u0131s\u0131 yapan ve dersliklerinde hem dinin hem de bilimin \u00f6\u011fretilmesini savunan G\u00fclen&#8217;in destek\u00e7ileri, cemaatin e\u011fitime katk\u0131da bulunmak ve T\u00fcrkiye ile d\u00fcnyan\u0131n geri kalan\u0131nda kamu hizmeti yapmaktan ba\u015fka bir ama\u00e7lar\u0131 olmad\u0131\u011f\u0131n\u0131 ileri s\u00fcr\u00fcyorlar. Ancak G\u00fclen cemaatinin ger\u00e7ek etki alan\u0131n\u0131 hesap etmek olduk\u00e7a zor; Foreign Policy taraf\u0131ndan 2008&#8217;de yap\u0131lan y\u0131l\u0131n entelekt\u00fceli oylamas\u0131na G\u00fclen destek\u00e7ileri h\u00fccum etmi\u015f, yar\u0131m milyon ki\u015finin oy kulland\u0131\u011f\u0131 yar\u0131\u015fmada ilk s\u0131ray\u0131 G\u00fclen alm\u0131\u015ft\u0131. Ancak G\u00fclen, &#8216;Cemaat&#8217; ad\u0131yla bilinen destek\u00e7ilerini yaln\u0131zca internetteki oylamalara etki etmek i\u00e7in kullanm\u0131yor. Erdo\u011fan&#8217;\u0131n Adalet ve Kalk\u0131nma Partisi&#8217;nin se\u00e7men taban\u0131n \u00f6nemli k\u0131sm\u0131n\u0131 olu\u015fturan Cemaat mensuplar\u0131, kendilerini T\u00fcrkiye&#8217;deki b\u00fcrokrasi, emniyet ve yarg\u0131 te\u015fkilatlar\u0131n\u0131n da en \u00fcst makamlar\u0131nda konumland\u0131rmay\u0131 ba\u015fard\u0131lar. Ve \u015e\u0131k \u00f6rne\u011finde de g\u00f6r\u00fcld\u00fc\u011f\u00fc gibi, yaratt\u0131klar\u0131 etki T\u00fcrkiye&#8217;yi daha bask\u0131c\u0131, \u00f6zg\u00fcrl\u00fckl\u00fcklerin k\u0131s\u0131tland\u0131\u011f\u0131 bir noktaya do\u011fru g\u00f6t\u00fcr\u00fcyor.&#8221;<\/p>\n<p style=\"text-align: justify;\"><strong>&#8220;Tutuklamaktaki hedefledikleri ba\u015far\u0131s\u0131zl\u0131\u011fa d\u00f6n\u00fc\u015ft\u00fc&#8221;\u00a0<\/strong><\/p>\n<p style=\"text-align: justify;\">Ahmet \u015e\u0131k&#8217;\u0131n &#8220;T\u00fcrkiye&#8217;de derin devlete hala dokunulmad\u0131\u011f\u0131, yaln\u0131zca derin devletin sahiplerinin de\u011fi\u015fti\u011fi&#8221; \u015feklindeki g\u00f6r\u00fc\u015flerine de yer verilen makalede, &#8220;E\u011fer h\u00fck\u00fcmet, \u015e\u0131k&#8217;\u0131 tutuklayarak yapt\u0131\u011f\u0131 ara\u015ft\u0131rmalar\u0131 \u00f6nlemeyi hedeflediyse, bu hedefin ac\u0131nacak bir ba\u015far\u0131s\u0131zl\u0131\u011fa d\u00f6n\u00fc\u015ft\u00fc\u011f\u00fcn\u00fc s\u00f6ylemeliyiz. \u015e\u0131k&#8217;\u0131n yasaklanan kitab\u0131, b\u00fcy\u00fck ihtimalle tasla\u011f\u0131 bulunduran arkada\u015flar\u0131 taraf\u0131ndan, internete da\u011f\u0131t\u0131ld\u0131. Sonras\u0131ndaysa, bir grup gazeteci ve entelekt\u00fcelin imzas\u0131yla, \u015e\u0131k&#8217;\u0131n evindeki bilgisayarda ele ge\u00e7mesinin ard\u0131ndan polis tutanaklar\u0131na yans\u0131yan 000 Kitap ad\u0131yla yay\u0131nland\u0131. Kitap, \u0130stanbul&#8217;un merkezinde yer alan \u0130stiklal Caddesi&#8217;ndeki ve havaalan\u0131ndaki kitabevlerinin vitrinlerinde, en dikkat \u00e7eken noktalarda sergileniyor&#8221; denildi.<\/p>\n<p style=\"text-align: justify;\">Fethullah G\u00fclen cemaatine ili\u015fkin de\u011ferlendirmelere de yer verilen makalede \u015funlar anlat\u0131ld\u0131:<\/p>\n<p style=\"text-align: justify;\">&#8220;Il\u0131ml\u0131 \u0130slam \u00e7a\u011fr\u0131s\u0131nda bulunan G\u00fclen&#8217;e y\u00f6neltilen ele\u015ftiriler dindarl\u0131k ekseninden ziyade, hareketin \u015feffaf olmad\u0131\u011f\u0131 noktas\u0131nda yo\u011funla\u015f\u0131yor. G\u00fclen grubunun, ka\u011f\u0131t \u00fcst\u00fcnde laik olan h\u00fck\u00fcmet ve toplum \u00fczerinde \u00f6nemli bir etkisi oldu\u011fu biliniyor, AKP&#8217;nin cemaatle olan ili\u015fkisini AKP&#8217;li milletvekilleri de do\u011fruluyorlar. G\u00fclen hareketinin b\u00fcy\u00fckl\u00fc\u011f\u00fc ve toplum \u00fczerindeki etkisi tam olarak kestirilemezken, Zaman Gazetesi ve Samanyolu Yay\u0131n Grubu gibi bas\u0131n organlar\u0131yla yak\u0131n ili\u015fkilerinin yan\u0131 s\u0131ra, T\u00fcrkiye \u0130\u015fadamlar\u0131 ve Sanayiciler Konfederasyonu (TUSKON) gibi yap\u0131lar\u0131n harekete ba\u011fl\u0131l\u0131\u011f\u0131, cemaatin son derece organize ve iyi finanse edilen bir a\u011f kurdu\u011funu g\u00f6steriyor.&#8221;<\/p>\n<p style=\"text-align: justify;\"><strong>&#8220;T\u00fcrkiye y\u0131llard\u0131r kar\u015f\u0131la\u015fmad\u0131\u011f\u0131 bir prestij kayb\u0131 ya\u015f\u0131yor&#8221;\u00a0<\/strong><\/p>\n<p style=\"text-align: justify;\">Makalede, yap\u0131lan toplu tutuklamalar\u0131n, T\u00fcrkiye&#8217;ye y\u0131llard\u0131r kar\u015f\u0131la\u015fmad\u0131\u011f\u0131 bir prestij kayb\u0131 ya\u015fatt\u0131\u011f\u0131 vurgulayan Justin Vela, &#8220;\u00d6zellikle Ahmet \u015e\u0131k&#8217;\u0131n da san\u0131klar\u0131 aras\u0131nda oldu\u011fu dava, \u00e7o\u011funlukla ba\u015far\u0131larla an\u0131labilecek bir on y\u0131l\u0131n \u00fczerinde \u00e7irkin, kara bir leke olarak duruyor. AK Parti 2002&#8217;de iktidara geldi\u011finden bu yana, yaratt\u0131\u011f\u0131 siyasal istikrar ortam\u0131, bir zamanlar t\u00fcm g\u00fcc\u00fc elinde bulunduran orduyu dizginlemesi ve T\u00fcrkiye&#8217;yi G20 \u00fclkeleri aras\u0131nda \u00c7in&#8217;den sonra ikincili\u011fe yerle\u015ftiren ekonomik b\u00fcy\u00fcme sayesinde takdir toplad\u0131. Ancak artan bask\u0131 ve k\u0131s\u0131tlamalar, T\u00fcrkiye&#8217;nin ifade \u00f6zg\u00fcrl\u00fc\u011f\u00fcndeki alt\u0131n \u00e7a\u011f\u0131n\u0131n bitti\u011fine i\u015faret ediyor&#8221; diye yazd\u0131.<\/p>\n<p style=\"text-align: justify;\"><strong>&#8220;Ya biat edecek, ya sessiz kalacak ya da tutuklanacaks\u0131n\u0131z&#8221;\u00a0<\/strong><\/p>\n<p style=\"text-align: justify;\">\u0130nsan Haklar\u0131 \u0130zleme \u00d6rg\u00fct\u00fc&#8217;n\u00fcn \u0130stanbul&#8217;daki ara\u015ft\u0131rmac\u0131lar\u0131nan Emma Sinclair-Webb&#8217;in verdi\u011fi bilgilerin de aktar\u0131ld\u0131\u011f\u0131 makalede, G\u00fclen cemaati ile AK Parti aras\u0131nda muhtemel bir ayr\u0131l\u0131k ya\u015fanaca\u011f\u0131na dair g\u00f6r\u00fc\u015fler yer ald\u0131.<\/p>\n<p style=\"text-align: justify;\">Vela makalesini Ahmet \u015e\u0131k&#8217;\u0131n mahkemedeki savunmas\u0131n\u0131 bitirdi\u011fi, &#8220;Ya biat edecek, ya sessiz kalacak, ya da tutuklanacaks\u0131n\u0131z. Evet, i\u015fte, T\u00fcrkiye&#8217;de iktidarda olan yeni g\u00fc\u00e7 bu&#8221; s\u00f6zleriyle bitirdi.<\/p>\n<p style=\"text-align: justify;\"><a href=\"http:\/\/www.cnnturk.com\/2012\/dunya\/01\/12\/foreign.policy.ahmet.sik.ve.gulen.cemaatini.yazdi\/644510.0\/index.html\" target=\"_blank\">Kaynak : CNN T\u00dcRK\u00a0<\/a><\/p>\n","protected":false},"excerpt":{"rendered":"<p style=\"text-align: center;\">\n<p style=\"text-align: justify;\">ABD&#8217;de yay\u0131mlanan d\u0131\u015f politika ve siyaset dergisi Foreign Policy&#8217;de tutuklu gazeteci Ahmet \u015e\u0131k&#8217;\u0131n durumuna yer verildi. &#8220;Derin devletin parmakl\u0131klar\u0131 ard\u0131nda&#8221; adl\u0131 makalede, &#8220;Ni\u00e7in iktidar tek bir ara\u015ft\u0131rmac\u0131 gazeteciyi susturmakta bu kadar \u0131srarc\u0131 davran\u0131yor?&#8221; denildi.<\/p>\n<p style=\"text-align: justify;\">ABD&#8217;de yay\u0131mlanan d\u0131\u015f politika ve siyaset dergisi Foreign Policy&#8217;de \u00e7\u0131kan Justin Vela imzal\u0131 makalede <\/p>\n","protected":false},"author":1,"featured_media":0,"comment_status":"open","ping_status":"open","sticky":false,"template":"","format":"standard","meta":{"footnotes":""},"categories":[105],"tags":[],"class_list":["post-46079","post","type-post","status-publish","format-standard","hentry","category-gundem","odd"],"_links":{"self":[{"href":"http:\/\/www.korhanyilmaz.com\/index.php?rest_route=\/wp\/v2\/posts\/46079","targetHints":{"allow":["GET"]}}],"collection":[{"href":"http:\/\/www.korhanyilmaz.com\/index.php?rest_route=\/wp\/v2\/posts"}],"about":[{"href":"http:\/\/www.korhanyilmaz.com\/index.php?rest_route=\/wp\/v2\/types\/post"}],"author":[{"embeddable":true,"href":"http:\/\/www.korhanyilmaz.com\/index.php?rest_route=\/wp\/v2\/users\/1"}],"replies":[{"embeddable":true,"href":"http:\/\/www.korhanyilmaz.com\/index.php?rest_route=%2Fwp%2Fv2%2Fcomments&post=46079"}],"version-history":[{"count":0,"href":"http:\/\/www.korhanyilmaz.com\/index.php?rest_route=\/wp\/v2\/posts\/46079\/revisions"}],"wp:attachment":[{"href":"http:\/\/www.korhanyilmaz.com\/index.php?rest_route=%2Fwp%2Fv2%2Fmedia&parent=46079"}],"wp:term":[{"taxonomy":"category","embeddable":true,"href":"http:\/\/www.korhanyilmaz.com\/index.php?rest_route=%2Fwp%2Fv2%2Fcategories&post=46079"},{"taxonomy":"post_tag","embeddable":true,"href":"http:\/\/www.korhanyilmaz.com\/index.php?rest_route=%2Fwp%2Fv2%2Ftags&post=46079"}],"curies":[{"name":"wp","href":"https:\/\/api.w.org\/{rel}","templated":true}]}}