{"id":46071,"date":"2012-01-12T10:15:14","date_gmt":"2012-01-12T08:15:14","guid":{"rendered":"http:\/\/www.korhanyilmaz.com\/?p=46071"},"modified":"2012-01-12T11:40:59","modified_gmt":"2012-01-12T09:40:59","slug":"turkiyeye-supheyle-bakiyorlar","status":"publish","type":"post","link":"http:\/\/www.korhanyilmaz.com\/?p=46071","title":{"rendered":"&#8220;T\u00fcrkiye&#8217;ye \u015f\u00fcpheyle bak\u0131yorlar&#8221;"},"content":{"rendered":"<p style=\"text-align: center;\"><a href=\"http:\/\/www.korhanyilmaz.com\/wp-content\/uploads\/2012\/01\/9008.jpg\"  class=\"lightview\"><img loading=\"lazy\" decoding=\"async\" class=\"aligncenter  wp-image-46072\" src=\"http:\/\/www.korhanyilmaz.com\/wp-content\/uploads\/2012\/01\/9008.jpg\" alt=\"\" width=\"307\" height=\"236\" \/><\/a><\/p>\n<p style=\"text-align: justify;\">Financial Times&#8217;ta yay\u0131mlanan bir haberde, AK Parti&#8217;nin Suriye&#8217;deki M\u00fcsl\u00fcman Karde\u015fler ile \u00e7ok fazla i\u00e7li d\u0131\u015fl\u0131 oldu\u011fu, bu nedenle \u00e7ok say\u0131da Suriyeli muhalif grubun T\u00fcrkiye&#8217;ye \u015f\u00fcpheyle bakt\u0131klar\u0131 ileri s\u00fcr\u00fcld\u00fc.<\/p>\n<p style=\"text-align: justify;\">Haberde, Arap Ligi&#8217;nin ev sahibi olan M\u0131s\u0131r&#8217;\u0131n, Suriye krizinde b\u00fcy\u00fck bir oyuncu haline geldi\u011fi ve Kahire&#8217;nin Esad rejimine kar\u015f\u0131 yeni bir muhalefet merkezi olarak L\u00fcbnan, \u00dcrd\u00fcn ve T\u00fcrkiye&#8217;yi g\u00f6lgede b\u0131rakt\u0131\u011f\u0131 yorumu yap\u0131ld\u0131.<!--more--><\/p>\n<p style=\"text-align: justify;\">Kendi i\u00e7 siyasi \u00e7eki\u015fmelerine saplanm\u0131\u015f olmas\u0131na kar\u015f\u0131n, M\u0131s\u0131r&#8217;daki siyasi ve askeri elitin, Katar ve Suudi Arabistan ile Arap olmayan T\u00fcrkiye ve \u0130ran&#8217;\u0131n b\u00f6lgesel rol\u00fcn\u00fcn artmas\u0131na i\u00e7erledi\u011fini yazan Financial Times&#8217;a g\u00f6re, &#8220;M\u0131s\u0131r sessizce etkisini artt\u0131rman\u0131n tad\u0131n\u0131 \u00e7\u0131kar\u0131yor.&#8221;<\/p>\n<p style=\"text-align: justify;\">T\u00fcrkiye&#8217;nin birka\u00e7 muhalif konferans\u0131na ev sahipli\u011fi yapt\u0131\u011f\u0131n\u0131, Esad&#8217;\u0131n bask\u0131s\u0131ndan ka\u00e7an m\u00fcltecileri iyi kar\u015f\u0131lad\u0131\u011f\u0131n\u0131 ve \u015eam \u00fczerinde ekonomik ve siyasi bask\u0131 uygulad\u0131\u011f\u0131n\u0131n da hat\u0131rlat\u0131ld\u0131\u011f\u0131 haberde, yine de T\u00fcrkiye&#8217;nin Arap\u00e7a konu\u015fmayan bir \u00fclke oldu\u011funa dikkat \u00e7ekiliyor.<\/p>\n<p style=\"text-align: justify;\">Gazeteye g\u00f6re bir\u00e7ok Suriyeli T\u00fcrkiye&#8217;nin \u00fclkeleriyle ilgili g\u00fcndemi konusunda \u015f\u00fcphe duyuyor.<\/p>\n<p style=\"text-align: justify;\">\u00c7ok say\u0131da Suriyeli aktiviste g\u00f6re AK Parti&#8217;nin Suriyeli M\u00fcsl\u00fcman Karde\u015fler ile \u00e7ok fazla i\u00e7li d\u0131\u015fl\u0131 oldu\u011funu yazan gazete, T\u00fcrk ordusunun da Suriye muhalefetinin \u00f6nemli bir unsuru olan K\u00fcrt az\u0131nl\u0131\u011f\u0131n\u0131n isteklerine \u00e7ok d\u00fc\u015fmanca bakt\u0131\u011f\u0131n\u0131 ileri s\u00fcrd\u00fc.<\/p>\n<p style=\"text-align: justify;\">Gazete, Suriyeli k\u00fc\u00e7\u00fck bir muhalif grubun lideri Ahmed Ryad Ganam&#8217;\u0131n \u015fu s\u00f6zlerine yer veriyor:<\/p>\n<p style=\"text-align: justify;\">&#8220;Ben T\u00fcrkiye&#8217;ye gitmeyi reddettim. T\u00fcrklerin Suriye devirimine katk\u0131da bulunaca\u011f\u0131na inanm\u0131yorum. K\u00fcrtler nedeniyle kendi g\u00fcndemleri var. Bizim istedi\u011fimiz federalizmden korkuyorlar. Onlara g\u00f6re bu tehlikeli. M\u0131s\u0131r&#8217;\u0131n ise bir g\u00fcndemi yok.&#8221;<\/p>\n<p style=\"text-align: justify;\"><a href=\"http:\/\/www.cnnturk.com\/2012\/guncel\/01\/12\/turkiyeye.supheyle.bakiyorlar\/644479.0\/index.html\" target=\"_blank\">Kaynak : Metin G\u00fcne\u015f \/ CNN T\u00dcRK \/ Londra<\/a><\/p>\n","protected":false},"excerpt":{"rendered":"<p style=\"text-align: center;\">\n<p style=\"text-align: justify;\">Financial Times&#8217;ta yay\u0131mlanan bir haberde, AK Parti&#8217;nin Suriye&#8217;deki M\u00fcsl\u00fcman Karde\u015fler ile \u00e7ok fazla i\u00e7li d\u0131\u015fl\u0131 oldu\u011fu, bu nedenle \u00e7ok say\u0131da Suriyeli muhalif grubun T\u00fcrkiye&#8217;ye \u015f\u00fcpheyle bakt\u0131klar\u0131 ileri s\u00fcr\u00fcld\u00fc.<\/p>\n<p style=\"text-align: justify;\">Haberde, Arap Ligi&#8217;nin ev sahibi olan M\u0131s\u0131r&#8217;\u0131n, Suriye krizinde b\u00fcy\u00fck bir oyuncu haline geldi\u011fi ve Kahire&#8217;nin Esad rejimine kar\u015f\u0131 yeni <\/p>\n","protected":false},"author":1,"featured_media":0,"comment_status":"open","ping_status":"open","sticky":false,"template":"","format":"standard","meta":{"footnotes":""},"categories":[105],"tags":[],"class_list":["post-46071","post","type-post","status-publish","format-standard","hentry","category-gundem","odd"],"_links":{"self":[{"href":"http:\/\/www.korhanyilmaz.com\/index.php?rest_route=\/wp\/v2\/posts\/46071","targetHints":{"allow":["GET"]}}],"collection":[{"href":"http:\/\/www.korhanyilmaz.com\/index.php?rest_route=\/wp\/v2\/posts"}],"about":[{"href":"http:\/\/www.korhanyilmaz.com\/index.php?rest_route=\/wp\/v2\/types\/post"}],"author":[{"embeddable":true,"href":"http:\/\/www.korhanyilmaz.com\/index.php?rest_route=\/wp\/v2\/users\/1"}],"replies":[{"embeddable":true,"href":"http:\/\/www.korhanyilmaz.com\/index.php?rest_route=%2Fwp%2Fv2%2Fcomments&post=46071"}],"version-history":[{"count":0,"href":"http:\/\/www.korhanyilmaz.com\/index.php?rest_route=\/wp\/v2\/posts\/46071\/revisions"}],"wp:attachment":[{"href":"http:\/\/www.korhanyilmaz.com\/index.php?rest_route=%2Fwp%2Fv2%2Fmedia&parent=46071"}],"wp:term":[{"taxonomy":"category","embeddable":true,"href":"http:\/\/www.korhanyilmaz.com\/index.php?rest_route=%2Fwp%2Fv2%2Fcategories&post=46071"},{"taxonomy":"post_tag","embeddable":true,"href":"http:\/\/www.korhanyilmaz.com\/index.php?rest_route=%2Fwp%2Fv2%2Ftags&post=46071"}],"curies":[{"name":"wp","href":"https:\/\/api.w.org\/{rel}","templated":true}]}}