{"id":46060,"date":"2012-01-11T23:43:23","date_gmt":"2012-01-11T21:43:23","guid":{"rendered":"http:\/\/www.korhanyilmaz.com\/?p=46060"},"modified":"2012-01-12T03:46:38","modified_gmt":"2012-01-12T01:46:38","slug":"haberal-duzenlemesine-onay","status":"publish","type":"post","link":"http:\/\/www.korhanyilmaz.com\/?p=46060","title":{"rendered":"Haberal d\u00fczenlemesine onay"},"content":{"rendered":"<p style=\"text-align: center;\"><a href=\"http:\/\/www.korhanyilmaz.com\/wp-content\/uploads\/2012\/01\/90061.jpg\"  class=\"lightview\"><img loading=\"lazy\" decoding=\"async\" class=\"aligncenter  wp-image-46061\" src=\"http:\/\/www.korhanyilmaz.com\/wp-content\/uploads\/2012\/01\/90061.jpg\" alt=\"\" width=\"276\" height=\"207\" \/><\/a><\/p>\n<p style=\"text-align: justify;\">TBMM Adalet Komisyonu, kamuoyunda &#8220;Haberal yasas\u0131&#8221; olarak bilenen tutuklu ve h\u00fck\u00fcml\u00fclerin a\u011f\u0131r hasta yak\u0131nlar\u0131n\u0131 ziyaret etmesi ile &#8220;\u00d6calan&#8217;a k\u0131s\u0131tlamalar&#8221; getiren kanun tasar\u0131s\u0131n\u0131 kabul etti.<\/p>\n<p style=\"text-align: justify;\">Ankara &#8211; TBMM Adalet Komisyonunda, Ceza ve G\u00fcvenlik Tedbirlerinin \u0130nfaz\u0131 Hakk\u0131nda Kanunda De\u011fi\u015fiklik Yap\u0131lmas\u0131na Dair Kanun Teklifi \u00f6\u011fleden sonrada g\u00f6r\u00fc\u015f\u00fcld\u00fc.<!--more--><\/p>\n<p style=\"text-align: justify;\">Tasar\u0131 \u00fczerine konu\u015fan CHP Ayd\u0131n Milletvekili B\u00fclent Tezcan, su\u00e7 \u00f6rg\u00fctlerini cezaevi i\u00e7inden de d\u0131\u015f\u0131ndan da idare etmenin su\u00e7 oldu\u011funu ifade ederek, &#8220;Ancak bunu engellemek isterken, avukatlar\u0131 su\u00e7lay\u0131c\u0131 bir d\u00fczenleme yapmak yanl\u0131\u015ft\u0131r&#8221; dedi.CHP Mu\u011fla Milletvekili \u00d6mer S\u00fcha Aldan ise &#8220;Bir h\u00fck\u00fcml\u00fcn\u00fcn yak\u0131nlar\u0131 ile g\u00f6r\u00fc\u015fmesini k\u0131s\u0131tlayabilirsiniz ama avukat\u0131 ile g\u00f6r\u00fc\u015fmesini yasaklayamazs\u0131n\u0131z&#8221; diye konu\u015ftu.<\/p>\n<p style=\"text-align: justify;\">G\u00f6r\u00fc\u015fmelerin ard\u0131ndan \u00f6nergelerle baz\u0131 b\u00f6l\u00fcmleri de\u011fi\u015fen tasar\u0131 son \u015fekliyle Adalet Komisyonu&#8217;nca kabul edilerek TBMM Genel Kurulu&#8217;na sevk edildi.<\/p>\n<p style=\"text-align: justify;\">Tasar\u0131ya g\u00f6re, h\u00fck\u00fcml\u00fcn\u00fcn, g\u00f6r\u00fc\u015ft\u00fc\u011f\u00fc ki\u015filer arac\u0131\u011f\u0131yla bir su\u00e7 \u00f6rg\u00fct\u00fcn\u00fcn faaliyetlerine y\u00f6n verdi\u011fi konusunda somut olgular\u0131n tespiti halinde, Cumhuriyet ba\u015fsavc\u0131l\u0131\u011f\u0131n\u0131n istemi ve infaz hakiminin karar\u0131yla, avukat ve di\u011fer ki\u015filerle g\u00f6r\u00fc\u015fmesi 6 aya kadar s\u0131n\u0131rland\u0131r\u0131labilecek. S\u0131n\u0131rlama getirildi\u011fi d\u00f6nemde h\u00fck\u00fcml\u00fcn\u00fcn hukuki deste\u011fini ise T\u00fcrkiye Barolar Birli\u011finin g\u00f6revlendirece\u011fi bir ba\u015fka avukat y\u00fcr\u00fctecek.<\/p>\n<p style=\"text-align: justify;\"><strong>Cenazeye 2 g\u00fcn izin\u00a0<\/strong><\/p>\n<p style=\"text-align: justify;\">A\u011f\u0131rla\u015ft\u0131r\u0131lm\u0131\u015f m\u00fcebbet hapis cezas\u0131na mahkum edilenler hari\u00e7 olmak \u00fczere, ikinci derece dahil kan veya kay\u0131n h\u0131s\u0131mlar\u0131ndan birinin ya da e\u015finin \u00f6l\u00fcm\u00fc nedeniyle cenazesine kat\u0131lmas\u0131 i\u00e7in yol hari\u00e7 2 g\u00fcne kadar izin verilebilecek.<\/p>\n<p style=\"text-align: justify;\">Sa\u011fl\u0131k raporu \u015fart\u0131yla da anne, baba, e\u015f, karde\u015f, \u00e7ocuk ile e\u015finin anne veya babas\u0131n\u0131n &#8220;ya\u015famsal tehlike olu\u015fturacak \u00f6nemli ve a\u011f\u0131r hastal\u0131klar\u0131&#8221; halinde de ziyaret i\u00e7in de yol s\u00fcresi d\u0131\u015f\u0131nda 1 g\u00fcne kadar izin verilebilecek.<\/p>\n<p style=\"text-align: justify;\">\u00d6calan&#8217;\u0131n d\u0131\u015far\u0131da tutuldu\u011fu bu d\u00fczenlemede ayr\u0131ca h\u00fck\u00fcml\u00fcn\u00fcn yurtd\u0131\u015f\u0131na \u00e7\u0131k\u0131\u015f\u0131na da izin verilmeyecek.<\/p>\n<p style=\"text-align: justify;\"><a href=\"http:\/\/www.cumhuriyet.com.tr\/?hn=307052&amp;kw=Haberal+d%FCzenlemesine+onay\" target=\"_blank\">Kaynak : Cumhuriyet Haber Portal\u0131<\/a><\/p>\n","protected":false},"excerpt":{"rendered":"<p style=\"text-align: center;\">\n<p style=\"text-align: justify;\">TBMM Adalet Komisyonu, kamuoyunda &#8220;Haberal yasas\u0131&#8221; olarak bilenen tutuklu ve h\u00fck\u00fcml\u00fclerin a\u011f\u0131r hasta yak\u0131nlar\u0131n\u0131 ziyaret etmesi ile &#8220;\u00d6calan&#8217;a k\u0131s\u0131tlamalar&#8221; getiren kanun tasar\u0131s\u0131n\u0131 kabul etti.<\/p>\n<p style=\"text-align: justify;\">Ankara &#8211; TBMM Adalet Komisyonunda, Ceza ve G\u00fcvenlik Tedbirlerinin \u0130nfaz\u0131 Hakk\u0131nda Kanunda De\u011fi\u015fiklik Yap\u0131lmas\u0131na Dair Kanun Teklifi \u00f6\u011fleden sonrada g\u00f6r\u00fc\u015f\u00fcld\u00fc.<\/p>\n","protected":false},"author":1,"featured_media":0,"comment_status":"open","ping_status":"open","sticky":false,"template":"","format":"standard","meta":{"footnotes":""},"categories":[105],"tags":[],"class_list":["post-46060","post","type-post","status-publish","format-standard","hentry","category-gundem","odd"],"_links":{"self":[{"href":"http:\/\/www.korhanyilmaz.com\/index.php?rest_route=\/wp\/v2\/posts\/46060","targetHints":{"allow":["GET"]}}],"collection":[{"href":"http:\/\/www.korhanyilmaz.com\/index.php?rest_route=\/wp\/v2\/posts"}],"about":[{"href":"http:\/\/www.korhanyilmaz.com\/index.php?rest_route=\/wp\/v2\/types\/post"}],"author":[{"embeddable":true,"href":"http:\/\/www.korhanyilmaz.com\/index.php?rest_route=\/wp\/v2\/users\/1"}],"replies":[{"embeddable":true,"href":"http:\/\/www.korhanyilmaz.com\/index.php?rest_route=%2Fwp%2Fv2%2Fcomments&post=46060"}],"version-history":[{"count":0,"href":"http:\/\/www.korhanyilmaz.com\/index.php?rest_route=\/wp\/v2\/posts\/46060\/revisions"}],"wp:attachment":[{"href":"http:\/\/www.korhanyilmaz.com\/index.php?rest_route=%2Fwp%2Fv2%2Fmedia&parent=46060"}],"wp:term":[{"taxonomy":"category","embeddable":true,"href":"http:\/\/www.korhanyilmaz.com\/index.php?rest_route=%2Fwp%2Fv2%2Fcategories&post=46060"},{"taxonomy":"post_tag","embeddable":true,"href":"http:\/\/www.korhanyilmaz.com\/index.php?rest_route=%2Fwp%2Fv2%2Ftags&post=46060"}],"curies":[{"name":"wp","href":"https:\/\/api.w.org\/{rel}","templated":true}]}}