{"id":4606,"date":"2009-03-03T16:53:24","date_gmt":"2009-03-03T14:53:24","guid":{"rendered":"http:\/\/www.korhanyilmaz.com\/?p=4606"},"modified":"2009-03-03T16:53:24","modified_gmt":"2009-03-03T14:53:24","slug":"odtululer-gokceke-tepki-icin-oturma-eylemi-yapti","status":"publish","type":"post","link":"http:\/\/www.korhanyilmaz.com\/?p=4606","title":{"rendered":"ODT\u00dc&#039;l\u00fcler G\u00f6k\u00e7ek&#039;e tepki i\u00e7in oturma eylemi yapt\u0131"},"content":{"rendered":"<p style=\"text-align: center;\"><img loading=\"lazy\" decoding=\"async\" class=\"aligncenter size-full wp-image-4607\" title=\"ODT\u00dc'l\u00fcler G\u00f6k\u00e7ek'e tepki i\u00e7in oturma eylemi yapt\u0131 \" src=\"http:\/\/www.korhanyilmaz.com\/wp-content\/uploads\/2009\/03\/fft5_mf129849.jpeg\" alt=\"ODT\u00dc'l\u00fcler G\u00f6k\u00e7ek'e tepki i\u00e7in oturma eylemi yapt\u0131 \" width=\"365\" height=\"249\" \/><\/p>\n<p style=\"text-align: justify;\"><strong>Vatanda\u015flar alk\u0131\u015flarla eyleme destek verdi.<\/strong><\/p>\n<p style=\"text-align: justify;\">ANKARA B\u00fcy\u00fck\u015fehir Belediye Ba\u015fkan\u0131 Melih G\u00f6k\u00e7ek&#8217;in uygulamalar\u0131n\u0131 ele\u015ftiren Orta Do\u011fu Teknik \u00dcniversitesi&#8217;nden (ODT\u00dc) bir grup \u00f6\u011frenci, b\u00fcy\u00fck\u015fehir belediye binas\u0131 \u00f6n\u00fcnde pankart a\u00e7arak oturma eylemi yapt\u0131. \u00d6\u011frenciler, G\u00f6k\u00e7ek&#8217;le g\u00f6r\u00fc\u015fene kadar herg\u00fcn saat 14.00&#8217;te oturma eylemlerine devam edeceklerini s\u00f6yledi.<!--more--><br \/>\nB\u00fcy\u00fck\u015fehir Belediye binas\u0131 \u00f6n\u00fcnde \u00f6\u011fle saatlerinde bir araya gelen ODT\u00dc \u00f6\u011frencisi bir grup, \u2018ODT\u00dc n\u00f6bette G\u00f6k\u00e7ek nerede&#8217;, \u2018Ula\u015f\u0131m \u00e7ok pahal\u0131, okula nas\u0131l gidelim?&#8217;, \u2018\u0130\u00e7irdi\u011fin zehirli sular yetmedi mi?&#8217; ve \u2018Is\u0131nam\u0131yoruz, do\u011falgaz zamm\u0131 geri al\u0131ns\u0131n&#8217; pankartlar\u0131 a\u00e7arak oturma eylemi yapt\u0131. Polis ekiplerin geni\u015f g\u00fcvenlik \u00f6nlemleri alt\u0131nda eylem yapan \u00f6\u011frencilere \u00e7evredeki vatanda\u015flar da alk\u0131\u015flarla destek verdi. Daha \u00f6nce ODT\u00dc&#8217;n\u00fcn baz\u0131 binalar\u0131n\u0131n ka\u00e7ak oldu\u011funu ve y\u0131kaca\u011f\u0131n\u0131 s\u00f6yleyen G\u00f6k\u00e7ek&#8217;in bu s\u00f6zlerine at\u0131fta bulunan \u00f6\u011frencilerin, \u2018ODT\u00dc&#8217;y\u00fc y\u0131k\u0131p Disneyland m\u0131 yapacaks\u0131n?&#8217; pankart\u0131 a\u00e7malar\u0131 dikkat \u00e7ekti.<\/p>\n<p style=\"text-align: justify;\">Burada bir a\u00e7\u0131klama yapan \u00f6\u011frenciler, Melih G\u00f6k\u00e7ek&#8217;in gitme vaktinin geldi\u011fini s\u00f6yleyerek, &#8220;15 y\u0131ld\u0131r bizi, Ankara&#8217;l\u0131y\u0131 \u00f6\u011frenciyi s\u00f6m\u00fcren G\u00f6k\u00e7ek gitsin art\u0131k. Melih G\u00f6k\u00e7ek, ula\u015f\u0131ma, do\u011falgaza yapt\u0131\u011f\u0131 zamlarla e\u011fitim hakk\u0131m\u0131z\u0131 engelliyor. Suyumuza g\u00f6z dikmi\u015f, bizi zehirlemi\u015fti. Bunlar yetmezmi\u015f gibi \u2018ODT\u00dc&#8217;y\u00fc y\u0131kar\u0131m&#8217; dedi. O arazilerin hepsi benim, siz i\u015fgalcisiniz demi\u015fti. T\u0131pk\u0131 Dikmen Vadisi&#8217;ndeki, Mamak&#8217;taki yoksul halka s\u00f6yledi\u011fi gibi. Bug\u00fcn ODT\u00dc&#8217;l\u00fcler olarak bu binan\u0131n \u00f6n\u00fcndeyiz. \u00d6fkemiz ge\u00e7medi\u011fi i\u00e7in, hakk\u0131m\u0131z yendi\u011fi i\u00e7in, g\u00f6z\u00fcm\u00fcz\u00fcn i\u00e7ine baka baka yalan s\u00f6yledi\u011fi i\u00e7in. ODT\u00dc&#8217;n\u00fcn n\u00f6beti ba\u015fl\u0131yor bug\u00fcn ve G\u00f6k\u00e7ek&#8217;in kap\u0131s\u0131nda bekliyoruz. Gelip bizi dinlemeden de gitmeyece\u011fiz&#8221; dedi.<br \/>\nOturma eylemlerini yakla\u015f\u0131k 4 saat s\u00fcrd\u00fcrd\u00fckten sonra da\u011f\u0131lan \u00f6\u011frenciler, Melih G\u00f6k\u00e7ek&#8217;le g\u00f6r\u00fc\u015fene kadar herg\u00fcn saat 14.00&#8217;te oturma eylemlerine devam edeceklerini s\u00f6yledi.<\/p>\n<p><span style=\"color: #888888;\">DHA<\/span><\/p>\n","protected":false},"excerpt":{"rendered":"<p style=\"text-align: center;\">\n<p style=\"text-align: justify;\">Vatanda\u015flar alk\u0131\u015flarla eyleme destek verdi.<\/p>\n<p style=\"text-align: justify;\">ANKARA B\u00fcy\u00fck\u015fehir Belediye Ba\u015fkan\u0131 Melih G\u00f6k\u00e7ek&#8217;in uygulamalar\u0131n\u0131 ele\u015ftiren Orta Do\u011fu Teknik \u00dcniversitesi&#8217;nden (ODT\u00dc) bir grup \u00f6\u011frenci, b\u00fcy\u00fck\u015fehir belediye binas\u0131 \u00f6n\u00fcnde pankart a\u00e7arak oturma eylemi yapt\u0131. \u00d6\u011frenciler, G\u00f6k\u00e7ek&#8217;le g\u00f6r\u00fc\u015fene kadar herg\u00fcn saat 14.00&#8217;te oturma eylemlerine devam edeceklerini s\u00f6yledi.<\/p>\n","protected":false},"author":1,"featured_media":0,"comment_status":"open","ping_status":"closed","sticky":false,"template":"","format":"standard","meta":{"footnotes":""},"categories":[105],"tags":[],"class_list":["post-4606","post","type-post","status-publish","format-standard","hentry","category-gundem","odd"],"_links":{"self":[{"href":"http:\/\/www.korhanyilmaz.com\/index.php?rest_route=\/wp\/v2\/posts\/4606","targetHints":{"allow":["GET"]}}],"collection":[{"href":"http:\/\/www.korhanyilmaz.com\/index.php?rest_route=\/wp\/v2\/posts"}],"about":[{"href":"http:\/\/www.korhanyilmaz.com\/index.php?rest_route=\/wp\/v2\/types\/post"}],"author":[{"embeddable":true,"href":"http:\/\/www.korhanyilmaz.com\/index.php?rest_route=\/wp\/v2\/users\/1"}],"replies":[{"embeddable":true,"href":"http:\/\/www.korhanyilmaz.com\/index.php?rest_route=%2Fwp%2Fv2%2Fcomments&post=4606"}],"version-history":[{"count":0,"href":"http:\/\/www.korhanyilmaz.com\/index.php?rest_route=\/wp\/v2\/posts\/4606\/revisions"}],"wp:attachment":[{"href":"http:\/\/www.korhanyilmaz.com\/index.php?rest_route=%2Fwp%2Fv2%2Fmedia&parent=4606"}],"wp:term":[{"taxonomy":"category","embeddable":true,"href":"http:\/\/www.korhanyilmaz.com\/index.php?rest_route=%2Fwp%2Fv2%2Fcategories&post=4606"},{"taxonomy":"post_tag","embeddable":true,"href":"http:\/\/www.korhanyilmaz.com\/index.php?rest_route=%2Fwp%2Fv2%2Ftags&post=4606"}],"curies":[{"name":"wp","href":"https:\/\/api.w.org\/{rel}","templated":true}]}}