{"id":46055,"date":"2012-01-09T18:05:20","date_gmt":"2012-01-09T16:05:20","guid":{"rendered":"http:\/\/www.korhanyilmaz.com\/?p=46055"},"modified":"2012-01-12T03:41:20","modified_gmt":"2012-01-12T01:41:20","slug":"konya-milletvekili-kart-turkiye-kanun-devleti-olmaktan-da-uzaklasmistir","status":"publish","type":"post","link":"http:\/\/www.korhanyilmaz.com\/?p=46055","title":{"rendered":"Konya Milletvekili Kart: \u201cT\u00fcrkiye \u2018Kanun Devleti\u2019 olmaktan da uzakla\u015fm\u0131\u015ft\u0131r.\u201d"},"content":{"rendered":"<p style=\"text-align: center;\"><a href=\"http:\/\/www.korhanyilmaz.com\/wp-content\/uploads\/2012\/01\/9005.jpg\"  class=\"lightview\"><img loading=\"lazy\" decoding=\"async\" class=\"aligncenter  wp-image-46056\" src=\"http:\/\/www.korhanyilmaz.com\/wp-content\/uploads\/2012\/01\/9005.jpg\" alt=\"\" width=\"278\" height=\"211\" \/><\/a><\/p>\n<p style=\"text-align: justify;\">Konya Milletvekili Atilla Kart; T\u00fcrkiye\u2019nin \u2018Kanun Devleti\u2019 olmaktan uzakla\u015ft\u0131\u011f\u0131n\u0131 belirterek, Yarg\u0131tay Cumhuriyet Ba\u015fsavc\u0131l\u0131\u011f\u0131\u2019n\u0131n Re\u2019sen harekete ge\u00e7mesi gerekti\u011fini s\u00f6yledi. Konya Milletvekili Kart\u2019\u0131n a\u00e7\u0131klamas\u0131 \u015f\u00f6yle: \u201cAKP \u0130ktidar\u0131yla birlikte, T\u00fcrkiye, nisbi olarak mevcut olan Hukuk Devleti yap\u0131lanmas\u0131ndan h\u0131zla uzakla\u015fm\u0131\u015ft\u0131r.\u00a0<!--more--><\/p>\n<p style=\"text-align: justify;\">T\u00fcrkiye art\u0131k bir Kanun Devleti bile de\u011fildir. 12 Eyl\u00fcl 2010 referandumuyla kabul edilen Anayasa h\u00fck\u00fcmleri, \u201cH\u00fck\u00fcmetin Ajan\u0131\u201d anlay\u0131\u015f\u0131yla g\u00f6rev yapan soru\u015fturma mercileri taraf\u0131ndan ayaklar alt\u0131na al\u0131nabilmektedir.<\/p>\n<p style=\"text-align: justify;\">\u00d6zel Yetkili Savc\u0131l\u0131k Mekanizmalar\u0131, Yarg\u0131tay Cumhuriyet Ba\u015fsavc\u0131l\u0131\u011f\u0131n\u0131n g\u00f6rev ve yetki alan\u0131n\u0131 gasp ederek, asl\u0131nda Do\u011fal Yarg\u0131\u00e7 ilkesini de ayaklar alt\u0131na almaktad\u0131r. Yarg\u0131tay Cumhuriyet Ba\u015fsavc\u0131l\u0131\u011f\u0131 ise bu m\u00fcdahaleyi seyretmektedir.<\/p>\n<p style=\"text-align: justify;\">Siyasi iktidar\u0131n yaratt\u0131\u011f\u0131 fa\u015fizan iklimin ka\u00e7\u0131n\u0131lmaz sonu\u00e7lar\u0131n\u0131 T\u00fcrkiye ya\u015f\u0131yor. Bu s\u00fcre\u00e7 ile birlikte T\u00fcrkiye\u2019nin her anlamda ayr\u0131\u015ft\u0131\u011f\u0131n\u0131, kutupla\u015ft\u0131\u011f\u0131n\u0131 g\u00f6r\u00fcyoruz. Yine bu s\u00fcre\u00e7 ile birlikte r\u00f6van\u015f ve intikam yakla\u015f\u0131mlar\u0131yla, Yarg\u0131\u2019n\u0131n istihbarat yoluyla siyaset i\u00e7in ara\u00e7 olarak kullan\u0131ld\u0131\u011f\u0131 g\u00f6r\u00fclmektedir.<\/p>\n<p style=\"text-align: justify;\">Ki\u015filer yanl\u0131\u015f yapabilir, su\u00e7 i\u015fleyebilir. \u00d6nemli olan, bu gibi durumlarda hukukun i\u015flemesidir. \u00dclkemizde ise, hukuk i\u015flemedi\u011fi gibi, mevcut kanunlar bile art\u0131k uygulanamaz hale gelmi\u015ftir. \u201cToptan ve G\u00f6t\u00fcr\u00fc\u201d yarg\u0131lamalar yap\u0131lmaktad\u0131r.<\/p>\n<p style=\"text-align: justify;\">Bu b\u00fcy\u00fck foto\u011fraf \u00e7er\u00e7evesinde olaylar ve s\u00fcre\u00e7 irdelenmelidir. T\u00fcrkiye\u2019yi bu yolla ayr\u0131\u015ft\u0131ran ve m\u00fcstemleke bir \u00fclke haline getiren AKP \u0130ktidar\u0131n\u0131n ger\u00e7ek karakteristi\u011fini, Halk\u0131m\u0131z\u0131n demokratik yollardan de\u015fifre edece\u011fine olan inanc\u0131m\u0131z\u0131 hi\u00e7bir zaman kaybetmeden, bu ger\u00e7ekleri bundan b\u00f6yle de anlatmaya devam edece\u011fiz.\u201d<\/p>\n<p style=\"text-align: justify;\"><a href=\"http:\/\/www.chp.org.tr\/?p=56444\" target=\"_blank\">Kaynak : chp.org.tr<\/a><\/p>\n","protected":false},"excerpt":{"rendered":"<p style=\"text-align: center;\">\n<p style=\"text-align: justify;\">Konya Milletvekili Atilla Kart; T\u00fcrkiye\u2019nin \u2018Kanun Devleti\u2019 olmaktan uzakla\u015ft\u0131\u011f\u0131n\u0131 belirterek, Yarg\u0131tay Cumhuriyet Ba\u015fsavc\u0131l\u0131\u011f\u0131\u2019n\u0131n Re\u2019sen harekete ge\u00e7mesi gerekti\u011fini s\u00f6yledi. Konya Milletvekili Kart\u2019\u0131n a\u00e7\u0131klamas\u0131 \u015f\u00f6yle: \u201cAKP \u0130ktidar\u0131yla birlikte, T\u00fcrkiye, nisbi olarak mevcut olan Hukuk Devleti yap\u0131lanmas\u0131ndan h\u0131zla uzakla\u015fm\u0131\u015ft\u0131r. <\/p>\n","protected":false},"author":1,"featured_media":0,"comment_status":"open","ping_status":"open","sticky":false,"template":"","format":"standard","meta":{"footnotes":""},"categories":[105],"tags":[164],"class_list":["post-46055","post","type-post","status-publish","format-standard","hentry","category-gundem","tag-atilla-kart","odd"],"_links":{"self":[{"href":"http:\/\/www.korhanyilmaz.com\/index.php?rest_route=\/wp\/v2\/posts\/46055","targetHints":{"allow":["GET"]}}],"collection":[{"href":"http:\/\/www.korhanyilmaz.com\/index.php?rest_route=\/wp\/v2\/posts"}],"about":[{"href":"http:\/\/www.korhanyilmaz.com\/index.php?rest_route=\/wp\/v2\/types\/post"}],"author":[{"embeddable":true,"href":"http:\/\/www.korhanyilmaz.com\/index.php?rest_route=\/wp\/v2\/users\/1"}],"replies":[{"embeddable":true,"href":"http:\/\/www.korhanyilmaz.com\/index.php?rest_route=%2Fwp%2Fv2%2Fcomments&post=46055"}],"version-history":[{"count":0,"href":"http:\/\/www.korhanyilmaz.com\/index.php?rest_route=\/wp\/v2\/posts\/46055\/revisions"}],"wp:attachment":[{"href":"http:\/\/www.korhanyilmaz.com\/index.php?rest_route=%2Fwp%2Fv2%2Fmedia&parent=46055"}],"wp:term":[{"taxonomy":"category","embeddable":true,"href":"http:\/\/www.korhanyilmaz.com\/index.php?rest_route=%2Fwp%2Fv2%2Fcategories&post=46055"},{"taxonomy":"post_tag","embeddable":true,"href":"http:\/\/www.korhanyilmaz.com\/index.php?rest_route=%2Fwp%2Fv2%2Ftags&post=46055"}],"curies":[{"name":"wp","href":"https:\/\/api.w.org\/{rel}","templated":true}]}}