{"id":46052,"date":"2012-01-12T08:02:14","date_gmt":"2012-01-12T06:02:14","guid":{"rendered":"http:\/\/www.korhanyilmaz.com\/?p=46052"},"modified":"2012-01-12T02:06:34","modified_gmt":"2012-01-12T00:06:34","slug":"onbasi","status":"publish","type":"post","link":"http:\/\/www.korhanyilmaz.com\/?p=46052","title":{"rendered":"Onba\u015f\u0131"},"content":{"rendered":"<div id=\"attachment_37365\" style=\"width: 115px\" class=\"wp-caption alignright\"><img loading=\"lazy\" decoding=\"async\" aria-describedby=\"caption-attachment-37365\" class=\" wp-image-37365 \" title=\"Y\u0131lmaz \u00d6zdil - H\u00fcrriyet Gazetesi\" src=\"http:\/\/www.korhanyilmaz.com\/wp-content\/uploads\/2011\/07\/257.jpg\" alt=\"\" width=\"105\" height=\"112\" \/><p id=\"caption-attachment-37365\" class=\"wp-caption-text\">Y\u0131lmaz \u00d6zdil<\/p><\/div>\n<p style=\"text-align: justify;\">\u00c7anakkale destan\u0131n\u0131 \u201conba\u015f\u0131\u201d r\u00fctbesindeki Seyit sayesinde yazmam\u0131za ra\u011fmen, \u201conba\u015f\u0131\u201d s\u0131fat\u0131 neden hakaret olarak alg\u0131lan\u0131yor, hakikaten anlamak m\u00fcmk\u00fcn de\u011fil&#8230; \u00dcstelik ilk de de\u011fil.<\/p>\n<p style=\"text-align: justify;\">Taa 2003 senesinde, \u015feriat\u00e7\u0131 gazete \u201conba\u015f\u0131 olamayacaklar\u0131n general oldu\u011fu \u00fclke\u201d filan diye yazm\u0131\u015f&#8230;<br \/>\nKara, Hava, Deniz, Jandarma komutanlar\u0131n\u0131n aralar\u0131nda bulundu\u011fu<br \/>\n312 general tazminat davas\u0131 a\u00e7m\u0131\u015ft\u0131.<\/p>\n<p style=\"text-align: justify;\">312.<br \/>\nAnkara\u2019n\u0131n telefon kodu gibiydi.<!--more--><\/p>\n<p style=\"text-align: justify;\">O davay\u0131 a\u00e7an&#8230;<br \/>\nKara Kuvvetleri Komutan\u0131<br \/>\n\u015e\u00fcpheli \u015fah\u0131s.<br \/>\nHava Kuvvetleri Komutan\u0131<br \/>\nTutukland\u0131.<br \/>\nDeniz Kuvvetleri Komutan\u0131<br \/>\nTutukland\u0131.<br \/>\nJandarma Genel Komutan\u0131<br \/>\nTutukland\u0131.<\/p>\n<p style=\"text-align: justify;\">Sonradan Genelkurmay Ba\u015fkan\u0131 olan Orgeneral \u0130lker Ba\u015fbu\u011f davac\u0131lardand\u0131.<br \/>\nBi telefon&#8230; Tutukland\u0131.<\/p>\n<p style=\"text-align: justify;\">Ordu, kolordu, donanma, g\u00fcney deniz, kuzey deniz, sahil g\u00fcvenlik, denizalt\u0131, istihbarat, harp akademileri, e\u011fitim doktrin, harita, lojistik, hatta o davay\u0131<br \/>\na\u00e7an adli m\u00fc\u015favir&#8230; Komple i\u00e7erde.<\/p>\n<p style=\"text-align: justify;\">\u201cKasaptaki ete so\u011fan do\u011framam\u201d ilkesine ba\u011fl\u0131 olan dava a\u00e7mad\u0131&#8230; Y\u0131rtt\u0131.<\/p>\n<p style=\"text-align: justify;\">Bu \u00e7er\u00e7evede, \u201conba\u015f\u0131\u201d diyene dava a\u00e7maya haz\u0131rlanan Genelkurmay\u2019\u0131n durumunu hi\u00e7 iyi g\u00f6rm\u00fcyorum&#8230; \u015eeriat\u00e7\u0131\u2019ya dava a\u00e7anlar\u0131n hali buysa, b\u00f6l\u00fcc\u00fc\u2019ye dava a\u00e7anlara kimbilir n\u2019olur.<\/p>\n<p style=\"text-align: justify;\"><a href=\"http:\/\/www.hurriyet.com.tr\/yazarlar\/19663502.asp\" target=\"_blank\">Kaynak : H\u00fcrriyet.com.tr<\/a><\/p>\n","protected":false},"excerpt":{"rendered":"<p id=\"caption-attachment-37365\" class=\"wp-caption-text\">Y\u0131lmaz \u00d6zdil<\/p>\n<p style=\"text-align: justify;\">\u00c7anakkale destan\u0131n\u0131 \u201conba\u015f\u0131\u201d r\u00fctbesindeki Seyit sayesinde yazmam\u0131za ra\u011fmen, \u201conba\u015f\u0131\u201d s\u0131fat\u0131 neden hakaret olarak alg\u0131lan\u0131yor, hakikaten anlamak m\u00fcmk\u00fcn de\u011fil&#8230; \u00dcstelik ilk de de\u011fil.<\/p>\n<p style=\"text-align: justify;\">Taa 2003 senesinde, \u015feriat\u00e7\u0131 gazete \u201conba\u015f\u0131 olamayacaklar\u0131n general oldu\u011fu \u00fclke\u201d filan diye yazm\u0131\u015f&#8230; Kara, Hava, Deniz, Jandarma komutanlar\u0131n\u0131n aralar\u0131nda bulundu\u011fu 312 general tazminat davas\u0131 a\u00e7m\u0131\u015ft\u0131.<\/p>\n","protected":false},"author":1,"featured_media":0,"comment_status":"open","ping_status":"open","sticky":false,"template":"","format":"standard","meta":{"footnotes":""},"categories":[16],"tags":[30],"class_list":["post-46052","post","type-post","status-publish","format-standard","hentry","category-kose-yazilari","tag-yilmaz-ozdil","odd"],"_links":{"self":[{"href":"http:\/\/www.korhanyilmaz.com\/index.php?rest_route=\/wp\/v2\/posts\/46052","targetHints":{"allow":["GET"]}}],"collection":[{"href":"http:\/\/www.korhanyilmaz.com\/index.php?rest_route=\/wp\/v2\/posts"}],"about":[{"href":"http:\/\/www.korhanyilmaz.com\/index.php?rest_route=\/wp\/v2\/types\/post"}],"author":[{"embeddable":true,"href":"http:\/\/www.korhanyilmaz.com\/index.php?rest_route=\/wp\/v2\/users\/1"}],"replies":[{"embeddable":true,"href":"http:\/\/www.korhanyilmaz.com\/index.php?rest_route=%2Fwp%2Fv2%2Fcomments&post=46052"}],"version-history":[{"count":0,"href":"http:\/\/www.korhanyilmaz.com\/index.php?rest_route=\/wp\/v2\/posts\/46052\/revisions"}],"wp:attachment":[{"href":"http:\/\/www.korhanyilmaz.com\/index.php?rest_route=%2Fwp%2Fv2%2Fmedia&parent=46052"}],"wp:term":[{"taxonomy":"category","embeddable":true,"href":"http:\/\/www.korhanyilmaz.com\/index.php?rest_route=%2Fwp%2Fv2%2Fcategories&post=46052"},{"taxonomy":"post_tag","embeddable":true,"href":"http:\/\/www.korhanyilmaz.com\/index.php?rest_route=%2Fwp%2Fv2%2Ftags&post=46052"}],"curies":[{"name":"wp","href":"https:\/\/api.w.org\/{rel}","templated":true}]}}