{"id":46050,"date":"2012-01-11T08:02:54","date_gmt":"2012-01-11T06:02:54","guid":{"rendered":"http:\/\/www.korhanyilmaz.com\/?p=46050"},"modified":"2012-01-12T02:02:49","modified_gmt":"2012-01-12T00:02:49","slug":"teflon-millet","status":"publish","type":"post","link":"http:\/\/www.korhanyilmaz.com\/?p=46050","title":{"rendered":"Teflon millet"},"content":{"rendered":"<div id=\"attachment_37365\" style=\"width: 115px\" class=\"wp-caption alignright\"><img loading=\"lazy\" decoding=\"async\" aria-describedby=\"caption-attachment-37365\" class=\" wp-image-37365 \" title=\"Y\u0131lmaz \u00d6zdil - H\u00fcrriyet Gazetesi\" src=\"http:\/\/www.korhanyilmaz.com\/wp-content\/uploads\/2011\/07\/257.jpg\" alt=\"\" width=\"105\" height=\"112\" \/><p id=\"caption-attachment-37365\" class=\"wp-caption-text\">Y\u0131lmaz \u00d6zdil<\/p><\/div>\n<p style=\"text-align: justify;\">Tutuklanan Genelkurmay Ba\u015fkan\u0131 hapse g\u00f6t\u00fcr\u00fcl\u00fcrken \u201ctakdir y\u00fcce T\u00fcrk milletinin\u201d dedi ya&#8230; Uzun s\u00fcredir duydu\u011fum en \u201cdemokratik\u201d tespitti bu.<\/p>\n<p style=\"text-align: justify;\">\u00c7\u00fcnk\u00fc, iddia edilenin aksine \u201cantidemokratik\u201d de\u011fildir olan biten, gayet \u201cdemokratik\u201dtir. Genelkurmay Ba\u015fkan\u0131\u2019n\u0131 \u201cter\u00f6rist\u201d diye i\u00e7eri t\u0131kan irade&#8230; Bizzat y\u00fcce T\u00fcrk milletidir.<\/p>\n<p>*<\/p>\n<p style=\"text-align: justify;\">Mesela \u201cduble yol yapt\u0131klar\u0131 i\u00e7in, avanta sa\u011fl\u0131k hizmeti sunduklar\u0131 i\u00e7in bunlara oy verdim ama, Genelkurmay Ba\u015fkan\u0131\u2019n\u0131n i\u00e7eri t\u0131k\u0131lmas\u0131n\u0131 do\u011fru bulmuyorum\u201d diyemezsin&#8230; \u201cBedelli askerlik \u015fahane ama, muhalefet liderini tutuklamaya \u00e7al\u0131\u015fmalar\u0131 yanl\u0131\u015f\u201d diyemeyece\u011fin gibi.<!--more--><\/p>\n<p style=\"text-align: justify;\">*<\/p>\n<p style=\"text-align: justify;\">Vay efendim, b\u00f6yle olsun istememi\u015ftim, ne bileydim ben filan&#8230; Yok \u00f6yle!<\/p>\n<p>*<\/p>\n<p style=\"text-align: justify;\">Biri senin sayendeyse&#8230;<br \/>\n\u00d6b\u00fcr\u00fc de sayende.<\/p>\n<p>*<\/p>\n<p style=\"text-align: justify;\">Demokrasi denilen&#8230; Sadece lay\u0131k oldu\u011fun \u015fekilde y\u00f6netilmek de\u011fildir. Papa\u011fan gibi \u201cher millet lay\u0131k oldu\u011fu \u015fekilde y\u00f6netilir\u201d derler. Devam\u0131n\u0131 s\u00f6ylemezler&#8230; Devam\u0131 \u015f\u00f6yledir: \u201cVe her millet, icraat\u0131na tahamm\u00fcl etti\u011fi y\u00f6netimin mesuliyetine ortakt\u0131r.\u201d<\/p>\n<p>*<\/p>\n<p style=\"text-align: justify;\">Azmettirensin.<br \/>\nS\u0131yr\u0131lamazs\u0131n.<\/p>\n<p>*<\/p>\n<p style=\"text-align: justify;\">T\u0131pk\u0131&#8230; Hukuku bu hale getiren sar\u0131 \u00e7izmeli Mehmet a\u011fa olmad\u0131\u011f\u0131na g\u00f6re, Ba\u015fbakan\u0131m\u0131z\u0131n \u015fimdi \u00e7\u0131k\u0131p \u201ctutuksuz yarg\u0131lanmas\u0131n\u0131 arzu ediyoruz\u201d diyerek, s\u0131yr\u0131lamayaca\u011f\u0131 gibi.<\/p>\n<p>*<\/p>\n<p style=\"text-align: justify;\">Veya&#8230; Genelkurmay Ba\u015fkan\u0131\u2019na \u201cter\u00f6ristba\u015f\u0131\u201d denildi\u011finde g\u0131k\u0131 bile \u00e7\u0131kmazken, Genelkurmay Ba\u015fkan\u0131\u2019na \u201conba\u015f\u0131\u201d denildi\u011finde, derhal hakaret davas\u0131 a\u00e7an ikiy\u00fczl\u00fc zihniyet gibi.<br \/>\nG\u00fclerler adama.<\/p>\n<p>*<\/p>\n<p style=\"text-align: justify;\">\u0130stedi\u011fin kadar, \u00fcst\u00fcne yap\u0131\u015fmas\u0131n<br \/>\ndiye teflon tava ayaklar\u0131na yat&#8230;<br \/>\nTencere dibin kara.<\/p>\n<p>*<\/p>\n<p style=\"text-align: justify;\">\u0130yi\u2019si seninse&#8230;<br \/>\nK\u00f6t\u00fc\u2019s\u00fc de.<br \/>\n\u0130lelebet&#8230;<br \/>\nOrtaks\u0131n bu vebale.<\/p>\n<p style=\"text-align: justify;\"><a href=\"http:\/\/www.hurriyet.com.tr\/yazarlar\/19653372.asp?yazarid=249\" target=\"_blank\">Kaynak : H\u00fcrriyet.com.tr<\/a><\/p>\n","protected":false},"excerpt":{"rendered":"<p id=\"caption-attachment-37365\" class=\"wp-caption-text\">Y\u0131lmaz \u00d6zdil<\/p>\n<p style=\"text-align: justify;\">Tutuklanan Genelkurmay Ba\u015fkan\u0131 hapse g\u00f6t\u00fcr\u00fcl\u00fcrken \u201ctakdir y\u00fcce T\u00fcrk milletinin\u201d dedi ya&#8230; Uzun s\u00fcredir duydu\u011fum en \u201cdemokratik\u201d tespitti bu.<\/p>\n<p style=\"text-align: justify;\">\u00c7\u00fcnk\u00fc, iddia edilenin aksine \u201cantidemokratik\u201d de\u011fildir olan biten, gayet \u201cdemokratik\u201dtir. Genelkurmay Ba\u015fkan\u0131\u2019n\u0131 \u201cter\u00f6rist\u201d diye i\u00e7eri t\u0131kan irade&#8230; Bizzat y\u00fcce T\u00fcrk milletidir.<\/p>\n<p>*<\/p>\n<p style=\"text-align: justify;\">Mesela \u201cduble yol yapt\u0131klar\u0131 i\u00e7in, <\/p>\n","protected":false},"author":1,"featured_media":0,"comment_status":"open","ping_status":"open","sticky":false,"template":"","format":"standard","meta":{"footnotes":""},"categories":[16],"tags":[30],"class_list":["post-46050","post","type-post","status-publish","format-standard","hentry","category-kose-yazilari","tag-yilmaz-ozdil","odd"],"_links":{"self":[{"href":"http:\/\/www.korhanyilmaz.com\/index.php?rest_route=\/wp\/v2\/posts\/46050","targetHints":{"allow":["GET"]}}],"collection":[{"href":"http:\/\/www.korhanyilmaz.com\/index.php?rest_route=\/wp\/v2\/posts"}],"about":[{"href":"http:\/\/www.korhanyilmaz.com\/index.php?rest_route=\/wp\/v2\/types\/post"}],"author":[{"embeddable":true,"href":"http:\/\/www.korhanyilmaz.com\/index.php?rest_route=\/wp\/v2\/users\/1"}],"replies":[{"embeddable":true,"href":"http:\/\/www.korhanyilmaz.com\/index.php?rest_route=%2Fwp%2Fv2%2Fcomments&post=46050"}],"version-history":[{"count":0,"href":"http:\/\/www.korhanyilmaz.com\/index.php?rest_route=\/wp\/v2\/posts\/46050\/revisions"}],"wp:attachment":[{"href":"http:\/\/www.korhanyilmaz.com\/index.php?rest_route=%2Fwp%2Fv2%2Fmedia&parent=46050"}],"wp:term":[{"taxonomy":"category","embeddable":true,"href":"http:\/\/www.korhanyilmaz.com\/index.php?rest_route=%2Fwp%2Fv2%2Fcategories&post=46050"},{"taxonomy":"post_tag","embeddable":true,"href":"http:\/\/www.korhanyilmaz.com\/index.php?rest_route=%2Fwp%2Fv2%2Ftags&post=46050"}],"curies":[{"name":"wp","href":"https:\/\/api.w.org\/{rel}","templated":true}]}}