{"id":46034,"date":"2012-01-11T14:37:21","date_gmt":"2012-01-11T12:37:21","guid":{"rendered":"http:\/\/www.korhanyilmaz.com\/?p=46034"},"modified":"2012-01-12T00:41:18","modified_gmt":"2012-01-11T22:41:18","slug":"kilicdaroglu-bunlar-viz-gelir-tiris-gider","status":"publish","type":"post","link":"http:\/\/www.korhanyilmaz.com\/?p=46034","title":{"rendered":"K\u0131l\u0131\u00e7daro\u011flu: Bunlar v\u0131z gelir t\u0131r\u0131s gider"},"content":{"rendered":"<p style=\"text-align: center;\"><a href=\"http:\/\/www.korhanyilmaz.com\/wp-content\/uploads\/2012\/01\/9004.jpg\"  class=\"lightview\"><img loading=\"lazy\" decoding=\"async\" class=\"aligncenter  wp-image-46035\" src=\"http:\/\/www.korhanyilmaz.com\/wp-content\/uploads\/2012\/01\/9004.jpg\" alt=\"\" width=\"384\" height=\"207\" \/><\/a><\/p>\n<p style=\"text-align: justify;\">CHP Genel Ba\u015fkan\u0131 Kemal K\u0131l\u0131\u00e7daro\u011flu, &#8220;Bizi konu\u015fturmuyorlar, siz hi\u00e7 meraklanmay\u0131n biz sonuna kadar konu\u015faca\u011f\u0131z, biz sonuna kadar m\u00fccadele edece\u011fiz. \u00d6yle fezleke gelmi\u015f, fezleke gitmi\u015f bunlar v\u0131z gelir t\u0131r\u0131s ge\u00e7er. Yeri zaman\u0131 gelirse, s\u00f6z\u00fcm var bu millete, yeri zaman\u0131 gelirse hapse girmekten de korkmam&#8221; dedi.<!--more--><\/p>\n<p style=\"text-align: justify;\">Genel Ba\u015fkan Kemal K\u0131l\u0131\u00e7daro\u011flu ATO Toplant\u0131 Salonu\u2019nda ger\u00e7ekle\u015ftirilen T\u00fcrkiye Ziraat\u00e7\u0131lar Derne\u011fi 11. Ulusal Tar\u0131m Ve G\u0131da Kongresi\u2019nde konu\u015ftu. T\u00fcrkiye\u2019nin sorunlar\u0131 \u00e7ok ve &#8220;demokrasisinde kalite eksikli\u011fi&#8221; olan bir \u00fclke oldu\u011funu ifade eden K\u0131l\u0131\u00e7daro\u011flu, kendisinin T\u00fcrkiye\u2019nin her taraf\u0131n\u0131 gezdi\u011fini ve toplumun hangi kesimine gittiyse sorunlu bir alan\u0131n bulundu\u011funu belirtti. Demokrasinin, bilin\u00e7li bir halk kitlesinin, kendi sorunlar\u0131na ve \u00fclkenin sorunlar\u0131na sahip \u00e7\u0131kmas\u0131 demek oldu\u011funu kaydeden K\u0131l\u0131\u00e7daro\u011flu, &#8220;E\u011fer bizler \u00f6nce kendi sorunlar\u0131m\u0131za, sonra \u00fclkenin sorunlar\u0131n sahip \u00e7\u0131karsak ve bu sorunlar\u0131 \u00e7\u00f6zecek iradeye gidip oy verirsek bilin ki o \u00fclkede demokrasi vard\u0131r, i\u015fin \u00f6z\u00fc budur arkada\u015flar&#8221; dedi.<\/p>\n<p style=\"text-align: justify;\">TEKEL i\u015f\u00e7ilerinin eylemlerini hat\u0131rlatarak o eylemlere herkesin destek verdi\u011fini, ancak sendikal\u0131 bir grubun kendi arkada\u015flar\u0131na ihanet etti\u011fini ifade eden K\u0131l\u0131\u00e7daro\u011flu, &#8220;Allah a\u015fk\u0131na eylem yapan 4C i\u015f\u00e7ilerine e\u011fer bir grup sendikal\u0131 arkada\u015f destek vermiyorsa, orada demokrasi yok demektir&#8221; dedi. \u015eeker Fabrikalar\u0131 i\u015f\u00e7ilerinin de \u00f6zelle\u015ftirmelere kar\u015f\u0131 \u00e7\u0131kt\u0131\u011f\u0131n\u0131, ancak ba\u015fta T\u00fcrk-\u0130\u015f olmak \u00fczere herkesin seyretti\u011fini s\u00f6yleyen K\u0131l\u0131\u00e7daro\u011flu, &#8220;G\u00fczel bir slogan vard\u0131r; \u2018susma sustuk\u00e7a s\u0131ra sana gelecek\u2019 diye. Hep sustular, s\u0131ra kendilerine gelince eylem yapt\u0131lar ama d\u00f6n\u00fcp bakt\u0131lar ki kendilerini destekleyecek i\u015f\u00e7i kitlesi de kalmam\u0131\u015f&#8221; dedi.<\/p>\n<p style=\"text-align: justify;\"><strong>-&#8220;B\u0130Z \u0130\u015e\u00c7\u0130YE, \u0130\u015e\u00c7\u0130 AKP\u2019YE SAH\u0130P \u00c7IKIYOR&#8221;-\u00a0<\/strong><\/p>\n<p style=\"text-align: justify;\">Kamuda sendikal\u0131 230 bin i\u015f\u00e7inin kald\u0131\u011f\u0131n\u0131, ta\u015feron i\u00e7\u00e7ilerin ise neredeyse 2 milyon oldu\u011funu belirten K\u0131l\u0131\u00e7daro\u011flu, &#8220;Onlar\u0131n hakk\u0131na bir sahip \u00e7\u0131k\u0131yoruz, i\u015f\u00e7ilerin hakk\u0131na da biz sahip \u00e7\u0131k\u0131yoruz ama onlar da AKP\u2019ye sahip \u00e7\u0131k\u0131yorlar, \u2018bizim sonumuzu getirdiniz\u2019 diye. Bunu anlamakta zorlan\u0131yorum&#8221; diye konu\u015ftu. Demokrasinin, sorunlar\u0131 \u00e7\u00f6zmeyi taahh\u00fct partiye oy vermek oldu\u011funu, ancak bunun yap\u0131lmad\u0131\u011f\u0131n\u0131 s\u00f6yleyen K\u0131l\u0131\u00e7daro\u011flu, &#8220;Biz bunu yapm\u0131yoruz, sorun da buradan ba\u015fl\u0131yor, demokrasideki kalitesizlik de buradan ba\u015fl\u0131yor. O nedenle sizden iste\u011fim; illa \u2018hepiniz gelin CHP\u2019ye oy verin\u2019 diye bir talebim yok. Talebim \u015fu; sizin sorunlar\u0131n\u0131z\u0131 \u00e7\u00f6zme karal\u0131l\u0131\u011f\u0131nda olan bir parti varsa, buna inan\u0131yorsan\u0131z g\u00f6r\u00fc\u015f\u00fcn\u00fcz\u00fc de\u011fi\u015ftirin, o partiye gidip oy verin, \u20184 y\u0131l deneyece\u011fim, bakal\u0131m bunlar \u00e7\u00f6z\u00fcyor mu, \u00e7\u00f6zm\u00fcyor mu\u2019 deyin. Biz bunu yapm\u0131yoruz. Yapmamam\u0131z gereken ilk i\u015flerden biri bu&#8221; dedi.<\/p>\n<p style=\"text-align: justify;\"><strong>-\u0130\u015e\u00c7\u0130LERE &#8220;AYA\u011eA KALKIN&#8221; \u00c7A\u011eRISI-\u00a0<\/strong><\/p>\n<p style=\"text-align: justify;\">Tar\u0131mla ilgili olarak da &#8220;m\u00fccadele eden biziz, eylemleri yapan biziz&#8221; diyen K\u0131l\u0131\u00e7daro\u011flu, &#8220;Alt\u0131n\u0131 \u00e7iziyorum i\u015f\u00e7iler de\u011fil, CHP\u2019liler. Eylem yap\u0131yoruz, dava a\u00e7\u0131yoruz, kanun \u00e7\u0131kar\u0131yorlar, Anayasa Mahkemesi\u2019ne gidiyoruz. Anayasa Mahkemesi iptal ediyor, bir daha kanun \u00e7\u0131kar\u0131yorlar, bir daha m\u00fccadele ediyoruz. D\u00f6n\u00fcp geriye bak\u0131yoruz, e bizim i\u015f\u00e7ilerimiz ba\u015fka bir yerde, olmaz. Olmaz birbirimizi kand\u0131rmayaca\u011f\u0131z. Bize oy vermeseniz de biz sizin hakk\u0131n\u0131z\u0131 savunmayaca\u011f\u0131z ama ba\u015ftan birbirimize destek vermezsek kusura bakmay\u0131n sizin sorunlar\u0131n \u00e7\u00f6z\u00fclmez&#8221; diye konu\u015ftu.<\/p>\n<p style=\"text-align: justify;\">&#8220;Geni\u015f d\u00fc\u015f\u00fcnece\u011fiz, gelece\u011fimizi d\u00fc\u015f\u00fcnece\u011fiz, ufkumuzu de\u011fi\u015ftirece\u011fiz, d\u00fcnya nereye, \u00fclke nereye gidiyor oraya bakaca\u011f\u0131z&#8221; diyen K\u0131l\u0131\u00e7daro\u011flu, T\u00fcrkiye\u2019nin iyi y\u00f6netilemedi\u011fini ifade ederken, &#8220;A\u00e7l\u0131ktan \u00e7ocuklar \u00f6l\u00fcyor, Afrika m\u0131 buras\u0131? A\u00e7l\u0131ktan gaziler \u00f6l\u00fcyor. Ki\u015fi ba\u015f\u0131na d\u00fc\u015fen gelir 10 bin dolara \u00e7\u0131kt\u0131ysa 50 lira i\u00e7in insan hayat\u0131n\u0131 niye riske edip gidip Kuzey Irak\u2019tan ka\u00e7ak mazot, ka\u00e7ak sigaray\u0131 getirsin. \u015eu soruyu kendinize sorun; AKP iktidara geldi\u011finde ka\u00e7ak sigara sorunu var m\u0131yd\u0131? Yoktu. \u015eimdi var neden sigaray\u0131 pahal\u0131la\u015ft\u0131rd\u0131n\u0131z, vergi koydunuz. D\u0131\u015far\u0131da daha ucuz. Kom\u015fular\u0131m\u0131zdan baz\u0131 \u00fclkeler orada fabrika kurmu\u015flar, T\u00fcrkiye\u2019ye satmak i\u00e7in. Sonu\u00e7ta siz i\u015fsiz kal\u0131yorsunuz. Sizin hakk\u0131n\u0131z\u0131 bir savunuyoruz ama sizler de \u2018AKP nas\u0131l iktidarda kal\u0131r\u2019 diye ayr\u0131 bir kayg\u0131 i\u00e7indesiniz. Bir yanl\u0131\u015fl\u0131k var bu i\u015fte, bu demokrasi oyununda bir yanl\u0131\u015fl\u0131k var. Bir ak\u0131l tutulmas\u0131 var. Art\u0131k aya\u011fa kalkman\u0131n zaman\u0131d\u0131r&#8221; diye konu\u015ftu. \u0130\u015f\u00e7ilere &#8220;hakk\u0131n\u0131z\u0131 aray\u0131n&#8221; \u00e7a\u011fr\u0131s\u0131n\u0131 yineleyen K\u0131l\u0131\u00e7daro\u011flu, &#8220;Nas\u0131l arayacak, y\u00fcr\u00fcyerek arayacak, demokrasilerde b\u00f6yledir. Yoksa gidin, \u2018cam, \u00e7er\u00e7eve k\u0131r\u0131n\u2019 dedi\u011fimiz yok&#8221; dedi.<\/p>\n<p style=\"text-align: justify;\">Bas\u0131n \u00fczerinde de bask\u0131lar oldu\u011funu, siyasi iktidar\u0131n ele\u015ftiriye tahamm\u00fcl edemedi\u011fini belirten K\u0131l\u0131\u00e7daro\u011flu, &#8220;Ele\u015ftiri demokrasilerin vazge\u00e7ilmez kural\u0131d\u0131r. Ele\u015ftiriden siyaset adam\u0131 ders almak zorundad\u0131r. Beni en iyi dostum beni ele\u015ftiren ki\u015fidir&#8221; dedi.<\/p>\n<p style=\"text-align: justify;\"><strong>-&#8220;BEN AD\u0130L YARGILAMAYI ETK\u0130L\u0130YORMU\u015eUM, HANG\u0130 AD\u0130L YARGILAMA ALLAH A\u015eKINA?&#8221;-\u00a0<\/strong><\/p>\n<p style=\"text-align: justify;\">Konu\u015fmas\u0131nda hakk\u0131ndaki fezlekeye i\u015faret eden K\u0131l\u0131\u00e7daro\u011flu, &#8220;Ben adil yarg\u0131lamay\u0131 etkiliyormu\u015fum, adil bir yarg\u0131lama varm\u0131\u015f bu \u00fclkede, ben konu\u015farak o adil yarg\u0131lamay\u0131 etkiliyormu\u015fum. Hangi adil yarg\u0131lama Allah a\u015fk\u0131na? Siyasi otoritenin emrinde olan bir yarg\u0131 adil yarg\u0131lama yapabilir mi? S\u0131k\u0131y\u00f6netim mahkemeleri adil yarg\u0131lama yapabilir mi? Devlet g\u00fcvenlik mahkemeleri adil yarg\u0131lama yapabilir mi? \u00d6zel yetkili mahkemeler adil yarg\u0131lama yapabilir mi? Bana bir tane demokratik \u00fclke g\u00f6sterin \u00f6zel yetkili mahkemesi olan, yok bir \u015fey. Bas\u0131lmam\u0131\u015f kitap, daha bas\u0131lacak, imhas\u0131na karar veriyorsunuz. \u0130nsaf ya, insaf hangi \u00e7a\u011fda ya\u015f\u0131yoruz. Samimi s\u00f6yl\u00fcyorum, Kenan Evren bile bunu yapamad\u0131. Nas\u0131l bir demokrasi anlay\u0131\u015f\u0131. Onun i\u00e7in bizim tablolar\u0131 yeniden g\u00f6zden ge\u00e7irmemiz laz\u0131m. Durumumuzu yeniden g\u00f6zden ge\u00e7irmemiz laz\u0131m. Halka yak\u0131n, halk\u0131yla kucakla\u015fan halk\u0131n terini koklayan insana bizim gitmemiz laz\u0131m, onunla beraber olmam\u0131z laz\u0131m&#8221; diye konu\u015ftu.<\/p>\n<p style=\"text-align: justify;\"><strong>-&#8220;K\u0130MSE B\u0130ZE D\u0130Z \u00c7\u00d6KT\u00dcREMEZ&#8221;-\u00a0<\/strong><\/p>\n<p style=\"text-align: justify;\">Van\u2019\u0131n kurtulu\u015f t\u00f6renlerine gitti\u011fi s\u0131rada, burada bir yarg\u0131\u00e7la Van Valisinin odas\u0131nda sohbet etti\u011fini belirten K\u0131l\u0131\u00e7daro\u011flu, yarg\u0131c\u0131n anlatt\u0131\u011f\u0131na g\u00f6re Van\u2019da insanlar\u0131n mazot ka\u00e7ak\u00e7\u0131l\u0131\u011f\u0131n\u0131 ka\u00e7ak\u00e7\u0131l\u0131k olarak g\u00f6r\u00fclmedi\u011fini, duru\u015fmada \u2018mesle\u011fin ne\u2019 diye soruldu\u011funda \u2018mazot\u00e7uyum\u2019 dedi\u011fini ifade etti. K\u0131l\u0131\u00e7daro\u011flu, &#8220;\u0130\u015fsizlik bu haldeyken, yoksulluk bu haldeyken ne yaps\u0131n adam, ne yapt\u0131k sonunda g\u00f6nderdik u\u00e7aklar\u0131m\u0131z\u0131 35 ki\u015fiyi imha ettik. D\u00fcn bir a\u00e7\u0131klama geldi, 35 de\u011fil 34\u2019m\u00fc\u015f. Nas\u0131l bir devlet y\u00f6netimi? Yeniden \u015fapkam\u0131z\u0131 \u00f6n\u00fcm\u00fcze koyup d\u00fc\u015f\u00fcnmek zorunday\u0131z. Bu \u00fclkenin sa\u011fl\u0131\u011f\u0131 i\u00e7in, bu \u00fclkenin gelece\u011fi ve en \u00f6nemlisi \u00e7ocuklar\u0131m\u0131z\u0131n gelece\u011fi i\u00e7in&#8221; dedi. K\u0131l\u0131\u00e7daro\u011flu \u015f\u00f6yle devam etti:<\/p>\n<p style=\"text-align: justify;\">&#8220;Bizi konu\u015fturmuyorlar, siz hi\u00e7 meraklanmay\u0131n biz sonuna kadar konu\u015faca\u011f\u0131z, biz sonuna kadar m\u00fccadele edece\u011fiz. \u00d6yle fezleke gelmi\u015f, fezleke gitmi\u015f bunlar v\u0131z gelir t\u0131r\u0131s ge\u00e7er. Yeri zaman\u0131 gelirse, s\u00f6z\u00fcm var bu millete, yeri zaman\u0131 gelirse hapse girmekten de korkmam. Yeter ki bu \u00fclkede halk\u0131n ayn\u0131nda olmay\u0131 s\u00fcrd\u00fcrelim. Bunu s\u00fcrd\u00fc\u011f\u00fcm\u00fcz s\u00fcrece hi\u00e7 \u00e7ekinmeyece\u011fiz, kimse bize diz \u00e7\u00f6kt\u00fcremez, kimse bize bir \u015feyleri empoze edemez, diz \u00e7\u00f6kece\u011fimiz yer halk\u0131n kar\u015f\u0131s\u0131d\u0131r, \u00f6n\u00fcnde e\u011filece\u011fimiz yer bu millettir.&#8221;<\/p>\n<p style=\"text-align: justify;\">Tutuklu milletvekillerinin durumuna da tepki g\u00f6steren K\u0131l\u0131\u00e7daro\u011flu, bunun T\u00fcrkiye\u2019de demokrasinin tam sa\u011flanamad\u0131\u011f\u0131n\u0131 g\u00f6sterdi\u011fini ifade ederken, &#8220;Biz \u2018bunlar yarg\u0131lanmas\u0131n\u2019 demiyoruz, yarg\u0131lanabiliriler, davalar\u0131 devam edebilir, dokunulmazl\u0131klar\u0131 zaten yok, \u2018olsun\u2019 da demiyoruz, g\u00f6rev yapmalar\u0131 engellenmesin diyoruz. Bunlar\u0131n g\u00f6rev yapmalar\u0131 milli iradenin bir gere\u011fidir ama bu olmuyor&#8221; dedi. K\u0131l\u0131\u00e7daro\u011flu yeni Anayasa \u00e7al\u0131\u015fmalar\u0131na da de\u011finirken, y\u00fczde 10 se\u00e7im baraj\u0131n\u0131n bir demokrasi ay\u0131b\u0131 oldu\u011funu, alt hukuk normlar\u0131n\u0131n de\u011fi\u015ftirilmesi gerekti\u011fini vurgulad\u0131.<\/p>\n<p style=\"text-align: justify;\"><a href=\"http:\/\/siyaset.milliyet.com.tr\/kilicdaroglu-bunlar-viz-gelir-tiris-gider\/siyaset\/siyasetdetay\/11.01.2012\/1487521\/default.htm\" target=\"_blank\">Kaynak : Milliyet.com.tr<\/a><\/p>\n","protected":false},"excerpt":{"rendered":"<p style=\"text-align: center;\">\n<p style=\"text-align: justify;\">CHP Genel Ba\u015fkan\u0131 Kemal K\u0131l\u0131\u00e7daro\u011flu, &#8220;Bizi konu\u015fturmuyorlar, siz hi\u00e7 meraklanmay\u0131n biz sonuna kadar konu\u015faca\u011f\u0131z, biz sonuna kadar m\u00fccadele edece\u011fiz. \u00d6yle fezleke gelmi\u015f, fezleke gitmi\u015f bunlar v\u0131z gelir t\u0131r\u0131s ge\u00e7er. Yeri zaman\u0131 gelirse, s\u00f6z\u00fcm var bu millete, yeri zaman\u0131 gelirse hapse girmekten de korkmam&#8221; dedi.<\/p>\n","protected":false},"author":1,"featured_media":0,"comment_status":"open","ping_status":"open","sticky":false,"template":"","format":"standard","meta":{"footnotes":""},"categories":[105],"tags":[],"class_list":["post-46034","post","type-post","status-publish","format-standard","hentry","category-gundem","odd"],"_links":{"self":[{"href":"http:\/\/www.korhanyilmaz.com\/index.php?rest_route=\/wp\/v2\/posts\/46034","targetHints":{"allow":["GET"]}}],"collection":[{"href":"http:\/\/www.korhanyilmaz.com\/index.php?rest_route=\/wp\/v2\/posts"}],"about":[{"href":"http:\/\/www.korhanyilmaz.com\/index.php?rest_route=\/wp\/v2\/types\/post"}],"author":[{"embeddable":true,"href":"http:\/\/www.korhanyilmaz.com\/index.php?rest_route=\/wp\/v2\/users\/1"}],"replies":[{"embeddable":true,"href":"http:\/\/www.korhanyilmaz.com\/index.php?rest_route=%2Fwp%2Fv2%2Fcomments&post=46034"}],"version-history":[{"count":0,"href":"http:\/\/www.korhanyilmaz.com\/index.php?rest_route=\/wp\/v2\/posts\/46034\/revisions"}],"wp:attachment":[{"href":"http:\/\/www.korhanyilmaz.com\/index.php?rest_route=%2Fwp%2Fv2%2Fmedia&parent=46034"}],"wp:term":[{"taxonomy":"category","embeddable":true,"href":"http:\/\/www.korhanyilmaz.com\/index.php?rest_route=%2Fwp%2Fv2%2Fcategories&post=46034"},{"taxonomy":"post_tag","embeddable":true,"href":"http:\/\/www.korhanyilmaz.com\/index.php?rest_route=%2Fwp%2Fv2%2Ftags&post=46034"}],"curies":[{"name":"wp","href":"https:\/\/api.w.org\/{rel}","templated":true}]}}