{"id":46030,"date":"2012-01-11T16:31:59","date_gmt":"2012-01-11T14:31:59","guid":{"rendered":"http:\/\/www.korhanyilmaz.com\/?p=46030"},"modified":"2012-01-12T00:35:12","modified_gmt":"2012-01-11T22:35:12","slug":"bakan-kilic-ince-ayar-yok","status":"publish","type":"post","link":"http:\/\/www.korhanyilmaz.com\/?p=46030","title":{"rendered":"Bakan K\u0131l\u0131\u00e7: &#8220;\u0130nce ayar yok&#8221;"},"content":{"rendered":"<p style=\"text-align: justify;\"><a href=\"http:\/\/www.korhanyilmaz.com\/wp-content\/uploads\/2012\/01\/9003.jpg\"  class=\"lightview\"><img loading=\"lazy\" decoding=\"async\" class=\"aligncenter size-full wp-image-46031\" title=\"\" src=\"http:\/\/www.korhanyilmaz.com\/wp-content\/uploads\/2012\/01\/9003.jpg\" alt=\"\" width=\"313\" height=\"136\" \/><\/a><\/p>\n<p style=\"text-align: justify;\">Gen\u00e7lik ve Spor Bakan\u0131 Suat K\u0131l\u0131\u00e7, Trabzonspor Kul\u00fcb\u00fc Ba\u015fkan\u0131 Sadri \u015eener ve Fenerbah\u00e7e Kul\u00fcb\u00fc Ba\u015fkan Vekili Nihat \u00d6zdemir&#8217;i ayr\u0131 ayr\u0131 makam\u0131nda kabul etti. K\u0131l\u00e7 yapt\u0131\u011f\u0131 a\u00e7\u0131klamada \u015fampiyonluk kupas\u0131n\u0131n Trabzonspor&#8217;a verilmesi i\u00e7in ince ayar veya bir \u00e7al\u0131\u015fma yap\u0131lmad\u0131\u011f\u0131n\u0131 s\u00f6yledi.\u00a0<!--more--><\/p>\n<p style=\"text-align: justify;\">Bakan Suat K\u0131l\u0131\u00e7, Sadri \u015eener&#8217;i kabul\u00fcnden sonra yapt\u0131\u011f\u0131 a\u00e7\u0131klamada, ge\u00e7en hafta T\u00fcrkiye genelinde stadyum yap\u0131lacak illerle ilgili d\u00fc\u015f\u00fcncelerini ve protokol haz\u0131rl\u0131klar\u0131n\u0131 kamuoyuna a\u00e7\u0131klad\u0131klar\u0131n\u0131 belirterek, &#8220;Stadyum protokol\u00fc, en \u00f6nce imza alt\u0131na al\u0131nd\u0131\u011f\u0131 halde yap\u0131m noktas\u0131nda maalesef en sona kalan illerimizden bir tanesi Trabzon oldu. Hepimizin bildi\u011fi gibi, yarg\u0131da ya\u015fanan problemler nedeniyle gecikti. oysa ki Akyaz\u0131 projesi sadece Trabzon kentinin de\u011fil, Karadeniz&#8217;in bekledi\u011fi bir simge, bir eser olarak Trabzon ilimize kazand\u0131r\u0131lmas\u0131 d\u00fc\u015f\u00fcn\u00fclen bir projedir.<\/p>\n<p style=\"text-align: justify;\">Say\u0131n Ba\u015fbakan\u0131m\u0131z ba\u015fta olmak \u00fczere h\u00fck\u00fcmetimizin tamam\u0131 Akyaz\u0131 projesini Trabzonspor&#8217;a ve Trabzon&#8217;a kazand\u0131rmak y\u00f6n\u00fcnde bir arzu i\u00e7erisindedir. Ge\u00e7ti\u011fimiz g\u00fcnlerde a\u00e7\u0131klad\u0131\u011f\u0131m\u0131z protokoller aras\u0131nda Trabzon protokol\u00fc de var. Biz Trabzon Akyaz\u0131 projesini yarg\u0131daki engellerin kalkmas\u0131yla birlikte h\u0131zland\u0131rmaya karar vermi\u015f bulunuyoruz.<\/p>\n<p style=\"text-align: justify;\">Say\u0131n \u015eener&#8217;in bug\u00fcnk\u00fc ziyareti Akyaz\u0131 Projesi&#8217;nin takvimi ve h\u0131zland\u0131r\u0131lmas\u0131 s\u00fcrecine y\u00f6neliktir. Bu ziyaret vesilesiyle t\u00fcm Trabzon halk\u0131na ve Trabzonspor camias\u0131na da bunu duyuruyor ve ilan ediyoruz. Akyaz\u0131 projesini olabildi\u011fince h\u0131zl\u0131 bir \u015fekilde tamamlayaca\u011f\u0131z ve Trabzon kenti de yeni, modern uluslararas\u0131 standartlara yak\u0131\u015fan ve uyan bir stadyuma kavu\u015fmu\u015f olacak. \u015eimdiden Akyaz\u0131 Projesi Trabzon ve Trabzonspor&#8217;a hay\u0131rl\u0131, u\u011furlu olsun diyorum. Bu konuyla ilgili ad\u0131mlar bundan sonra daha h\u0131zl\u0131 devam ettirilecek ve vaatlerimiz aras\u0131nda olan bu prestijli eser Karadeniz B\u00f6lgesi&#8217;ne kazand\u0131r\u0131lacak&#8221; diye konu\u015ftu.<\/p>\n<p style=\"text-align: justify;\">Spor Toto S\u00fcper Lig&#8217;de \u015fampiyonluk tac\u0131n\u0131 kazanan 5 kul\u00fcp oldu\u011funu hat\u0131rlatan Bakan K\u0131l\u0131\u00e7, s\u00f6zlerini \u015f\u00f6yle s\u00fcrd\u00fcrd\u00fc:<\/p>\n<p style=\"text-align: justify;\">&#8220;Bu kul\u00fcplerimiz Galatasaray, Fenerbah\u00e7e, Be\u015fikta\u015f, Trabzonspor ve Bursaspor. Bursa&#8217;n\u0131n protokol\u00fc yap\u0131ld\u0131, stadyumu belediye in\u015fa edecek. Fenerbah\u00e7e stadyumu bize ait olan arazi \u00fczerinde Fenerbah\u00e7e kul\u00fcb\u00fc taraf\u0131ndan in\u015fa edildi. Yine Galatasaray&#8217;\u0131n kullan\u0131m\u0131na tahsis etti\u011fimiz T\u00fcrk Telekom Arena Stadyumu tamamen bizim taraf\u0131m\u0131zdan devlet arazisi \u00fczerinde yap\u0131ld\u0131, m\u00fclkiyeti bakanl\u0131\u011f\u0131m\u0131z\u0131n, kullan\u0131m hakk\u0131 tamamen Galatasaray&#8217;a verilmi\u015f durumda. \u015eimdi Trabzon&#8217;un meselesi Akyaz\u0131 projesiyle birlikte \u00e7\u00f6z\u00fcme kavu\u015fuyor. Be\u015fikta\u015f&#8217;\u0131n stadyum ihtiyac\u0131n\u0131 da ayn\u0131 \u015fekilde s\u00fcrece dahil ettik ve Be\u015fikta\u015f camias\u0131n\u0131,taraftar\u0131na ve tarihine yak\u0131\u015fan bir stadyuma kavu\u015fturmak arzusunday\u0131z. Bu y\u00f6ndeki \u00e7al\u0131\u015fmalara devam ediliyor.&#8221;<\/p>\n<p style=\"text-align: justify;\"><strong>-\u015eampiyonluk kupas\u0131-\u00a0<\/strong><\/p>\n<p style=\"text-align: justify;\">Bakan Suat K\u0131l\u0131\u00e7, &#8220;\u015eampiyonluk kupas\u0131n\u0131n Trabzonspor&#8217;a verilmesi y\u00f6n\u00fcndeki beklentileri nas\u0131l kar\u015f\u0131l\u0131yorsunuz?&#8221; y\u00f6n\u00fcndeki bir soruya, &#8220;T\u00fcrk futbolunu ayakta tutmaya veya futbol \u00fczerindeki g\u00f6lgeleri kald\u0131rmaya gayret ediyoruz. Yarg\u0131ya getirilen konular\u0131 yarg\u0131, federasyonun yetkisine giren konular\u0131 federasyon \u00e7\u00f6zer. Ba\u015f\u0131ndan itibaren b\u00fct\u00fcn enerjimizi bu noktaya yo\u011funla\u015ft\u0131rd\u0131k. Siyaseti, yarg\u0131da olan dosyalara da federasyonun elinde olan dosyalara da dahil etmemeye b\u00fcy\u00fck gayret g\u00f6sterdik. \u0130nce ayar veya bu y\u00f6nde bir \u00e7al\u0131\u015fma i\u00e7erisinde asla de\u011filiz.<\/p>\n<p style=\"text-align: justify;\">Bu y\u00f6ndeki a\u00e7\u0131klamalar\u0131m\u0131z\u0131 da sizlerle payla\u015ft\u0131k. Bu konuda bizim a\u00e7\u0131klamalar\u0131m\u0131z\u0131 dikkate alman\u0131z\u0131 \u00f6neriyorum. Kesinlikle s\u00fcre\u00e7 tamamen yarg\u0131 ve T\u00fcrkiye Futbol Federasyonu taraf\u0131ndan y\u00f6netilmekte olan s\u00fcre\u00e7tir. Kupan\u0131n sahipli\u011fi konusunda siyasetin bir s\u00f6z s\u00f6ylemesi, kesinlikle s\u00fcrecin hassasiyetleri ile ba\u011fda\u015fmaz. Bu s\u00fcre\u00e7te esas\u0131nda takdir edilmesi gereken iki de\u011fer oldu\u011funa inan\u0131yorum. Bu de\u011ferlerden bir tanesi Fenerbah\u00e7e camias\u0131 ve taraftar\u0131d\u0131r. Di\u011feri ise Trabzonspor camias\u0131 ve taraftar\u0131d\u0131r. Yap\u0131lan yorumlar\u0131n yanl\u0131\u015fl\u0131\u011f\u0131na ra\u011fmen, yap\u0131lan yay\u0131nlar\u0131n \u00fcretti\u011fi gerginli\u011fe ra\u011fmen, iki kul\u00fcb\u00fcm\u00fcz\u00fcn \u00e7ok sayg\u0131n taraftar camialar\u0131 hi\u00e7bir \u015fekilde akl\u0131selimi kaybetmeden bug\u00fcnlere kadar sa\u011flam, sa\u011fl\u0131kl\u0131 akl\u0131 ba\u015f\u0131nda gelmeyi ba\u015farm\u0131\u015flard\u0131r. T\u00fcrk futbol tarihi Fenerbah\u00e7e ve Trabzonspor&#8217;un taraftar camialar\u0131n\u0131 gelecekte takdir edecektir&#8221; yan\u0131t\u0131n\u0131 verdi.<\/p>\n<p style=\"text-align: justify;\"><strong>-Genel kurul-\u00a0<\/strong><\/p>\n<p style=\"text-align: justify;\">Bakan Suat K\u0131l\u0131\u00e7, 26 Ocak&#8217;ta ger\u00e7ekle\u015ftirilecek Futbol Federasyonu Ola\u011fan\u00fcst\u00fc Genel Kurulu \u00f6ncesi spor kamuoyuna da bir \u00e7a\u011fr\u0131da bulunarak, \u015f\u00f6yle konu\u015ftu:<\/p>\n<p style=\"text-align: justify;\">&#8220;Trib\u00fcnlerde baz\u0131 istenmeyen hadiseler olmu\u015f ve baz\u0131 sarf edilmemesi gereken s\u00f6zc\u00fckler sarf edilmi\u015f olabililir. E\u011fer ki T\u00fcrk futbolunun aya\u011fa kalkmas\u0131na katk\u0131 vermek iradesiyle hareket ediyorsak, bunlar\u0131n hepsini, hepimizin unutmaya haz\u0131r olmas\u0131 ve kar\u015f\u0131l\u0131kl\u0131 olarak bunlar\u0131 bir kenara atmam\u0131z laz\u0131m. Say\u0131n \u015eener, ya da bir ba\u015fka kul\u00fcp ba\u015fkan\u0131yla 26 Ocak&#8217;taki genel kurulda ne konu\u015fulaca\u011f\u0131 \u00fczerine fikir al\u0131\u015fveri\u015finde bulunmam\u0131z do\u011fru olmaz. \u00d6zerklikle ba\u011fda\u015fmaz. Kald\u0131 ki UEFA bu konuda \u00e7ok hassas bir kurum. Bizim ba\u015f\u0131ndan itibaren g\u00f6zetti\u011fimiz bir denge var.<\/p>\n<p style=\"text-align: justify;\">T\u00fcrk futbolu kendi sorunlar\u0131n\u0131 kendisi \u00e7\u00f6zs\u00fcn, sorunlar\u0131n\u0131 \u00e7\u00f6zerken Kul\u00fcpler Birli\u011fi yap\u0131s\u0131n\u0131 demokratik bir tart\u0131\u015fma ortam\u0131 olarak kullans\u0131n, T\u00fcrkiye Futbol Federasyonu zeminini de demokratik bir tart\u0131\u015fma ortam\u0131 olarak ele almaya devam etsin. Herkes konuya bu \u00e7er\u00e7eveden yakla\u015f\u0131rsa \u00e7ok daha rahat hareket edebiliriz. Bu s\u00fcre\u00e7te kul\u00fcpler ve kul\u00fcp ba\u015fkanlar\u0131 da zorluklar \u00e7ekiyor. O zaman hepimize d\u00fc\u015fen, gerekirse bir ad\u0131m geri atmak, akl\u0131selimi bir ka\u00e7 ad\u0131m \u00f6ne \u00e7\u0131karmak olmal\u0131d\u0131r.&#8221;<\/p>\n<p style=\"text-align: justify;\">Kul\u00fcp ba\u015fkanlar\u0131n\u0131n mali konularda yard\u0131m taleplerini nas\u0131l de\u011ferlendirdi\u011fi y\u00f6n\u00fcndeki bir ba\u015fka soruya ise Bakan K\u0131l\u0131\u00e7, &#8220;Ben kul\u00fcplerin mali konudaki taleplerini art\u0131k g\u00f6r\u00fc\u015fme konusu olarak g\u00f6rm\u00fcyorum. Her g\u00f6r\u00fc\u015fmede bunlar az ya da \u00e7ok g\u00fcndeme gelen konular zaten. Bug\u00fcn i\u00e7in bu konunun detaylar\u0131n\u0131 konu\u015fmad\u0131k. \u00c7\u00fcnk\u00fc camiada bu konuyla ilgili b\u00fcy\u00fck bir beklenti var ama mali haklar konusunda ben bir kere daha yay\u0131nc\u0131 kurulu\u015fa te\u015fekk\u00fcr etmek istiyorum. Y\u00fcz milyon dolarl\u0131k dava d\u00fc\u015f\u00fcnceleri vard\u0131. Kazan\u0131rlar, kaybederler o ayr\u0131 mesele ama b\u00f6yle bir davan\u0131n a\u00e7\u0131lmas\u0131 bile T\u00fcrk futbolu \u00fczerinde l\u00fczumsuz bir yeni gerilim k\u00fcmesi yaratabilecekti. Fakat yay\u0131nc\u0131 kurulu\u015f T\u00fcrk futboluna katk\u0131 sa\u011flamak ad\u0131na vazge\u00e7ti.<\/p>\n<p style=\"text-align: justify;\">Bu \u00f6nemli bir reflekstir. Dolay\u0131s\u0131yla Spor Toto&#8217;nun destekleri devam ediyor. Yay\u0131nc\u0131 kurulu\u015f, yay\u0131n haklar\u0131 do\u011frultusundaki taahh\u00fctlerini yerine getirmeye devam ediyor. Kul\u00fcplerin di\u011fer gelirleri var. Y\u00f6netim performans\u0131 \u00f6zellikle mali konularda tamamen ba\u015fkanlar\u0131 ve kul\u00fcp idarecilerinin sorumlulu\u011fu olan hususlard\u0131r&#8221; \u015feklinde cevap verdi.<\/p>\n<p style=\"text-align: justify;\">Bir gazetecinin Sadri \u015eener&#8217;e \u015fampiyonluk kupas\u0131yla ilgili sordu\u011fu soruyu da Suat K\u0131l\u0131\u00e7 \u015f\u00f6yle yan\u0131tlad\u0131:<\/p>\n<p style=\"text-align: justify;\">&#8220;Say\u0131n \u015eener&#8217;in kupa ile ilgili a\u00e7\u0131klamalar\u0131 de\u011fi\u015fik zeminlerde kendisi taraf\u0131ndan ifade edilmi\u015ftir. \u015eimdi bizim g\u00f6r\u00fc\u015fmemizde b\u00f6yle bir soruya cevap vermesi T\u00fcrk futbol kamuoyu taraf\u0131ndan \u00e7ok farkl\u0131 \u015fekillerde istismar edilebilir. Ben o nedenle sorunuza bu \u015fekilde cevap vermi\u015f oluyorum. Taraftarl\u0131klar\u0131 kenara b\u0131rakmam\u0131z gereken bir zamand\u0131r. Baz\u0131 anlar vard\u0131r ki \u015fapkalar \u00e7\u0131kar\u0131l\u0131r bir kenara b\u0131rak\u0131l\u0131r. \u015eu an Fenerbah\u00e7elisi, Trabzonsporlusu ile hepimizin \u00f6ncelikli olarak destek vermesi gereken de\u011fer T\u00fcrk futbolunu aya\u011fa kald\u0131rma gere\u011fidir.&#8221;<\/p>\n<p style=\"text-align: justify;\"><strong>-Nihat \u00d6zdemir kabul\u00fc-\u00a0<\/strong><\/p>\n<p style=\"text-align: justify;\">Gen\u00e7lik ve Spor Bakan\u0131 Suat K\u0131l\u0131\u00e7 daha sonra Fenerbah\u00e7e Kul\u00fcb\u00fc Ba\u015fkan Vekili Nihat \u00d6zdemir&#8217;i kabul etti. Kabul \u00f6ncesi gazetecilere yapt\u0131\u011f\u0131 a\u00e7\u0131klamada, bunun bir nezaket ziyareti oldu\u011funu ifade eden Suat K\u0131l\u0131\u00e7, s\u00f6zlerini \u015f\u00f6yle tamamlad\u0131:<\/p>\n<p style=\"text-align: justify;\">&#8220;Fenerbah\u00e7e kul\u00fcb\u00fc ba\u015fkan vekili say\u0131n Nihat \u00d6zdemir ziyaretimize geldi. Biz herkese ve t\u00fcm kesimlerle diyalog halinde olmay\u0131 s\u00fcrecin do\u011fru y\u00f6n\u00fcnde olmak ad\u0131na \u00e7ok \u00f6nemli buluyoruz. T\u00fcrk futbolu zorlu bir d\u00f6nemden ge\u00e7iyor. Bu do\u011fru fakat bir do\u011frumuz daha var. T\u00fcrk futbolunun i\u00e7inden ge\u00e7ti\u011fi d\u00f6nemin zorluklar\u0131na ra\u011fmen, kul\u00fcp ba\u015fkanlar\u0131 medeni bir \u015fekilde sorunlar\u0131n\u0131 konu\u015fabilmekte ve tart\u0131\u015fabilmektedir. Bu \u00e7ok \u00f6nemli bir kazan\u0131md\u0131r. Bu ayn\u0131 zamanda T\u00fcrkiye&#8217;de hem sporun hem demokrasinin nereden nereye geldi\u011finin \u00f6nemli bir g\u00f6stergesidir.<\/p>\n<p style=\"text-align: justify;\">Sezon ba\u015flarken hepimizin \u00f6nemli ve b\u00fcy\u00fck kayg\u0131lar\u0131 vard\u0131. Yap\u0131lan yay\u0131nlar, ortaya konulan yorumlar, bu yorumlar\u0131n i\u00e7erdi\u011fi tahriklerden hareketle, olumsuzluklar\u0131n ya\u015fanabilece\u011fine y\u00f6nelik kayg\u0131lar herkeste haddinden fazla vard\u0131 ama gelinen noktada futbolseverlerin, camialar\u0131n sa\u011fduyu ve akl\u0131selim \u00e7a\u011fr\u0131lar\u0131n\u0131 dikkate ald\u0131klar\u0131 g\u00f6r\u00fclmektedir. Ben bu noktada en \u00e7ok Fenerbah\u00e7e ve Trabzonspor camialar\u0131na te\u015fekk\u00fcr ediyorum.&#8221;<\/p>\n<p style=\"text-align: justify;\"><a href=\"http:\/\/www.cnnturk.com\/2012\/spor\/futbol\/01\/11\/bakan.kilic.ince.ayar.yok\/644390.0\/index.html\" target=\"_blank\">Kaynak : CNN T\u00dcRK\u00a0<\/a><\/p>\n","protected":false},"excerpt":{"rendered":"<p style=\"text-align: justify;\">\n<p style=\"text-align: justify;\">Gen\u00e7lik ve Spor Bakan\u0131 Suat K\u0131l\u0131\u00e7, Trabzonspor Kul\u00fcb\u00fc Ba\u015fkan\u0131 Sadri \u015eener ve Fenerbah\u00e7e Kul\u00fcb\u00fc Ba\u015fkan Vekili Nihat \u00d6zdemir&#8217;i ayr\u0131 ayr\u0131 makam\u0131nda kabul etti. K\u0131l\u00e7 yapt\u0131\u011f\u0131 a\u00e7\u0131klamada \u015fampiyonluk kupas\u0131n\u0131n Trabzonspor&#8217;a verilmesi i\u00e7in ince ayar veya bir \u00e7al\u0131\u015fma yap\u0131lmad\u0131\u011f\u0131n\u0131 s\u00f6yledi. <\/p>\n","protected":false},"author":1,"featured_media":0,"comment_status":"open","ping_status":"open","sticky":false,"template":"","format":"standard","meta":{"footnotes":""},"categories":[42],"tags":[],"class_list":["post-46030","post","type-post","status-publish","format-standard","hentry","category-spor","odd"],"_links":{"self":[{"href":"http:\/\/www.korhanyilmaz.com\/index.php?rest_route=\/wp\/v2\/posts\/46030","targetHints":{"allow":["GET"]}}],"collection":[{"href":"http:\/\/www.korhanyilmaz.com\/index.php?rest_route=\/wp\/v2\/posts"}],"about":[{"href":"http:\/\/www.korhanyilmaz.com\/index.php?rest_route=\/wp\/v2\/types\/post"}],"author":[{"embeddable":true,"href":"http:\/\/www.korhanyilmaz.com\/index.php?rest_route=\/wp\/v2\/users\/1"}],"replies":[{"embeddable":true,"href":"http:\/\/www.korhanyilmaz.com\/index.php?rest_route=%2Fwp%2Fv2%2Fcomments&post=46030"}],"version-history":[{"count":0,"href":"http:\/\/www.korhanyilmaz.com\/index.php?rest_route=\/wp\/v2\/posts\/46030\/revisions"}],"wp:attachment":[{"href":"http:\/\/www.korhanyilmaz.com\/index.php?rest_route=%2Fwp%2Fv2%2Fmedia&parent=46030"}],"wp:term":[{"taxonomy":"category","embeddable":true,"href":"http:\/\/www.korhanyilmaz.com\/index.php?rest_route=%2Fwp%2Fv2%2Fcategories&post=46030"},{"taxonomy":"post_tag","embeddable":true,"href":"http:\/\/www.korhanyilmaz.com\/index.php?rest_route=%2Fwp%2Fv2%2Ftags&post=46030"}],"curies":[{"name":"wp","href":"https:\/\/api.w.org\/{rel}","templated":true}]}}