{"id":46026,"date":"2012-01-12T00:03:58","date_gmt":"2012-01-11T22:03:58","guid":{"rendered":"http:\/\/www.korhanyilmaz.com\/?p=46026"},"modified":"2012-01-12T00:25:56","modified_gmt":"2012-01-11T22:25:56","slug":"sergi-sansure-takildi","status":"publish","type":"post","link":"http:\/\/www.korhanyilmaz.com\/?p=46026","title":{"rendered":"Sergi &#8220;sans\u00fcr&#8221;e tak\u0131ld\u0131!"},"content":{"rendered":"<p style=\"text-align: center;\"><a href=\"http:\/\/www.korhanyilmaz.com\/wp-content\/uploads\/2012\/01\/8999.jpg\"  class=\"lightview\"><img loading=\"lazy\" decoding=\"async\" class=\"aligncenter  wp-image-46027\" src=\"http:\/\/www.korhanyilmaz.com\/wp-content\/uploads\/2012\/01\/8999.jpg\" alt=\"\" width=\"345\" height=\"267\" \/><\/a><\/p>\n<p style=\"text-align: justify;\">\u0130zmir Sanat Merkezi\u2019nde a\u00e7\u0131lan sergideki 3 foto\u011fraf\u0131n baz\u0131 bas\u0131n organlar\u0131nda ele\u015ftirilmesi ard\u0131ndan yetkililerce sergiden kald\u0131r\u0131lmas\u0131 sanat\u00e7\u0131lar\u0131n tepkisine neden oldu. Sergiyi d\u00fczenleyen \u0130zmir Foto\u011fraf Sanat\u0131 Derne\u011fi \u00fcyeleri uygulaman\u0131n sans\u00fcr oldu\u011funu savunurken, kalan foto\u011fraflar\u0131 da toplay\u0131p sergiye son verdi.<\/p>\n<p style=\"text-align: justify;\">\u0130zmir Foto\u011fraf Sanat\u0131 Derne\u011fi (\u0130FOD) ge\u00e7ti\u011fimiz g\u00fcnlerde \u2019Ayk\u0131r\u0131\u2019 isimli foto\u011fraf sergisi i\u00e7in \u00fcyelerine \u00e7a\u011fr\u0131 yapt\u0131.<!--more--><\/p>\n<p style=\"text-align: justify;\">Sergiye 48 sanat\u00e7\u0131 foto\u011fraf g\u00f6nderdi, \u0130FOD Y\u00f6netim Kurulu 33 foto\u011fraf\u0131 sergilemeye de\u011fer buldu. Sergi 3 Ocak\u2019de K\u00fclt\u00fcrpark\u2019daki \u0130zmir Sanat Merkezi\u2019nde a\u00e7\u0131ld\u0131. Ancak, ulusal bir haber ajans\u0131 6 Ocak\u2019ta sergideki 3 foto\u011fraf\u0131n dini ve toplumsal de\u011ferlere ayk\u0131r\u0131 oldu\u011funu i\u00e7eren bir haberi servise koydu.<\/p>\n<p style=\"text-align: justify;\">\u0130ki ulusal gazete de, 8 Ocak pazar g\u00fcn\u00fc &#8220;Dini de\u011ferlere hakaret i\u00e7eren foto\u011fraf sergisi T\u00fcrkiye\u2019yi aya\u011fa kald\u0131rd\u0131&#8221; ba\u015fl\u0131\u011f\u0131yla sergiyi okurlar\u0131na duyurdu. 9 Ocak pazartesi g\u00fcn\u00fc de belediye yetkilileri 3 foto\u011fraf\u0131 sergiden \u00e7\u0131kard\u0131.<\/p>\n<p style=\"text-align: justify;\">\u0130FOD \u00fcyeleri, \u0130zmir B\u00fcy\u00fck\u015fehir Belediyesi \u0130zmir Sanat Merkezi \u00f6n\u00fcnde bug\u00fcn biraraya geldi. Tart\u0131\u015f\u0131lan \u00fc\u00e7 foto\u011frafla birlikte di\u011fer foto\u011fraflar\u0131 da sergiden indiren \u0130FOD \u00fcyeleri tepkilerini b\u00f6yle g\u00f6sterdi.<\/p>\n<p style=\"text-align: justify;\">\u0130FOD Ba\u015fkan\u0131 Beyhan \u00d6zdemir \u015f\u00f6yle dedi:<\/p>\n<p style=\"text-align: justify;\">&#8220;\u00c7e\u015fitli bas\u0131n organlar\u0131nda \u00e7\u0131kan as\u0131ls\u0131z ve k\u0131\u015fk\u0131rt\u0131c\u0131 haberler kar\u015f\u0131s\u0131nda \u0130zmir B\u00fcy\u00fck\u015fehir Belediyesi sans\u00fcr uygulad\u0131. \u0130FOD\u2019un bilgisi ve iste\u011fi d\u0131\u015f\u0131nda 3 foto\u011fraf\u0131m\u0131z sergiden indirilerek bir odaya kapat\u0131lm\u0131\u015ft\u0131r. \u0130zmir B\u00fcy\u00fck\u015fehir Belediyesi yetkilileri foto\u011fraflar\u0131n kendileri taraf\u0131ndan sergiden kald\u0131r\u0131ld\u0131\u011f\u0131n\u0131 ve sergide yeralmas\u0131na izin vermeyeceklerini s\u00f6ylediler. B\u00f6ylece belediyecilik g\u00f6revleri yan\u0131nda sanat bilirki\u015fili\u011fi ve sans\u00fcr kurulu g\u00f6revlerinin oldu\u011funu da bizlere g\u00f6stermi\u015f oldular. Demokrasilerde bunun ad\u0131na sans\u00fcr denir.&#8221;<\/p>\n<p style=\"text-align: justify;\">Daha \u00f6nce y\u00fczlerce sergi a\u00e7t\u0131klar\u0131n\u0131 ve d\u00fcnyan\u0131n her yerinde \u00e7e\u015fitli foto\u011fraf sergilerinde yer ald\u0131klar\u0131n\u0131 s\u00f6yleyen \u0130FOD Ba\u015fkan\u0131 Beyhan \u00d6zdemir, &#8220;Bu sans\u00fcr\u00fcn alt\u0131nda kalamay\u0131z. Biz foto\u011fraf sanat\u00e7\u0131lar\u0131 olarak, hi\u00e7 bir \u015fekilde din mezhep ayr\u0131m\u0131 yapmad\u0131k zaten yapamay\u0131z. Ama foto\u011fraflardan baz\u0131lar\u0131 birilerinin can\u0131n\u0131 s\u0131km\u0131\u015f. Bu sans\u00fcr uygulamas\u0131n\u0131 protesto etmek i\u00e7in K\u00fclt\u00fcrpark i\u00e7inde bulunan \u0130zmir B\u00fcy\u00fck\u015fehir Belediyesi \u0130zmir Sanat Merkezi\u2019ndeki \u2019Ayk\u0131r\u0131\u2019 sergisinde yer alan foto\u011fraflar\u0131 toplama karar\u0131 ald\u0131k&#8221; dedi.<\/p>\n<p style=\"text-align: justify;\">\u2019\u0130stenmeyen\u2019 foto\u011fraflar aras\u0131nda t\u00fcrbanl\u0131 bir kad\u0131n\u0131n bikinili foto\u011fraf\u0131, iki erke\u011fin dudak duda\u011fa \u00f6p\u00fc\u015ft\u00fc\u011f\u00fc ve ba\u015f\u0131 \u00f6rt\u00fcl\u00fc iki kad\u0131n\u0131n dudak duda\u011fa yak\u0131nla\u015fm\u0131\u015f an\u0131n\u0131n foto\u011fraflar\u0131 bulunuyor.<\/p>\n<p style=\"text-align: justify;\">\u0130ki erke\u011fin \u00f6p\u00fc\u015fme foto\u011fraf\u0131n\u0131 \u00e7eken Bar\u0131\u015f Barlas da, &#8220;Meksika ziyareti s\u0131ras\u0131nda \u00e7ekti\u011fim ger\u00e7ek bir foto\u011fraf. Ziyaretim s\u0131ras\u0131nda metroda bu \u00e7ifti \u00f6p\u00fc\u015f\u00fcrken g\u00f6rd\u00fcm ve \u00e7ektim. Bu bizce ayk\u0131r\u0131 olabilir. Fakat pek\u00e7ok \u00fclke taraf\u0131ndan normal kabul edilmi\u015f bir durum. Bu foto\u011fraf\u0131n neden bu kadar b\u00fcy\u00fct\u00fcld\u00fc\u011f\u00fcne anlam veremiyorum&#8221; \u015feklinde konu\u015ftu.<\/p>\n<p style=\"text-align: justify;\"><a href=\"http:\/\/www.cnnturk.com\/2012\/turkiye\/01\/11\/sergi.sansure.takildi\/644449.0\/index.html\" target=\"_blank\">Kaynak : CNN T\u00dcRK<\/a><\/p>\n","protected":false},"excerpt":{"rendered":"<p style=\"text-align: center;\">\n<p style=\"text-align: justify;\">\u0130zmir Sanat Merkezi\u2019nde a\u00e7\u0131lan sergideki 3 foto\u011fraf\u0131n baz\u0131 bas\u0131n organlar\u0131nda ele\u015ftirilmesi ard\u0131ndan yetkililerce sergiden kald\u0131r\u0131lmas\u0131 sanat\u00e7\u0131lar\u0131n tepkisine neden oldu. Sergiyi d\u00fczenleyen \u0130zmir Foto\u011fraf Sanat\u0131 Derne\u011fi \u00fcyeleri uygulaman\u0131n sans\u00fcr oldu\u011funu savunurken, kalan foto\u011fraflar\u0131 da toplay\u0131p sergiye son verdi.<\/p>\n<p style=\"text-align: justify;\">\u0130zmir Foto\u011fraf Sanat\u0131 Derne\u011fi (\u0130FOD) ge\u00e7ti\u011fimiz g\u00fcnlerde \u2019Ayk\u0131r\u0131\u2019 isimli foto\u011fraf sergisi <\/p>\n","protected":false},"author":1,"featured_media":0,"comment_status":"open","ping_status":"open","sticky":false,"template":"","format":"standard","meta":{"footnotes":""},"categories":[105],"tags":[],"class_list":["post-46026","post","type-post","status-publish","format-standard","hentry","category-gundem","odd"],"_links":{"self":[{"href":"http:\/\/www.korhanyilmaz.com\/index.php?rest_route=\/wp\/v2\/posts\/46026","targetHints":{"allow":["GET"]}}],"collection":[{"href":"http:\/\/www.korhanyilmaz.com\/index.php?rest_route=\/wp\/v2\/posts"}],"about":[{"href":"http:\/\/www.korhanyilmaz.com\/index.php?rest_route=\/wp\/v2\/types\/post"}],"author":[{"embeddable":true,"href":"http:\/\/www.korhanyilmaz.com\/index.php?rest_route=\/wp\/v2\/users\/1"}],"replies":[{"embeddable":true,"href":"http:\/\/www.korhanyilmaz.com\/index.php?rest_route=%2Fwp%2Fv2%2Fcomments&post=46026"}],"version-history":[{"count":0,"href":"http:\/\/www.korhanyilmaz.com\/index.php?rest_route=\/wp\/v2\/posts\/46026\/revisions"}],"wp:attachment":[{"href":"http:\/\/www.korhanyilmaz.com\/index.php?rest_route=%2Fwp%2Fv2%2Fmedia&parent=46026"}],"wp:term":[{"taxonomy":"category","embeddable":true,"href":"http:\/\/www.korhanyilmaz.com\/index.php?rest_route=%2Fwp%2Fv2%2Fcategories&post=46026"},{"taxonomy":"post_tag","embeddable":true,"href":"http:\/\/www.korhanyilmaz.com\/index.php?rest_route=%2Fwp%2Fv2%2Ftags&post=46026"}],"curies":[{"name":"wp","href":"https:\/\/api.w.org\/{rel}","templated":true}]}}