{"id":4602,"date":"2009-03-04T09:49:02","date_gmt":"2009-03-04T07:49:02","guid":{"rendered":"http:\/\/www.korhanyilmaz.com\/?p=4602"},"modified":"2009-03-04T09:49:02","modified_gmt":"2009-03-04T07:49:02","slug":"ceber%e2%80%99e-iskence-sanigina-sahte-izin-kagidi-mi-duzenlendi","status":"publish","type":"post","link":"http:\/\/www.korhanyilmaz.com\/?p=4602","title":{"rendered":"\u00c7eber\u2019e i\u015fkence san\u0131\u011f\u0131na sahte izin k\u00e2\u011f\u0131d\u0131 m\u0131 d\u00fczenlendi?"},"content":{"rendered":"<p style=\"text-align: center;\"><img loading=\"lazy\" decoding=\"async\" class=\"aligncenter size-full wp-image-4603\" title=\"\u00c7eber\u2019e i\u015fkence san\u0131\u011f\u0131na sahte izin k\u00e2\u011f\u0131d\u0131 m\u0131 d\u00fczenlendi?\" src=\"http:\/\/www.korhanyilmaz.com\/wp-content\/uploads\/2009\/03\/fft28_mf130186.jpeg\" alt=\"\u00c7eber\u2019e i\u015fkence san\u0131\u011f\u0131na sahte izin k\u00e2\u011f\u0131d\u0131 m\u0131 d\u00fczenlendi?\" width=\"357\" height=\"238\" \/><\/p>\n<p style=\"text-align: justify;\"><strong>Engin \u00c7eber davas\u0131nda bir numaral\u0131 san\u0131k Selahattin Apayd\u0131n&#8217;\u0131n olay tarihinde izinli oldu\u011funa y\u00f6nelik bir belge ortaya \u00e7\u0131kt\u0131. Evraka g\u00f6re izinde olmas\u0131 gereken gardiyan Apayd\u0131n cezaevi kamera kay\u0131tlar\u0131nda ko\u011fu\u015fa girerken g\u00f6r\u00fcn\u00fcyor.<\/strong><\/p>\n<p style=\"text-align: justify;\">Engin \u00c7eber&#8217;in \u00f6l\u00fcm\u00fcne yol a\u00e7t\u0131\u011f\u0131 iddias\u0131yla \u2018a\u011f\u0131rla\u015ft\u0131r\u0131lm\u0131\u015f i\u015fkence&#8217;den tutuklu olarak yarg\u0131lanan, dosyan\u0131n bir numaral\u0131 san\u0131\u011f\u0131 olan infaz koruma ba\u015fmemuru Selahattin Apayd\u0131n&#8217;a ge\u00e7mi\u015fe d\u00f6n\u00fck \u2018izin belgesi&#8217; haz\u0131rland\u0131\u011f\u0131 iddia edildi. Belgeye g\u00f6re, \u00c7eber&#8217;in Metris Cezaevi&#8217;ne getirildi\u011fi 29 Eyl\u00fcl&#8217;den bir g\u00fcn \u00f6ncesinden itibaren 27 g\u00fcn izinli olmas\u0131 gereken Apayd\u0131n, 7 Ekim&#8217;de \u00c7eber&#8217;in ko\u011fu\u015funa girerken g\u00f6r\u00fcnt\u00fclenmi\u015fti. O g\u00fcn, \u00c7eber&#8217;in kafas\u0131n\u0131 duvara ve demir kap\u0131ya vurarak \u00f6l\u00fcm\u00fcne yol a\u00e7t\u0131\u011f\u0131 iddia edilen Apayd\u0131n bug\u00fcn a\u011f\u0131rla\u015ft\u0131r\u0131lm\u0131\u015f m\u00fcebbet hapis istemiyle yarg\u0131lan\u0131yor.<!--more--><br \/>\nEngin \u00c7eber Dosyas\u0131&#8217;na giren, Selahattin Apayd\u0131n&#8217;a ili\u015fkin izin belgesinin tarihi, 27 Eyl\u00fcl 2008&#8217;i g\u00f6steriyor. Apayd\u0131n, belgede, &#8220;2007 y\u0131l\u0131na ait senelik iznimden kalan 27 (yirmi yedi) g\u00fcn\u00fcn\u00fc 28 Eyl\u00fcl 2008 tarihinden kullanmak istiyorum. Gere\u011finin yap\u0131lmas\u0131n\u0131 sayg\u0131lar\u0131mla arz ediyorum&#8221; diyor. Ayn\u0131 g\u00fcn, &#8220;\u0130zne ayr\u0131lmas\u0131ndan sak\u0131nca yoktur&#8221; denilerek, izin veriliyor.<br \/>\nBelgeye bak\u0131l\u0131rsa, \u00c7eber&#8217;in Metris Cezaevi&#8217;ne getirildi\u011fi g\u00fcnden bir g\u00fcn \u00f6nce Apayd\u0131n da y\u0131ll\u0131k izne \u00e7\u0131km\u0131\u015f say\u0131l\u0131yor.<\/p>\n<p style=\"text-align: justify;\"><strong>Kameraya yakaland\u0131<\/strong><br \/>\nAncak soru\u015fturmas\u0131n\u0131 derinle\u015ftirerek, cezaevinin kamera kay\u0131tlar\u0131n\u0131 inceleyen savc\u0131l\u0131k, \u00c7eber&#8217;in 7 Ekim&#8217;de \u00f6ld\u00fcresiye d\u00f6v\u00fcld\u00fc\u011f\u00fc B-8 ko\u011fu\u015funa giren infaz koruma memurlar\u0131 aras\u0131nda Apayd\u0131n&#8217;\u0131n da bulundu\u011funu saptad\u0131. Ard\u0131ndan Ba\u015fgardiyan Y\u0131lmaz Aydo\u011fdu ve ko\u011fu\u015ftaki adli tutuklular\u0131n ifadesini alan savc\u0131l\u0131k, Apayd\u0131n&#8217;\u0131n o g\u00fcn\u00fc izinli de\u011fil, g\u00f6revinin ba\u015f\u0131nda oldu\u011funu belirledi.<br \/>\n\u0130ddianamade, Selahattin Apayd\u0131n&#8217;a ili\u015fkin b\u00f6l\u00fcm \u015f\u00f6yle:<br \/>\n&#8220;7 Ekim 2008&#8217;de B-8 nolu ko\u011fu\u015funun sabah say\u0131m\u0131n\u0131n saat 08.15:43&#8217;te ba\u015flay\u0131p 08.18:20&#8217;de sona erdi\u011fi, maktul\u00fcn belirlenen gerek\u00e7eyle say\u0131ma kat\u0131lmamas\u0131 nedeniyle Nihat K\u0131z\u0131lkaya, Selahattin Apayd\u0131n ve Sami Ergazi&#8217;nin tekme, tokat ve yumrukla maktul\u00fcn ba\u015f ve boyun b\u00f6lgesine \u00e7ok say\u0131da vurduklar\u0131, o esnada \u015f\u00fcpheli Apayd\u0131n&#8217;\u0131n maktul\u00fc tutarak kafas\u0131n\u0131n arka k\u0131sm\u0131n\u0131 d\u00fcz ko\u011fu\u015f duvar\u0131 ve ko\u011fu\u015f havaland\u0131rmas\u0131na ait kapal\u0131 demir kap\u0131ya birka\u00e7 kez vurdu\u011fu, bu esnada \u015f\u00fcphelilerden Y\u0131lmaz Aydo\u011fdu&#8217;nun \u00f6nce K\u0131z\u0131lkaya&#8217;y\u0131, ard\u0131ndan Apayd\u0131n&#8217;\u0131 tutarak ko\u011fu\u015ftan \u00e7\u0131kard\u0131\u011f\u0131&#8230;&#8221;<br \/>\nA\u011f\u0131rla\u015ft\u0131r\u0131lm\u0131\u015f i\u015fkence su\u00e7lamas\u0131 ve m\u00fcebbet hapis istemiyle yarg\u0131lanan Apayd\u0131n, birinci duru\u015fmada verdi\u011fi ifadesinde, o g\u00fcn ko\u011fu\u015fta bulunduklar\u0131n\u0131 kabul ederek, kendisini \u015f\u00f6yle savunmu\u015ftu: &#8220;\u00c7eber, \u2018Siyasiyim&#8217; diyerek say\u0131mda aya\u011fa kalkm\u0131yordu. Sami Ergazi&#8217;yle birlikte kolundan tutup kald\u0131rmak istedik. O arada yere d\u00fc\u015ft\u00fc. Tekrar kald\u0131rmak istedik. Yan\u0131m\u0131zdaki, ba\u015fgardiyan Y\u0131lmaz Aydo\u011fdu, \u2018Tamam, siz gidin&#8217; dedi, bizi g\u00f6nderdi&#8221; diye konu\u015ftu.&#8221;<br \/>\nBak\u0131rk\u00f6y 13. A\u011f\u0131r Ceza Mahkemesi&#8217;nden g\u00f6r\u00fclen 60 san\u0131kl\u0131 davan\u0131n ikinci duru\u015fmas\u0131 bug\u00fcn g\u00f6r\u00fclecek.<\/p>\n<p style=\"text-align: justify;\"><strong>Polisler h\u00e2kim kar\u015f\u0131s\u0131nda<\/strong><br \/>\n\u2018Eziyet&#8217; su\u00e7lamas\u0131yla yarg\u0131lanan \u0130stinye \u015eehit Muhsin Bodur Polis Merkezi&#8217;nde g\u00f6revli san\u0131k 13 polisin sorgusu yap\u0131lacak. Ard\u0131ndan cezaevinin kamera kay\u0131tlar\u0131 duru\u015fma salonunda izlenecek.\n<\/p>\n<p style=\"text-align: justify;\"><span style=\"color: #888888;\">Kaynak : \u0130smail Saymaz \/ Radikal Gazetesi<\/span><\/p>\n","protected":false},"excerpt":{"rendered":"<p style=\"text-align: center;\">\n<p style=\"text-align: justify;\">Engin \u00c7eber davas\u0131nda bir numaral\u0131 san\u0131k Selahattin Apayd\u0131n&#8217;\u0131n olay tarihinde izinli oldu\u011funa y\u00f6nelik bir belge ortaya \u00e7\u0131kt\u0131. Evraka g\u00f6re izinde olmas\u0131 gereken gardiyan Apayd\u0131n cezaevi kamera kay\u0131tlar\u0131nda ko\u011fu\u015fa girerken g\u00f6r\u00fcn\u00fcyor.<\/p>\n<p style=\"text-align: justify;\">Engin \u00c7eber&#8217;in \u00f6l\u00fcm\u00fcne yol a\u00e7t\u0131\u011f\u0131 iddias\u0131yla \u2018a\u011f\u0131rla\u015ft\u0131r\u0131lm\u0131\u015f i\u015fkence&#8217;den tutuklu olarak yarg\u0131lanan, dosyan\u0131n bir numaral\u0131 san\u0131\u011f\u0131 olan infaz koruma <\/p>\n","protected":false},"author":1,"featured_media":0,"comment_status":"open","ping_status":"closed","sticky":false,"template":"","format":"standard","meta":{"footnotes":""},"categories":[105],"tags":[],"class_list":["post-4602","post","type-post","status-publish","format-standard","hentry","category-gundem","odd"],"_links":{"self":[{"href":"http:\/\/www.korhanyilmaz.com\/index.php?rest_route=\/wp\/v2\/posts\/4602","targetHints":{"allow":["GET"]}}],"collection":[{"href":"http:\/\/www.korhanyilmaz.com\/index.php?rest_route=\/wp\/v2\/posts"}],"about":[{"href":"http:\/\/www.korhanyilmaz.com\/index.php?rest_route=\/wp\/v2\/types\/post"}],"author":[{"embeddable":true,"href":"http:\/\/www.korhanyilmaz.com\/index.php?rest_route=\/wp\/v2\/users\/1"}],"replies":[{"embeddable":true,"href":"http:\/\/www.korhanyilmaz.com\/index.php?rest_route=%2Fwp%2Fv2%2Fcomments&post=4602"}],"version-history":[{"count":0,"href":"http:\/\/www.korhanyilmaz.com\/index.php?rest_route=\/wp\/v2\/posts\/4602\/revisions"}],"wp:attachment":[{"href":"http:\/\/www.korhanyilmaz.com\/index.php?rest_route=%2Fwp%2Fv2%2Fmedia&parent=4602"}],"wp:term":[{"taxonomy":"category","embeddable":true,"href":"http:\/\/www.korhanyilmaz.com\/index.php?rest_route=%2Fwp%2Fv2%2Fcategories&post=4602"},{"taxonomy":"post_tag","embeddable":true,"href":"http:\/\/www.korhanyilmaz.com\/index.php?rest_route=%2Fwp%2Fv2%2Ftags&post=4602"}],"curies":[{"name":"wp","href":"https:\/\/api.w.org\/{rel}","templated":true}]}}