{"id":46012,"date":"2012-01-11T16:59:42","date_gmt":"2012-01-11T14:59:42","guid":{"rendered":"http:\/\/www.korhanyilmaz.com\/?p=46012"},"modified":"2012-01-11T23:27:09","modified_gmt":"2012-01-11T21:27:09","slug":"cevik-bir-geziyorsa-bana-ne-ulan","status":"publish","type":"post","link":"http:\/\/www.korhanyilmaz.com\/?p=46012","title":{"rendered":"&#8220;\u00c7evik Bir geziyorsa bana ne ulan!&#8221;"},"content":{"rendered":"<p style=\"text-align: center;\"><a href=\"http:\/\/www.korhanyilmaz.com\/wp-content\/uploads\/2012\/01\/8997.jpg\"  class=\"lightview\"><img loading=\"lazy\" decoding=\"async\" class=\"aligncenter  wp-image-46013\" src=\"http:\/\/www.korhanyilmaz.com\/wp-content\/uploads\/2012\/01\/8997.jpg\" alt=\"\" width=\"346\" height=\"246\" \/><\/a><\/p>\n<p style=\"text-align: justify;\">AKP&#8217;li Burhan Kuzu, CHP lideri K\u0131l\u0131\u00e7daro\u011flu&#8217;na y\u00fcklendi: \u00c7evik Bir geziyorsa, ats\u0131nlar i\u00e7eriye, Bana ne ulan geziyorsa git savc\u0131ya s\u00f6yle? Ats\u0131nlar \u00c7evik Bir&#8217;i de i\u00e7eriye&#8230; \u00c7evik Bir, B\u00fcy\u00fckan\u0131t at\u0131n i\u00e7eriye yats\u0131n,bana ne&#8230; Onlar\u0131 Ba\u015fbakan m\u0131 koruyor?<\/p>\n<p style=\"text-align: justify;\">Gazeteci \u00d6mer \u015eahin\u2019in Kanal a daki \u201cG\u00f6r\u00fc\u015f Fark\u0131\u201d program\u0131na kat\u0131lan Meclis Anayasa Komisyonu Ba\u015fkan\u0131 Burhan Kuzu\u2019dan \u00e7arp\u0131c\u0131 a\u00e7\u0131klamalar geldi.<!--more--><\/p>\n<p style=\"text-align: justify;\">Genelkurmay eski Ba\u015fkan\u0131 \u0130lker Ba\u015fbu\u011f tutuklan\u0131rken, \u00c7evik Bir ve Ya\u015far B\u00fcy\u00fckan\u0131t\u2019la ilgili herhangi bir i\u015flem yap\u0131lmamas\u0131n\u0131 ele\u015ftiren CHP Genel Ba\u015fkan\u0131 Kemal K\u0131l\u0131\u00e7daro\u011flu\u2019na cevap verdi.<\/p>\n<p style=\"text-align: justify;\">Kuzu, \u201c\u00c7evik Bir niye d\u0131\u015farda? Bana ne ulan geziyorsa git savc\u0131ya s\u00f6yle, ver eline belgeleri ats\u0131n i\u00e7eri. Ge\u00e7 bile kald\u0131 bana sorarsan\u0131z. B\u00fcy\u00fckan\u0131t? At\u0131n i\u00e7eriye yats\u0131n, bana ne bundan. B\u00f6yle bir iddia varsa 28 \u015eubat ortada,Sincan\u2019da y\u00fcr\u00fcyen tanklar ortada. \u00c7evik Bir geziyor diyorsan g\u00f6t\u00fcr belgeleri \u015fikayet\u00e7i ol. Lafa bak. Benim elimde belge mi var? Onlar\u0131 Ba\u015fbakan m\u0131 koruyor? Yav biz Allah a\u015fk\u0131na parti kapat\u0131lmaktan kendimizi zor kurtard\u0131k. G\u00fcmb\u00fcr g\u00fcmb\u00fcr gidiyorduk.Bizimle ne alakas\u0131 var bunlar\u0131n\u201d dedi.<\/p>\n<p style=\"text-align: justify;\">CHP Genel Ba\u015fkan\u0131 Kemal K\u0131l\u0131\u00e7daro\u011flu hakk\u0131nda 12 dokunulmazl\u0131k dosyas\u0131 oldu\u011funu bunlar\u0131n i\u00e7erisinde \u201ctehdit,hakaret,iftira\u201d gibi su\u00e7 isnadlar\u0131 bulundu\u011funu s\u00f6yledi.K\u0131l\u0131\u00e7daro\u011flu\u2019nun \u201cdokunulmazl\u0131\u011f\u0131m\u0131 kald\u0131r\u0131n\u201drestini de de\u011ferlendiren Kuzu, \u201cBizde kimseye \u00f6zel muamele,ayr\u0131cal\u0131k olmaz. Say\u0131n Baykal\u2019da daha \u00f6nce ayn\u0131 \u015feyi s\u00f6ylemi\u015fti. O\u2019na \u201csana k\u0131yamam\u201d demi\u015ftim\u201ds\u00f6zleriyle dokunulmazl\u0131\u011f\u0131n kald\u0131r\u0131lmas\u0131na kar\u015f\u0131 olacaklar\u0131n\u0131 s\u00f6yledi.<\/p>\n<p style=\"text-align: justify;\">\u0130lker Ba\u015fbu\u011f\u2019a y\u00f6nelik su\u00e7lamalar\u0131n \u00e7arp\u0131t\u0131ld\u0131\u011f\u0131n\u0131 ve davan\u0131n suland\u0131r\u0131lmaya \u00e7al\u0131\u015f\u0131ld\u0131\u011f\u0131n\u0131 savunan Burhan Kuzu, \u201cEvvela ismini do\u011fru koyal\u0131m. Silahl\u0131 \u00f6rg\u00fct demek, ter\u00f6r \u00f6rg\u00fct\u00fc kurmak anlam\u0131na gelmiyor.Amac\u0131na g\u00f6re bu i\u015f de\u011fi\u015fir.Su\u00e7un ad\u0131 tipik \u00f6rg\u00fct su\u00e7udur, silahl\u0131 \u00f6rg\u00fct su\u00e7u.PKK ter\u00f6r anlam\u0131nda de\u011fil.Davay\u0131 suland\u0131rman\u0131n anlam\u0131 yok. H\u00fck\u00fcmeti neyle devireceksin. Silahla? Poyrazk\u00f6y\u2019de bununla ilgiliydi. Bu kadar silah nerede? Denize olta at\u0131yorsun,bal\u0131k beklerken mermi geliyor. Nere gitti bunlar ya, tonlarca mermi,silah.Kim g\u00f6mm\u00fc\u015f bunlar\u0131. Dosyaya bak\u0131m\u0131ndan konu\u015fuyorum. Bu iddialar buralara dayand\u0131r\u0131l\u0131yor.<\/p>\n<p style=\"text-align: justify;\">Ba\u015fbu\u011f\u2019un Y\u00fcce Divan\u2019da de\u011fil Adli mahkemelerde yarg\u0131lanmas\u0131 gerekti\u011fini de vurgulayan Burhan Kuzu, gerek\u00e7esini ilgin\u00e7 bir \u00f6rnekle a\u00e7\u0131klad\u0131:\u201dDiyelim Genelkurmay Ba\u015fkan\u0131 bir askere Genelkurmay\u2019da iki tane sallad\u0131,bizimkiler yapmaz ama, adam da orada \u00f6ld\u00fc. Tam da g\u00f6revinin ba\u015f\u0131nda, Genelkurmay\u2019\u0131n ortas\u0131nda. Bu Y\u00fcce Divan\u2019a m\u0131 gidecek? B\u00f6yle bir\u015fey olabilir mi?\u201d<\/p>\n<p style=\"text-align: justify;\"><a href=\"http:\/\/www.cnnturk.com\/2012\/turkiye\/01\/11\/cevik.bir.geziyorsa.bana.ne.ulan\/644370.0\/index.html\" target=\"_blank\">Kaynak : CNN T\u00dcRK<\/a><\/p>\n","protected":false},"excerpt":{"rendered":"<p style=\"text-align: center;\">\n<p style=\"text-align: justify;\">AKP&#8217;li Burhan Kuzu, CHP lideri K\u0131l\u0131\u00e7daro\u011flu&#8217;na y\u00fcklendi: \u00c7evik Bir geziyorsa, ats\u0131nlar i\u00e7eriye, Bana ne ulan geziyorsa git savc\u0131ya s\u00f6yle? Ats\u0131nlar \u00c7evik Bir&#8217;i de i\u00e7eriye&#8230; \u00c7evik Bir, B\u00fcy\u00fckan\u0131t at\u0131n i\u00e7eriye yats\u0131n,bana ne&#8230; Onlar\u0131 Ba\u015fbakan m\u0131 koruyor?<\/p>\n<p style=\"text-align: justify;\">Gazeteci \u00d6mer \u015eahin\u2019in Kanal a daki \u201cG\u00f6r\u00fc\u015f Fark\u0131\u201d program\u0131na kat\u0131lan Meclis Anayasa Komisyonu <\/p>\n","protected":false},"author":1,"featured_media":0,"comment_status":"open","ping_status":"open","sticky":false,"template":"","format":"standard","meta":{"footnotes":""},"categories":[105],"tags":[],"class_list":["post-46012","post","type-post","status-publish","format-standard","hentry","category-gundem","odd"],"_links":{"self":[{"href":"http:\/\/www.korhanyilmaz.com\/index.php?rest_route=\/wp\/v2\/posts\/46012","targetHints":{"allow":["GET"]}}],"collection":[{"href":"http:\/\/www.korhanyilmaz.com\/index.php?rest_route=\/wp\/v2\/posts"}],"about":[{"href":"http:\/\/www.korhanyilmaz.com\/index.php?rest_route=\/wp\/v2\/types\/post"}],"author":[{"embeddable":true,"href":"http:\/\/www.korhanyilmaz.com\/index.php?rest_route=\/wp\/v2\/users\/1"}],"replies":[{"embeddable":true,"href":"http:\/\/www.korhanyilmaz.com\/index.php?rest_route=%2Fwp%2Fv2%2Fcomments&post=46012"}],"version-history":[{"count":0,"href":"http:\/\/www.korhanyilmaz.com\/index.php?rest_route=\/wp\/v2\/posts\/46012\/revisions"}],"wp:attachment":[{"href":"http:\/\/www.korhanyilmaz.com\/index.php?rest_route=%2Fwp%2Fv2%2Fmedia&parent=46012"}],"wp:term":[{"taxonomy":"category","embeddable":true,"href":"http:\/\/www.korhanyilmaz.com\/index.php?rest_route=%2Fwp%2Fv2%2Fcategories&post=46012"},{"taxonomy":"post_tag","embeddable":true,"href":"http:\/\/www.korhanyilmaz.com\/index.php?rest_route=%2Fwp%2Fv2%2Ftags&post=46012"}],"curies":[{"name":"wp","href":"https:\/\/api.w.org\/{rel}","templated":true}]}}