{"id":45998,"date":"2012-01-11T23:59:42","date_gmt":"2012-01-11T21:59:42","guid":{"rendered":"http:\/\/www.korhanyilmaz.com\/?p=45998"},"modified":"2012-01-12T01:48:11","modified_gmt":"2012-01-11T23:48:11","slug":"irticayi-takip-suc-degil-gorev","status":"publish","type":"post","link":"http:\/\/www.korhanyilmaz.com\/?p=45998","title":{"rendered":"\u0130rticay\u0131 Takip su\u00e7 de\u011fil G\u00d6REV"},"content":{"rendered":"<div id=\"attachment_45999\" style=\"width: 396px\" class=\"wp-caption aligncenter\"><a title=\"Foto : www.aydinlikgazete.com\" href=\"http:\/\/www.korhanyilmaz.com\/wp-content\/uploads\/2012\/01\/8996.jpg\"  class=\"lightview\"><img loading=\"lazy\" decoding=\"async\" aria-describedby=\"caption-attachment-45999\" class=\" wp-image-45999   \" src=\"http:\/\/www.korhanyilmaz.com\/wp-content\/uploads\/2012\/01\/8996.jpg\" alt=\"\" width=\"386\" height=\"235\" \/><\/a><p id=\"caption-attachment-45999\" class=\"wp-caption-text\">Foto : www.aydinlikgazete.com<\/p><\/div>\n<p style=\"text-align: justify;\">Devletin irticayla m\u00fccadele kapsam\u0131nda \u00e7al\u0131\u015fma yapmas\u0131n\u0131n su\u00e7 olmas\u0131n\u0131n tart\u0131\u015f\u0131ld\u0131\u011f\u0131 son g\u00fcnlerde AKP\u2019ye kapatma davas\u0131 soru\u015fturmas\u0131nda g\u00f6rev alan savc\u0131lardan YARGISEN Genel Ba\u015fkan\u0131 \u00d6mer Faruk Emina\u011fao\u011flu sorular\u0131m\u0131z\u0131 cevaplad\u0131. Emina\u011fao\u011flu, AKP\u2019nin ulus ortak paydas\u0131n\u0131 benimsememe iradesini g\u00f6sterdi\u011fi g\u00f6r\u00fc\u015f\u00fcnde&#8230;<\/p>\n<p style=\"text-align: justify;\">Ayn\u0131 zamanda 34. Sulh Ceza Mahkemesi Hakimi olan Emina\u011fao\u011flu\u2019yla \u00c7a\u011flayan\u2019da bulunan \u0130stanbul Adalet Saray\u0131\u2019ndaki odas\u0131nda g\u00f6r\u00fc\u015ft\u00fck&#8230;\u00a0<!--more--><\/p>\n<p style=\"text-align: justify;\">Tayyip Erdo\u011fan\u2019\u0131n da bilgisi dahilinde Genelkurmay Ba\u015fkanl\u0131\u011f\u0131\u2019nca irticai faaliyetlere kar\u015f\u0131 olu\u015fturulan internet siteleri dava konusu oldu. \u0130ddianameyi haz\u0131rlayan savc\u0131, bu internet sitelerinin su\u00e7 unsuru oldu\u011funu \u00f6ne s\u00fcrd\u00fc. Bu siteleri olu\u015fturmak ya da y\u00f6netmek su\u00e7 mudur?<\/p>\n<p style=\"text-align: justify;\">Pe\u015finen yarat\u0131lan alg\u0131, bu sitelerin kurulmas\u0131n\u0131n su\u00e7 oldu\u011fu&#8230; Ama bu sitelerin hangi tarihte kuruldu\u011funa bakmak laz\u0131m. Daha \u00f6nce Milli G\u00fcvenlik Kurulu\u2019nda (MGK) irticayla m\u00fccadele bir i\u00e7 tehdit olarak benimsenmi\u015f; bu \u00e7er\u00e7evede de uygulama ve i\u015flemler yap\u0131lm\u0131\u015f. T\u00fcrkiye nedense belle\u011fini bu y\u00f6n\u00fcyle kaybetmi\u015f durumda. \u0130rticayla m\u00fccadele 2009\u2019a kadar MGK\u2019n\u0131n g\u00fcndemindeydi. Dolay\u0131s\u0131yla hem siyasi hem de askeri kanad\u0131n yer ald\u0131\u011f\u0131 MGK\u2019da irticayla m\u00fccadele i\u00e7in \u00e7al\u0131\u015fmalar yap\u0131ld\u0131\u011f\u0131 ve i\u00e7 tehdit olarak benimsendi\u011fi biliniyor. 2009 y\u0131l\u0131nda irticayla m\u00fccadele i\u00e7 tehdit olmaktan \u00e7\u0131kar\u0131ld\u0131. MGK\u2019n\u0131n kararlar\u0131ndan hareketle siyasi iktidar\u0131n bilgisi ve i\u00e7eri\u011fine vak\u0131f oldu\u011fu bir bi\u00e7imde irticayla m\u00fccadele i\u00e7in bu siteler kurulmu\u015f olabilir. Siyasi iktidar\u0131n bilgisi olmad\u0131\u011f\u0131n\u0131 s\u00f6ylemek m\u00fcmk\u00fcn de\u011fil. And\u0131\u00e7 da internet sitelerinin uygulamalar\u0131ndan bir tanesi denilebilir.<\/p>\n<p style=\"text-align: justify;\"><strong>Devletin irticai \u00f6rg\u00fctlenmelere kar\u015f\u0131 \u00f6nlem almak asli g\u00f6revi de\u011fil midir?<\/strong><\/p>\n<p style=\"text-align: justify;\">Anayasa&#8217;n\u0131n 2.maddesinde laik bir hukuk devleti oldu\u011fu belirtiliyorsa ve niteli\u011finin de\u011fi\u015fmezli\u011fi ortaya konuluyorsa elbette devlet,Cumhuriyet&#8217;in bu niteli\u011fini korumak i\u00e7in sald\u0131r\u0131lar\u0131 bertaraf etmek,toplumu ayd\u0131nlatmak,bilgilendirmek i\u00e7in \u00fczerine d\u00fc\u015fen her g\u00f6revi yapmak zorunda.Bu noktada g\u00f6revli birimler,Milli E\u011fitim&#8217;den ba\u015flayarak bir \u00e7ok birimdir.MGK&#8217;da,bu \u00e7er\u00e7evede bir i\u00e7 tehdit unsuru olarak g\u00f6rev ald\u0131\u011f\u0131ndan bu kapsamda TSK da g\u00f6revdedir.TSK&#8217;ya laiklikle ilgili bir konuda g\u00f6rev verilmesi do\u011fru mudur? Bu ayr\u0131 bir tart\u0131\u015fma konusudur ama o s\u00fcre\u00e7teki mevzuat ve uygulama TSK&#8217;y\u0131 olay\u0131n i\u00e7erisine siyasi iktidar\u0131n bilgisi dahilinde sokmu\u015ftur.Ve devletin de irticayla m\u00fccadele etmek elbette g\u00f6revidir.O sitelere bug\u00fcn garip bakarsan\u0131z irticayla m\u00fccadele ile ilgili o sitelerin faal oldu\u011funu ancak T\u00fcrkiye&#8217;de b\u00f6yle bir tehdit olmad\u0131\u011f\u0131n\u0131 sitelerin i\u00e7eriklerinde g\u00f6r\u00fcrs\u00fcn\u00fcz.<\/p>\n<p style=\"text-align: justify;\"><strong>Ergenekon davalar\u0131nda da &#8216;Ulusalc\u0131l\u0131\u011f\u0131n ter\u00f6r kapsam\u0131na al\u0131nd\u0131\u011f\u0131n\u0131 g\u00f6r\u00fcyoruz.\u0130rticai faaliyetler 2009&#8217;da i\u00e7 tehdit olmaktan \u00e7\u0131k\u0131yor.Bu iki konuyu nas\u0131l de\u011ferlendiriyorsunuz?<\/strong><\/p>\n<p style=\"text-align: justify;\">\u0130kisi de birbiriyle ba\u011flant\u0131l\u0131.\u0130rtica i\u00e7 tehdit olmaktan \u00e7\u0131k\u0131yorsa,Anayasa&#8217;ya g\u00f6re ulusal b\u00fct\u00fcnl\u00fc\u011fe y\u00f6nelen eylemlerin irtica ile m\u00fccadeleyi su\u00e7 olman\u0131n \u00f6tesinde idari uygulamalar\u0131nda bile me\u015fru g\u00f6steren bir siyasi iktidar ayn\u0131 \u00e7er\u00e7evede ulus ortak paydas\u0131n\u0131 benimsememe iradesini ortaya koyuyor.Anayasa&#8217;da ifadesini bulan &#8216;Ulus ortak paydas\u0131n\u0131 korumama iradesi&#8217; ni yans\u0131tt\u0131\u011f\u0131 i\u00e7in bir yerde de siyasi iktidar\u0131n bak\u0131\u015f\u0131 do\u011frultusunda o ulusal b\u00fct\u00fcnl\u00fck su\u00e7 olarak ya da giderek ter\u00f6r eylemi gibi nitelenerek kar\u015f\u0131m\u0131za \u00e7\u0131k\u0131yor. Uludere olay\u0131nda bunun yans\u0131mas\u0131n\u0131 g\u00f6rd\u00fck.Siyasi iradenin orada halk ile devleti kar\u015f\u0131 kar\u015f\u0131ya getiren \u00a0ve ulusal b\u00fct\u00fcnl\u00fc\u011f\u00fcn tart\u0131\u015fma konusu oldu\u011fu bir olayda ne kadar kay\u0131ts\u0131z davrand\u0131\u011f\u0131n\u0131 ve Uludere Kaymakam\u0131&#8217;n\u0131n olay yerine korumas\u0131z g\u00f6nderilmesini,o reflekste ,o duygusal atmosfer i\u00e7erisinde b\u00f6yle bir sald\u0131r\u0131 ortam\u0131n\u0131n g\u00f6re g\u00f6re i\u00e7erisine d\u00fc\u015fmesini g\u00f6rd\u00fck.<\/p>\n<p style=\"text-align: justify;\"><strong>&#8216;SORGULANAMAYAN \u0130KT\u0130DAR YARATMA ARZUSU&#8217;<\/strong><\/p>\n<p style=\"text-align: justify;\"><strong>AKP&#8217;ye kapatma davas\u0131 a\u00e7mak ,soru\u015fturma y\u00fcr\u00fctmek su\u00e7 mudur?<\/strong><\/p>\n<p style=\"text-align: justify;\">Mevcut soru\u015fturma ve yarg\u0131laman\u0131n geldi\u011fi boyut itibariyle bak\u0131yoruz ki iktidar part\u0131s\u0131 \u00fczerine hukuksal yollarla gitmek dahi T\u00fcrkiye&#8217;de su\u00e7 olarak g\u00f6r\u00fcl\u00fcr olmu\u015ftur.Anayasa&#8217;ya bak\u0131yorsunuz Anayasa Mahkemesi kararlar\u0131n\u0131n yarg\u0131 organlar\u0131n\u0131 bile ba\u011flad\u0131\u011f\u0131 yaz\u0131yor.Anayasa Mahkemes\u0131&#8217;nin verdi\u011fi \u00a0karar \u00f6zel yetkili yarg\u0131\u00e7lar\u0131 dahi ba\u011flamas\u0131na ra\u011fmen,iktidar partisi \u00fczerine yasal yollarla gitmek,gidenlerin sorgulanmas\u0131na,soru\u015fturulmas\u0131na veya \u00e7e\u015fitli hukuksal yollar veya yarg\u0131 organlar\u0131 \u00fczerinden rahats\u0131z edilmelerine yol a\u00e7maktad\u0131r.<\/p>\n<p style=\"text-align: justify;\">Bu T\u00fcrkiye&#8217;de sorgulanamayan bir iktidar yaratma arzusunu ortaya koymaktad\u0131r.Yarg\u0131 organlar\u0131 ve mahkemeler bu s\u00fcre\u00e7te kullan\u0131lan organlar haline getirilmi\u015ftir.\u0130ktidar kendi hukukunu yaratm\u0131\u015ft\u0131r.\u0130ktidar,yaratm\u0131\u015f oldu\u011fu kendi hukukunu yarg\u0131 organlar\u0131 \u00fczerinden uygulamaktad\u0131r,uygulatmaktad\u0131r.<\/p>\n<p style=\"text-align: justify;\"><strong>Ergenekon Davas\u0131na bakan \u0130stanbul \u00d6zel G\u00f6revli 13.A\u011f\u0131r Ceza Mahkemesi AKP&#8217;ye kapatma davas\u0131 a\u00e7an savc\u0131lar\u0131 isimlerini istemi\u015fti.Bir mahkeme neden savc\u0131lar\u0131n isimleri istedi?Buna neden gerek duydu?Mahkeme savc\u0131lar\u0131n g\u00f6revini de mi ter\u00f6r faaliyeti i\u00e7inde g\u00f6rd\u00fc?<\/strong><\/p>\n<p style=\"text-align: justify;\">O soru\u015fturma hi\u00e7 bir kurala ba\u011fl\u0131 olmaks\u0131z\u0131n ortaya koyan somut \u00f6rneklerden bir tanesidir.Herhangi bir kuralla ya da hukukla bunu a\u00e7\u0131klamak s\u00f6z konusu de\u011fildir.Yap\u0131lan i\u015fleme Yarg\u0131tay&#8217;\u0131n cevap vermesi,ayr\u0131 bir mahkemenin istek yaz\u0131s\u0131n\u0131n ne kadar hukuka ayk\u0131r\u0131l\u0131\u011f\u0131 s\u00f6z konusuysa,Yarg\u0131tay&#8217;\u0131n da yeni d\u00f6nemde buna cevap vermesi ayn\u0131 derecede ele\u015ftirilmesi gereken bir konudur.Anayasa Mahkemesi&#8217;nin karar\u0131ndan sonra bu konunun \u00fczerine gidilmesi,burada siyasi iktidar ekseninde yarg\u0131 \u00fczerinden belli siyasi iktidar\u0131n beklentileri do\u011frultusunda oyunlar\u0131n oynanmaya \u00e7al\u0131\u015f\u0131lmasd\u0131r.Yarg\u0131 \u00fczerinden y\u00fcr\u00fct\u00fclen bir s\u00fcre\u00e7tir.<\/p>\n<p style=\"text-align: justify;\"><a href=\"http:\/\/www.korhanyilmaz.com\/wp-content\/uploads\/2012\/01\/9008.jpeg\"  class=\"lightview\"><img loading=\"lazy\" decoding=\"async\" class=\"aligncenter size-full wp-image-46043\" title=\"\" src=\"http:\/\/www.korhanyilmaz.com\/wp-content\/uploads\/2012\/01\/9008.jpeg\" alt=\"\" width=\"400\" height=\"487\" \/><\/a><\/p>\n<p style=\"text-align: center;\"><a href=\"http:\/\/www.korhanyilmaz.com\/wp-content\/uploads\/2012\/01\/9006.jpg\"  class=\"lightview\"><img loading=\"lazy\" decoding=\"async\" class=\"aligncenter  wp-image-46041\" src=\"http:\/\/www.korhanyilmaz.com\/wp-content\/uploads\/2012\/01\/9006.jpg\" alt=\"\" width=\"480\" height=\"524\" \/><\/a><\/p>\n<p style=\"text-align: justify;\"><a href=\"http:\/\/www.aydinlikgazete.com\/index.php?option=com_content&amp;view=article&amp;id=7550:rtcayi-takp-suc-del-goerev&amp;catid=35:joomla&amp;Itemid=95\" target=\"_blank\">Kaynak : 11 Ocak 2012 tarihli\u00a0Ayd\u0131nl\u0131k Gazetesi Sh : 7<\/a><\/p>\n","protected":false},"excerpt":{"rendered":"<p id=\"caption-attachment-45999\" class=\"wp-caption-text\">Foto : www.aydinlikgazete.com<\/p>\n<p style=\"text-align: justify;\">Devletin irticayla m\u00fccadele kapsam\u0131nda \u00e7al\u0131\u015fma yapmas\u0131n\u0131n su\u00e7 olmas\u0131n\u0131n tart\u0131\u015f\u0131ld\u0131\u011f\u0131 son g\u00fcnlerde AKP\u2019ye kapatma davas\u0131 soru\u015fturmas\u0131nda g\u00f6rev alan savc\u0131lardan YARGISEN Genel Ba\u015fkan\u0131 \u00d6mer Faruk Emina\u011fao\u011flu sorular\u0131m\u0131z\u0131 cevaplad\u0131. Emina\u011fao\u011flu, AKP\u2019nin ulus ortak paydas\u0131n\u0131 benimsememe iradesini g\u00f6sterdi\u011fi g\u00f6r\u00fc\u015f\u00fcnde&#8230;<\/p>\n<p style=\"text-align: justify;\">Ayn\u0131 zamanda 34. Sulh Ceza Mahkemesi Hakimi olan Emina\u011fao\u011flu\u2019yla \u00c7a\u011flayan\u2019da bulunan <\/p>\n","protected":false},"author":1,"featured_media":0,"comment_status":"open","ping_status":"open","sticky":false,"template":"","format":"standard","meta":{"footnotes":""},"categories":[105],"tags":[],"class_list":["post-45998","post","type-post","status-publish","format-standard","hentry","category-gundem","odd"],"_links":{"self":[{"href":"http:\/\/www.korhanyilmaz.com\/index.php?rest_route=\/wp\/v2\/posts\/45998","targetHints":{"allow":["GET"]}}],"collection":[{"href":"http:\/\/www.korhanyilmaz.com\/index.php?rest_route=\/wp\/v2\/posts"}],"about":[{"href":"http:\/\/www.korhanyilmaz.com\/index.php?rest_route=\/wp\/v2\/types\/post"}],"author":[{"embeddable":true,"href":"http:\/\/www.korhanyilmaz.com\/index.php?rest_route=\/wp\/v2\/users\/1"}],"replies":[{"embeddable":true,"href":"http:\/\/www.korhanyilmaz.com\/index.php?rest_route=%2Fwp%2Fv2%2Fcomments&post=45998"}],"version-history":[{"count":0,"href":"http:\/\/www.korhanyilmaz.com\/index.php?rest_route=\/wp\/v2\/posts\/45998\/revisions"}],"wp:attachment":[{"href":"http:\/\/www.korhanyilmaz.com\/index.php?rest_route=%2Fwp%2Fv2%2Fmedia&parent=45998"}],"wp:term":[{"taxonomy":"category","embeddable":true,"href":"http:\/\/www.korhanyilmaz.com\/index.php?rest_route=%2Fwp%2Fv2%2Fcategories&post=45998"},{"taxonomy":"post_tag","embeddable":true,"href":"http:\/\/www.korhanyilmaz.com\/index.php?rest_route=%2Fwp%2Fv2%2Ftags&post=45998"}],"curies":[{"name":"wp","href":"https:\/\/api.w.org\/{rel}","templated":true}]}}