{"id":45993,"date":"2012-01-11T17:21:58","date_gmt":"2012-01-11T15:21:58","guid":{"rendered":"http:\/\/www.korhanyilmaz.com\/?p=45993"},"modified":"2012-01-11T19:35:05","modified_gmt":"2012-01-11T17:35:05","slug":"lami-cimi-yok-tahliye-edilmesi-gerekir","status":"publish","type":"post","link":"http:\/\/www.korhanyilmaz.com\/?p=45993","title":{"rendered":"&#8216;Lam\u0131 cimi yok tahliye edilmesi gerekir&#8217;"},"content":{"rendered":"<p style=\"text-align: center;\"><a href=\"http:\/\/www.korhanyilmaz.com\/wp-content\/uploads\/2012\/01\/8995.jpg\"  class=\"lightview\"><img loading=\"lazy\" decoding=\"async\" class=\"aligncenter  wp-image-45994\" src=\"http:\/\/www.korhanyilmaz.com\/wp-content\/uploads\/2012\/01\/8995.jpg\" alt=\"\" width=\"408\" height=\"200\" \/><\/a><\/p>\n<p style=\"text-align: justify;\">Ba\u015fbakan Yard\u0131mc\u0131s\u0131 B\u00fclent Ar\u0131n\u00e7, cezaevindeki Mustafa Balbay&#8217;\u0131 kastederek, &#8221;Kald\u0131 ki onlar\u0131n cezaevi \u015fartlar\u0131n\u0131 d\u00fc\u015f\u00fcnelim. Bug\u00fcn gazeteci milletvekili arkada\u015f\u0131m\u0131z var i\u00e7eride. Her zaman s\u00f6yl\u00fcyorum, milletvekilinin yeri parlamentodur. \u0130\u00e7erideyken se\u00e7ilmi\u015f olmas\u0131 onun derhal tahliye edilmesini gerektirir. Bunun lam\u0131, cimi yok&#8221; dedi.\u00a0<!--more--><\/p>\n<p style=\"text-align: justify;\">Ar\u0131n\u00e7, d\u00fcn Ba\u015fbakanl\u0131k Merkez Bina&#8217;da T\u00fcrkiye Gazeteciler Federasyonu Genel Ba\u015fkan\u0131 Atilla Sertel, Ankara Gazeteciler Cemiyeti Ba\u015fkan\u0131 Nazmi Bilgin ile beraberindeki cemiyet ba\u015fkanlar\u0131n\u0131 ve gazeteci derneklerinin ba\u015fkanlar\u0131n\u0131 &#8217;10 Ocak \u00c7al\u0131\u015fan Gazeteciler G\u00fcn\u00fc&#8217; dolay\u0131s\u0131yla kabul etti.<\/p>\n<p style=\"text-align: justify;\">Sertel, g\u00f6r\u00fc\u015fmenin ba\u015f\u0131nda Ar\u0131n\u00e7&#8217;a gazetecilerin vizesiz, gri pasaportla seyahat edebilmelerine imkan sa\u011flamas\u0131ndan dolay\u0131 te\u015fekk\u00fcr etti. Sertel, gazetecilerin y\u0131pranma paylar\u0131n\u0131n geri getirilmesi talebini Ar\u0131n\u00e7&#8217;a ileterek, sosyal ve ekonomik isteklerini dile getirdi. Sertel, hapisteki gazetecilerin tutukluluk s\u00fcrelerinin bin g\u00fcn\u00fc a\u015ft\u0131\u011f\u0131n\u0131 ifade ederek, gazetecilerin \u00f6zg\u00fcrce yazabilmeleri ve konu\u015fabilmelerinin \u00f6n\u00fcndeki engellerin kald\u0131r\u0131lmas\u0131n\u0131 istedi. Ar\u0131n\u00e7, medyan\u0131n dev bir sekt\u00f6r oldu\u011funu dile getirerek, \u201cSorunlar\u0131 talepleri var. Talepleri yerine getirmek bizim g\u00f6revimiz\u201d diye konu\u015ftu.<\/p>\n<p style=\"text-align: justify;\">Bas\u0131n Yay\u0131n Enformasyon Genel M\u00fcd\u00fcrl\u00fc\u011f\u00fc ve Bas\u0131n \u0130lan Kurumunun \u00e7al\u0131\u015fmalar\u0131 hakk\u0131nda gazeteci \u00f6rg\u00fctlerinin y\u00f6neticilerini bilgilendiren Ar\u0131n\u00e7, sar\u0131 bas\u0131n kart\u0131 sahiplerinin avantajlar\u0131n\u0131 geni\u015fleterek devam ettirmek arzusunda olduklar\u0131n\u0131 kaydetti. Ar\u0131n\u00e7, y\u0131pranma pay\u0131n\u0131n bir zamanlar bulundu\u011funu ve art\u0131k kalkt\u0131\u011f\u0131n\u0131 hat\u0131rlatarak, k\u0131dem tazminat\u0131 ile ilgili geli\u015fmeler bulundu\u011funu bildirdi.<\/p>\n<p style=\"text-align: justify;\"><strong>&#8216;YARGITAY KARARLARI FARKLI \u015eEK\u0130LDE TECELL\u0130 ETMEYE BA\u015eLADI&#8217;\u00a0<\/strong><\/p>\n<p style=\"text-align: justify;\">Ar\u0131n\u00e7, bas\u0131n ve ifade \u00f6zg\u00fcrl\u00fc\u011f\u00fcn\u00fcn bug\u00fcnlerin g\u00fcncel konusu oldu\u011funa dikkati \u00e7ekerek, \u201cCezaevinde tutuklu veya h\u00fck\u00fcml\u00fc gazeteciler vard\u0131r. Samimi olarak tekrar s\u00f6yleyeyim. Y\u00fczde 80&#8217;i Ter\u00f6rle M\u00fccadele Kanununa ayk\u0131r\u0131 eylemleri ve faaliyetleri sebebiyle tutuklu veya h\u00fck\u00fcml\u00fc\u201d ifadesini kulland\u0131.<\/p>\n<p style=\"text-align: justify;\">Ar\u0131n\u00e7, Ter\u00f6rle M\u00fccadele Kanunu&#8217;nun 6,7 ve m\u00fcteakip maddelerinde de\u011fi\u015fiklik yap\u0131lmad\u0131\u011f\u0131 takdirde ve \u201c\u00f6zellikle belli ama\u00e7larla \u00e7\u0131kan gazetelerin \u00e7al\u0131\u015fanlar\u0131n\u0131n\u201d tehdit alt\u0131nda kalmaya devam edeceklerini belirterek, \u015funlar\u0131 s\u00f6yledi:<\/p>\n<p style=\"text-align: justify;\">\u201cTer\u00f6r \u00f6rg\u00fct\u00fcn\u00fcn propagandas\u0131n\u0131 yapma, ter\u00f6r eylemlerine \u015fu \u015fekilde veya bu \u015fekilde katk\u0131 sa\u011flamak, okudu\u011fu bildiri bile olsa \u00f6rg\u00fctle do\u011frudan ba\u011flant\u0131l\u0131 say\u0131lmak, Ter\u00f6rle M\u00fccadele Kanunu Kanunu i\u00e7erisinde var. Bunun cezalar\u0131 2006&#8217;da yap\u0131lan bir de\u011fi\u015fiklikle art\u0131r\u0131lm\u0131\u015f. O zaman demi\u015fler ki; ter\u00f6rle m\u00fccadelede daha etkili olmak i\u00e7in bunlar\u0131n cezas\u0131n\u0131n artmas\u0131 laz\u0131m. \u015eimdi, \u015fimdi i\u00e7eridekilere bak\u0131n\u0131z. \u0130simleri de var, sizde de var, bizde de var. Birbirine eklenip bir de katland\u0131\u011f\u0131 zaman bu cezalar\u0131n s\u00fcresi fazla oluyor, hem de buradan ka\u00e7\u0131p kurtulmak m\u00fcmk\u00fcn olmuyor. Oysa son y\u0131llarda Yarg\u0131tay kararlar\u0131 farkl\u0131 \u015fekillerde tecelli etmeye ba\u015flad\u0131. Mesela &#8216;Say\u0131n Apo&#8217; dedi\u011fi zaman birisi ter\u00f6r \u00f6rg\u00fct\u00fcn\u00fcn liderinin ve hakk\u0131nda a\u011f\u0131rla\u015ft\u0131r\u0131lm\u0131\u015f m\u00fcebbet cezas\u0131 olan bir kimseyi \u00f6v\u00fcc\u00fc mahiyette kabul edilmi\u015f, ceza verilmi\u015f. Ba\u015fka bir zamanda ba\u015fka biri bunu s\u00f6ylemi\u015f, mahkeme beraat karar\u0131 vermi\u015f. Beraat karar\u0131n\u0131 Yarg\u0131tay onam\u0131\u015f. \u015eimdi iki farkl\u0131 i\u00e7tihatla kar\u015f\u0131 kar\u015f\u0131yay\u0131z. \u015eimdi art\u0131k en az\u0131ndan bunu bir propaganda su\u00e7u olmaktan \u00e7\u0131karmak bence aklen ve mant\u0131ken do\u011fru olacakt\u0131r.\u201d<\/p>\n<p style=\"text-align: justify;\"><strong>&#8216;BASIN \u00d6ZG\u00dcRL\u00dc\u011e\u00dcN\u00dcN \u00d6N\u00dcNDE ENGEL G\u0130B\u0130 G\u00d6R\u00dcNEN HUSUSLARDA \u0130Y\u0130LE\u015eT\u0130RME YAPALIM&#8217;\u00a0<\/strong><\/p>\n<p style=\"text-align: justify;\">Ar\u0131n\u00e7, propagandan\u0131n kendi unsurlar\u0131 i\u00e7inde g\u00f6zden ge\u00e7irilmesi gerekti\u011fini dile getirerek, \u201cEn az\u0131ndan d\u00fc\u015f\u00fcnd\u00fc\u011f\u00fc ve yazd\u0131\u011f\u0131 i\u00e7in \u00f6rg\u00fct \u00fcyeli\u011finden, hem propaganda su\u00e7undan ayr\u0131 ayr\u0131 cezalar\u0131n al\u0131nmas\u0131n\u0131 ve birle\u015ftirilmesini de \u00e7\u0131karmak laz\u0131m. Bu benim \u015fahsi d\u00fc\u015f\u00fcncem. Bu d\u00fc\u015f\u00fcncemi payla\u015fan \u00e7ok az insan var \u015fu anda. Neden? \u00c7\u00fcnk\u00fc ter\u00f6r var, ter\u00f6r \u00f6rg\u00fct\u00fc, ter\u00f6rist faaliyetler var. Bazen 24 tane askerimizin can\u0131n\u0131 al\u0131yor, bazen karn\u0131nda 8 ayl\u0131k \u00e7ocu\u011funu ta\u015f\u0131yan anneyi hedef al\u0131yor. Bazen Bing\u00f6l&#8217;de oldu\u011fu gibi \u00fczerine atlayarak \u00e7ocuklar\u0131n\u0131 kurtarmak isteyen bir kad\u0131n\u0131m\u0131z\u0131n, bac\u0131m\u0131z\u0131n hayat\u0131na son veriyor. Bu kadar ac\u0131mas\u0131z, bu kadar g\u00f6z\u00fc d\u00f6nm\u00fc\u015f bir \u00f6rg\u00fct\u00fcn bulundu\u011fu yerde &#8216;Karde\u015fim sen neden bahsediyorsun&#8217; da denebilir. Ama fikir ve d\u00fc\u015f\u00fcnce \u00f6zg\u00fcrl\u00fc\u011f\u00fc b\u00fct\u00fcn \u00f6zg\u00fcrl\u00fcklerin \u00fczerindedir. Yani tarif \u00f6yledir\u201d de\u011ferlendirmesinde bulundu.<\/p>\n<p style=\"text-align: justify;\">Ar\u0131n\u00e7, ifade \u00f6zg\u00fcrl\u00fc\u011f\u00fcn\u00fcn b\u00fct\u00fcn \u00f6zg\u00fcrl\u00fcklerin bile\u015fkesi oldu\u011funa i\u015faret ederek, bu konuda Adalet Bakan\u0131 ile bir \u00e7al\u0131\u015fma i\u00e7inde olduklar\u0131n\u0131 ve muhalefet partilerinin de desteklerini beklediklerini kaydetti. Ar\u0131n\u00e7, \u201cTer\u00f6rle sonuna kadar m\u00fccadele edelim. \u0130fade \u00f6zg\u00fcrl\u00fc\u011f\u00fcn\u00fcn, bas\u0131n \u00f6zg\u00fcrl\u00fc\u011f\u00fcn\u00fcn \u00f6n\u00fcnde engel gibi g\u00f6r\u00fcnen hususlarda bir iyile\u015ftirme yapal\u0131m. \u015eahsi kanaatimi s\u00f6yleyeyim; haz\u0131rl\u0131klar\u0131m\u0131z var. Bunu Bakanlar Kuruluna takdim etmedik\u201d dedi.<\/p>\n<p style=\"text-align: justify;\"><strong>&#8216;LAMI C\u0130M\u0130 YOK TAHL\u0130YE ED\u0130LMES\u0130 LAZIM&#8217;\u00a0<\/strong><\/p>\n<p style=\"text-align: justify;\">Ar\u0131n\u00e7, tutukluluk s\u00fcreleri ile ilgili olarak ise \u201cKimsenin cezaevine at\u0131lmas\u0131 ve uzun s\u00fcre i\u00e7eride kalmas\u0131 bizi memnun etmez. Kendinizi o ki\u015filerin yerine koyun. Bir saniye, bir dakika, bir g\u00fcn \u015fahsi h\u00fcrriyeti ba\u011flay\u0131c\u0131 ceza bir insan i\u00e7in en b\u00fcy\u00fck i\u015fkencedir. B\u0131rak\u0131n cezaevine konmay\u0131, \u015fu kap\u0131y\u0131 d\u0131\u015far\u0131dan kilitlesem, bir g\u00fcn yaln\u0131z ba\u015f\u0131na kalacaks\u0131n desem, herhalde bundan daha b\u00fcy\u00fck bir ac\u0131, bundan daha b\u00fcy\u00fck bir eza olamaz. Kald\u0131 ki onlar\u0131n cezaevi \u015fartlar\u0131n\u0131 d\u00fc\u015f\u00fcnelim. Bug\u00fcn gazeteci milletvekili arkada\u015f\u0131m\u0131z var i\u00e7eride. Her zaman s\u00f6yl\u00fcyorum, milletvekilinin yeri parlamentodur. \u0130\u00e7erideyken se\u00e7ilmi\u015f olmas\u0131 onun derhal tahliye edilmesini gerektirir. Bunun lam\u0131, cimi yok. Sevdi\u011fim i\u00e7in, be\u011fendi\u011fim i\u00e7in, ayn\u0131 partiden oldu\u011fum i\u00e7in s\u00f6ylemiyorum. Milletin oy vererek parlamentoya g\u00f6nderdi\u011fi insan\u0131 hi\u00e7bir sebeple i\u00e7eride tutmaya hakk\u0131n\u0131z yok\u201d ifadelerini kulland\u0131.<\/p>\n<p style=\"text-align: justify;\"><strong>&#8216;KA\u00c7ARSA KA\u00c7SIN&#8217;\u00a0<\/strong><\/p>\n<p style=\"text-align: justify;\">Tutuksuz yarg\u0131lananlar i\u00e7in \u201cka\u00e7ma\u201d ihtimali bulundu\u011fu y\u00f6n\u00fcnde s\u00f6ylemler bulundu\u011funu anlatan Ar\u0131n\u00e7, \u015f\u00f6yle devam etti:<\/p>\n<p style=\"text-align: justify;\">\u201cKa\u00e7arm\u0131\u015f, \u015f\u00f6yle yaparm\u0131\u015f, b\u00f6yle yaparm\u0131\u015f, milletin verdi\u011fi karara yarg\u0131n\u0131n da sayg\u0131 duymas\u0131 laz\u0131m. Bunu Meclis k\u00fcrs\u00fcs\u00fcnden s\u00f6yledim. Ama ne gariptir, anamuhalefet partisinin temsilcileri bile &#8216;Bu adam timsah g\u00f6zya\u015f\u0131 d\u00f6k\u00fcyor. Bu adam samimiyetsiz&#8217; diye beyanat verdiler. Ba\u015flar\u0131nda da hakime han\u0131m<\/p>\n<p style=\"text-align: justify;\">oldu\u011funu bildi\u011fimiz bir grup ba\u015fkanvekili olmak \u00fczere. Milletvekili olan da olmayan arkada\u015flar\u0131m\u0131z da var. Gazeteciler ve hangi meslekten olursa olsun, tutukluluk istisnai olmal\u0131. Deliller toplanm\u0131\u015fsa, yarg\u0131lama devam ediyorsa, toplumdaki s\u0131fat\u0131 falan, bunlarda subjektif bir de\u011ferlendirme olabilir, ka\u00e7ma endi\u015fesi alt\u0131nda bir insan s\u00fcrekli kalamaz, mutlaka mahkemenin bunu de\u011ferlendirmesi laz\u0131m. Bana k\u0131zanlar &#8216;Bak bir tanesi ka\u00e7t\u0131&#8217; diyorlar. T\u00fcmgeneralin birisi ka\u00e7m\u0131\u015f, ka\u00e7arsa ka\u00e7s\u0131n. Geneli i\u00e7in bunu s\u00f6yleyemezsiniz. Ka\u00e7arsa ka\u00e7s\u0131n. Ka\u00e7arsa yakalayacaks\u0131n, yakalayam\u0131yorsan da b\u0131rak nereye ka\u00e7arsa ka\u00e7s\u0131n. Yani o \u00f6rne\u011fe bakarak i\u00e7eridekilerin hepsi ka\u00e7acak g\u00f6z\u00fcyle bakamazs\u0131n sen. Ka\u00e7an kendine yaz\u0131k eder. Yarg\u0131lanmas\u0131, aklanmas\u0131 veya su\u00e7unun kar\u015f\u0131l\u0131\u011f\u0131n\u0131 g\u00f6rmesidir aslolan. O b\u00fct\u00fcn bir \u00f6m\u00fcr boyunca bunun ay\u0131b\u0131n\u0131 ya\u015fayacakt\u0131r. O insan ka\u00e7t\u0131 diye i\u00e7eridekilerin hepsi ka\u00e7acak diye bakamazs\u0131n\u0131z, bakmamal\u0131s\u0131n\u0131z.\u201d<\/p>\n<p style=\"text-align: justify;\">Ar\u0131n\u00e7, insani olandan yana olduklar\u0131na i\u015faret ederek, \u015funlar\u0131 kaydetti:<\/p>\n<p style=\"text-align: justify;\">\u201c\u0130\u00e7eride tutuklu ya da h\u00fck\u00fcml\u00fc olanlar\u0131n yak\u0131nlar\u0131ndan birisi \u00e7ok a\u011f\u0131r hasta ise hatta vefat etmi\u015fse onu gidip g\u00f6rmesi i\u00e7in izin veren bir kanunu konu\u015fuyoruz. Ne kadar g\u00fczel. Yani i\u00e7eridekinin ac\u0131s\u0131n\u0131n 10 misli daha katlanmas\u0131ndan ziyade, &#8216;Gidip annemi son defa g\u00f6reyim. Babam\u0131 son defa g\u00f6reyim. Karde\u015fim ile helalle\u015feyim demesi&#8217; bir insan\u0131n insanl\u0131k vasf\u0131d\u0131r. Buna hangi kanun engel olabilir veya olmal\u0131. Ama ayn\u0131 \u015fey Apo i\u00e7in de ge\u00e7erli olacak m\u0131? Evet belki de olacak. Ama Apo&#8217;ya bakarak i\u00e7erideki y\u00fczlerce insan\u0131n bir haktan mahrum olmas\u0131n\u0131 dikkate almamak laz\u0131m. Ben bu Meclis&#8217;te bunu g\u00f6rd\u00fcm maalesef. \u00d6\u011fretim ile ilgili af kanunu \u00e7\u0131kart\u0131l\u0131yor. Hemen &#8216;Bundan Apo da istifade eder mi?&#8217; Allah Allah&#8230; Apo bir defa a\u011f\u0131rla\u015ft\u0131r\u0131lm\u0131\u015f m\u00fcebbet hapse mahkum. Sen onun bu haktan mahrum olmas\u0131n\u0131 d\u00fc\u015f\u00fcn\u00fcyorsan, do\u011fru da d\u00fc\u015f\u00fcn\u00fcyor olabilirsin. O zaman dersin ki, \u015fu cezaya mahkum olanlar bundan istifade edemezler. Ama o korkuyu g\u00f6stererek y\u00fczlerce insan\u0131n e\u011fitim hakk\u0131ndan mahrum edilmesini ben anlayam\u0131yorum do\u011frusu.\u201d<\/p>\n<p style=\"text-align: justify;\"><strong>&#8216;KORKULARDAN KURTULMAMIZ LAZIM&#8217;\u00a0<\/strong><\/p>\n<p style=\"text-align: justify;\">\u201cKorkulardan kurtulmam\u0131z laz\u0131m\u201d diyen Ar\u0131n\u00e7, insani olanda karar verilmesi gerekti\u011fini ve b\u00fct\u00fcn i\u015fin de yarg\u0131ya d\u00fc\u015ft\u00fc\u011f\u00fcn\u00fc s\u00f6yleyerek \u015funlar\u0131 belirtti:<\/p>\n<p style=\"text-align: justify;\">\u201cBiliyorsunuz benim konu\u015fmalar\u0131m\u0131 mahkeme ba\u015fkan\u0131na anlatan avukatlara ve san\u0131klara verilen cevap \u015fudur; &#8216;Bu konu\u015fmalardan bizim haberimiz yok, bizi ilgilendirmez.&#8217; Yarg\u0131n\u0131n durumu b\u00f6yledir. Yarg\u0131 ba\u011f\u0131ms\u0131zd\u0131r. Kararlar\u0131 kendi i\u00e7inde denetime tabidir. Benim s\u00f6ylemem onlara talimat olarak zaten alg\u0131lanmamal\u0131. Ben temennimi ifade ediyorum. Ben yarg\u0131\u00e7 olsayd\u0131m b\u00f6yle karar verirdim diye d\u00fc\u015f\u00fcn\u00fcyordum. Ama onlar\u0131n nas\u0131l karar verece\u011fini benim buradan s\u00f6ylemem m\u00fcmk\u00fcn de\u011fil. Bizim yarg\u0131dan beklentimiz yaz\u0131l\u0131 hukukun \u015fan\u0131na biraz da vicdanlar\u0131n\u0131 koyacaklar. Yaz\u0131l\u0131 hukuku uyguluyorsun. Hukuku uygulayan yarg\u0131\u00e7t\u0131r. Yarg\u0131c\u0131n yorumudur. B\u00f6yle bir kanun maddesini sen \u00f6zg\u00fcrl\u00fck\u00e7\u00fc yorumla ele al\u0131rsan, \u00f6zg\u00fcrl\u00fck olur. Bask\u0131c\u0131 y\u00f6ntemle ele al\u0131rsan cezan\u0131n katmerlisini verirsin. \u0130\u015f sende, yorumu sen yapacaks\u0131n ve o yorum e\u011fer ger\u00e7ekten hukuka, vicdana uygunsa emin olun yarg\u0131tay onu onar. Ceza Genel Kurulu onu onar.\u201d<\/p>\n<p style=\"text-align: justify;\">Ar\u0131n\u00e7, 1985 y\u0131l\u0131nda \u0130zmir&#8217;de yapt\u0131\u011f\u0131 bir konu\u015fma nedeniyle yarg\u0131land\u0131\u011f\u0131n\u0131 ve 5 sene hapis cezas\u0131na \u00e7arpt\u0131r\u0131ld\u0131\u011f\u0131n\u0131 dile getirerek, \u201c1,5 saat konu\u015fmu\u015fum, bir c\u00fcmlemden dolay\u0131. O zaman 163. madde var. 9. Ceza Dairesine geldi dosyam. Dedi\u011fim, ceza dairesi bozdu. 1,5 saatlik konu\u015fma, 15 sayfal\u0131k gerek\u00e7eli karar\u0131 bir tek c\u00fcmle ile bozdu; &#8216;sosyal devlet d\u00fczenini ele\u015ftirmek su\u00e7 de\u011fildir.&#8217; Alt\u0131n harflerle yaz\u0131lmas\u0131 laz\u0131m\u201d dedi.<\/p>\n<p style=\"text-align: justify;\">Ar\u0131n\u00e7, DGM&#8217;nin \u0131srar etmesi \u00fczerine karar\u0131n Ceza Genel Kurulu&#8217;na geldi\u011fini ve ayn\u0131 gerek\u00e7e ile karar\u0131n yine bozuldu\u011funa i\u015faret ederek, \u201cOrada hakimler var. Vicdanl\u0131 insanlar var. Bozmad\u0131klar\u0131 i\u00e7eride 22 ay yatt\u0131, ondan sonra \u00e7\u0131kt\u0131. Bug\u00fcn, Yarg\u0131tay\u0131n kararlar\u0131 \u00f6zg\u00fcrl\u00fck\u00e7\u00fc anlay\u0131\u015fta olursa b\u00fcy\u00fck bir payda\u015f bulaca\u011f\u0131na inan\u0131yorum. O y\u00fczden yarg\u0131 bu sorunu kendisi \u00e7\u00f6zecek. Bizim talimat\u0131m\u0131zla \u00e7\u00f6z\u00fclecek filan de\u011fil. Do\u011fru da de\u011fil. 3 tane erk var. Yasama, y\u00fcr\u00fctme ve yarg\u0131. Ben yasaman\u0131n mensubuyum, ayn\u0131 zamanda y\u00fcr\u00fctmenin i\u00e7indeyim. Yarg\u0131ya ben sadece d\u00fc\u015f\u00fcncelerimi ifade ediyorum. Onlar\u0131n bu konuda gerekli olanlar\u0131 s\u00f6ylemesi, yapmas\u0131 gerekir\u201d diye konu\u015ftu.<\/p>\n<p style=\"text-align: justify;\"><a href=\"http:\/\/www.muhalifgazete.com\/29541-Bulent-Arinctan-sasirtan-Balbay-cikisi.htm\" target=\"_blank\">Kaynak : Muhalif Gazete<\/a><\/p>\n","protected":false},"excerpt":{"rendered":"<p style=\"text-align: center;\">\n<p style=\"text-align: justify;\">Ba\u015fbakan Yard\u0131mc\u0131s\u0131 B\u00fclent Ar\u0131n\u00e7, cezaevindeki Mustafa Balbay&#8217;\u0131 kastederek, &#8221;Kald\u0131 ki onlar\u0131n cezaevi \u015fartlar\u0131n\u0131 d\u00fc\u015f\u00fcnelim. Bug\u00fcn gazeteci milletvekili arkada\u015f\u0131m\u0131z var i\u00e7eride. Her zaman s\u00f6yl\u00fcyorum, milletvekilinin yeri parlamentodur. \u0130\u00e7erideyken se\u00e7ilmi\u015f olmas\u0131 onun derhal tahliye edilmesini gerektirir. Bunun lam\u0131, cimi yok&#8221; dedi. <\/p>\n","protected":false},"author":1,"featured_media":0,"comment_status":"open","ping_status":"open","sticky":false,"template":"","format":"standard","meta":{"footnotes":""},"categories":[105],"tags":[],"class_list":["post-45993","post","type-post","status-publish","format-standard","hentry","category-gundem","odd"],"_links":{"self":[{"href":"http:\/\/www.korhanyilmaz.com\/index.php?rest_route=\/wp\/v2\/posts\/45993","targetHints":{"allow":["GET"]}}],"collection":[{"href":"http:\/\/www.korhanyilmaz.com\/index.php?rest_route=\/wp\/v2\/posts"}],"about":[{"href":"http:\/\/www.korhanyilmaz.com\/index.php?rest_route=\/wp\/v2\/types\/post"}],"author":[{"embeddable":true,"href":"http:\/\/www.korhanyilmaz.com\/index.php?rest_route=\/wp\/v2\/users\/1"}],"replies":[{"embeddable":true,"href":"http:\/\/www.korhanyilmaz.com\/index.php?rest_route=%2Fwp%2Fv2%2Fcomments&post=45993"}],"version-history":[{"count":0,"href":"http:\/\/www.korhanyilmaz.com\/index.php?rest_route=\/wp\/v2\/posts\/45993\/revisions"}],"wp:attachment":[{"href":"http:\/\/www.korhanyilmaz.com\/index.php?rest_route=%2Fwp%2Fv2%2Fmedia&parent=45993"}],"wp:term":[{"taxonomy":"category","embeddable":true,"href":"http:\/\/www.korhanyilmaz.com\/index.php?rest_route=%2Fwp%2Fv2%2Fcategories&post=45993"},{"taxonomy":"post_tag","embeddable":true,"href":"http:\/\/www.korhanyilmaz.com\/index.php?rest_route=%2Fwp%2Fv2%2Ftags&post=45993"}],"curies":[{"name":"wp","href":"https:\/\/api.w.org\/{rel}","templated":true}]}}