{"id":45989,"date":"2012-01-11T13:42:34","date_gmt":"2012-01-11T11:42:34","guid":{"rendered":"http:\/\/www.korhanyilmaz.com\/?p=45989"},"modified":"2012-01-11T16:56:23","modified_gmt":"2012-01-11T14:56:23","slug":"uluderede-abdnin-parmagi-var","status":"publish","type":"post","link":"http:\/\/www.korhanyilmaz.com\/?p=45989","title":{"rendered":"&#8220;Uludere&#8217;de ABD&#8217;nin parma\u011f\u0131 var&#8221;"},"content":{"rendered":"<p style=\"text-align: center;\"><a href=\"http:\/\/www.korhanyilmaz.com\/wp-content\/uploads\/2012\/01\/8994.jpg\"  class=\"lightview\"><img loading=\"lazy\" decoding=\"async\" class=\"aligncenter  wp-image-45990\" src=\"http:\/\/www.korhanyilmaz.com\/wp-content\/uploads\/2012\/01\/8994.jpg\" alt=\"\" width=\"367\" height=\"210\" \/><\/a><\/p>\n<p style=\"text-align: justify;\">BDP E\u015fba\u015fkan\u0131 Selahattin Demirta\u015f, Genelkurmay Ba\u015fkan\u0131 hakk\u0131nda sarfetti\u011fi &#8220;onba\u015f\u0131&#8221; s\u00f6zlerine a\u00e7\u0131kl\u0131k getirdi. Demirta\u015f, ABD&#8217;nin Uludere katliam\u0131nda sorumlulu\u011fu bulundu\u011funu da ileri s\u00fcrd\u00fc.<\/p>\n<p style=\"text-align: justify;\">D\u0130YARBAKIR &#8211; BDP Genel Ba\u015fkan\u0131 Selahattin Demirta\u015f, Genelkurmay Ba\u015fkan\u0131 Orgeneral Necdet \u00d6zel&#8217;e &#8216;Onba\u015f\u0131&#8217; dedi\u011fi i\u00e7in kendisine &#8216;De\u011fil onba\u015f\u0131, u\u015fakl\u0131\u011f\u0131n\u0131 yapt\u0131\u011f\u0131n ter\u00f6r \u00f6rg\u00fct\u00fcnde sana 10 koyun bile teslim etmezler&#8217; diyen Ba\u015fbakan Recep Tayyip Erdo\u011fan&#8217;a yan\u0131t verdi. Demirta\u015f, &#8220;Savc\u0131lar, eski Genelkurmay Ba\u015fkanlar\u0131na, y\u00fczlerce generale ter\u00f6ristba\u015f\u0131 diyor kimsenin zoruna gitmiyor. Ben onba\u015f\u0131 deyince mi zorlar\u0131na gidiyor?&#8221; dedi.\u00a0<!--more--><\/p>\n<p style=\"text-align: justify;\">Diyarbak\u0131r&#8217;da bir araya gelen Bar\u0131\u015f ve Demokrasi Partisi (BDP), Hak ve \u00d6zg\u00fcrl\u00fckler Partisi (HAK-PAR), Kat\u0131l\u0131mc\u0131 Demokrasi Partisi (KADEP), \u00d6zg\u00fcrl\u00fck ve Sosyalizm Partisi (\u00d6SP), Demokratik Toplum Kongresi (DTK), K\u00fcrt Demokratik Birlik Hareketi (TEV-KURD), Devrimci Demokratik K\u00fcrt Hareketi (TD\u015eK) y\u00f6neticileri, &#8216;K\u00fcrtlerin K\u00fcrdistan co\u011frafyas\u0131nda kendi kendini y\u00f6netme&#8217; hakk\u0131n\u0131 i\u00e7eren siyasal bir stat\u00fcn\u00fcn tan\u0131nmas\u0131n\u0131 sa\u011flamak \u00fczere birlikte ve ortak hareket etme karar\u0131 ald\u0131klar\u0131n\u0131 a\u00e7\u0131klad\u0131.<\/p>\n<p style=\"text-align: justify;\"><strong>&#8216;YEN\u0130 ANAYASA TAR\u0130H\u0130 FIRSAT&#8217;<\/strong><\/p>\n<p style=\"text-align: justify;\">BDP Genel Ba\u015fkan\u0131 Selahattin Demirta\u015f, HAK-PAR Genel Ba\u015fkan\u0131 Bayram Bozyel, KADEP Genel Ba\u015fkan Yard\u0131mc\u0131s\u0131 Nadir Yekta\u015f, DTK Anayasa Komisyonu \u00dcyesi avukat Cabbar Leygara, \u00d6SP Genel Ba\u015fkan\u0131 Sinan \u00c7ifty\u00fcrek, TEV-KURD sekreteryas\u0131ndan avukat S\u0131dk\u0131 Zilan, TD\u015eK sekreteryas\u0131ndan \u0130mam Ta\u015f\u00e7\u0131er ortak bir deklarasyonla, yeni anayasa yap\u0131m s\u00fcrecinde K\u00fcrt siyasi parti ve \u00f6rg\u00fctleri olarak taleplerini a\u00e7\u0131klad\u0131.<\/p>\n<p style=\"text-align: justify;\">K\u00fcrt siyasi \u00f6rg\u00fctleri ad\u0131na haz\u0131rlanan ortak a\u00e7\u0131klaman\u0131n T\u00fcrk\u00e7esini okuyan Selahattin Demirta\u015f, T\u00fcrkiye&#8217;nin yakla\u015f\u0131k bir as\u0131rd\u0131r ulus devlet yap\u0131lanmas\u0131 nedeniyle, Anadolu co\u011frafyas\u0131nda ya\u015fayan, T\u00fcrk ve S\u00fcnni olmayan her sosyal kesime ret, inkar ve \u015fiddet politikalar\u0131 uygulad\u0131\u011f\u0131n\u0131 \u00f6ne s\u00fcrd\u00fc.<\/p>\n<p style=\"text-align: justify;\">T\u00fcrkiye Cumhuriyeti Devleti&#8217;nin \u00f6zg\u00fcrl\u00fck\u00e7\u00fc ve e\u015fitlik\u00e7i toplum yaratma y\u00f6n\u00fcnde esasl\u0131 ad\u0131mlar atmad\u0131\u011f\u0131n\u0131 ileri s\u00fcren Demirta\u015f, \u015f\u00f6yle dedi;&#8221;E\u011fer bir zihniyet de\u011fi\u015fiminin ifadesi olarak de\u011ferlendirilebilirse, cumhuriyet tarihi boyunca halklar\u0131m\u0131z ilk kez demokratik bir anayasa yapma f\u0131rsat\u0131yla kar\u015f\u0131 kar\u015f\u0131yad\u0131r. K\u00fcrt sorununun demokratik, bar\u0131\u015f\u00e7\u0131l \u00e7\u00f6z\u00fcm\u00fc bak\u0131m\u0131ndan \u00f6nemli ve tarihi de\u011ferde niteledi\u011fimiz bu f\u0131rsat, e\u015fitlik\u00e7i ve \u00f6zg\u00fcrl\u00fck\u00e7\u00fc bir toplum \u00f6zlemini kar\u015f\u0131laman\u0131n bir zeminine d\u00f6n\u00fc\u015ft\u00fcr\u00fclebilir. S\u00f6z konusu f\u0131rsat\u0131n toplumsal ger\u00e7ekli\u011fe uygun bi\u00e7imde kullan\u0131lmas\u0131, \u00f6zg\u00fcr bir tart\u0131\u015fma ortam\u0131ndan \u00e7\u0131kan ve b\u00fct\u00fcn toplum kesimlerinin haklar\u0131n\u0131n garanti alt\u0131na al\u0131naca\u011f\u0131n\u0131 ifade eden ortak bir iradeyle m\u00fcmk\u00fcnd\u00fcr.&#8221;<\/p>\n<p style=\"text-align: justify;\"><strong>&#8216;K\u00dcRTLER, KEND\u0130 KEND\u0130N\u0130 Y\u00d6NETEB\u0130LMEL\u0130&#8217;<\/strong><\/p>\n<p style=\"text-align: justify;\">K\u00fcrt siyasi parti ve hareketleri olarak, yeni anayasa yap\u0131m s\u00fcrecinde K\u00fcrt halk\u0131n\u0131n ulusal demokratik haklar\u0131 i\u00e7in ortak hareket etme kararl\u0131l\u0131\u011f\u0131nda olduklar\u0131n\u0131, bunun i\u00e7in de yeni anayasa yap\u0131m s\u00fcrecine etkin bir bi\u00e7imde m\u00fcdahil olacaklar\u0131n\u0131 kaydeden Demirta\u015f, s\u00f6zlerini \u015f\u00f6yle s\u00fcrd\u00fcrd\u00fc:<\/p>\n<p style=\"text-align: justify;\">&#8220;Demokratik K\u00fcrt muhalefeti olarak halk\u0131m\u0131z\u0131n e\u015fit, \u00f6zg\u00fcr, onurlu ve insanca ya\u015fama arzusunun gere\u011fi olarak, yeni anayasa yap\u0131m\u0131 s\u00fcrecinde etkin isten\u00e7 ve kararl\u0131l\u0131\u011f\u0131m\u0131z\u0131 kamuoyuyla payla\u015fmak istiyoruz. Di\u011fer yandan K\u00fcrt siyasi parti ve hareketleri olarak, yeni anayasada &#8216;K\u00fcrt halk\u0131n\u0131n kimli\u011finin tan\u0131nmas\u0131n\u0131 ve g\u00fcvence alt\u0131na al\u0131nmas\u0131n\u0131, \u00f6rg\u00fctlenme hakk\u0131n\u0131n evrensel standartlara kavu\u015fturulmas\u0131, K\u00fcrt ve K\u00fcrdistan ismiyle siyasi parti ve \u00f6rg\u00fctlerin kurulmas\u0131n\u0131n g\u00fcvence alt\u0131na al\u0131nmas\u0131n\u0131, K\u00fcrt\u00e7enin resmi dil olmas\u0131 dahil, hayat\u0131n her alan\u0131nda serbest\u00e7e kullan\u0131lmas\u0131 ve her d\u00fczeyde K\u00fcrt\u00e7e e\u011fitim ve \u00f6\u011fretimin g\u00fcvence alt\u0131na al\u0131nmas\u0131n\u0131, K\u00fcrt halk\u0131 i\u00e7in, K\u00fcrdistan co\u011frafyas\u0131nda kendi kendini y\u00f6netme hakk\u0131n\u0131 i\u00e7eren siyasal bir stat\u00fcn\u00fcn tan\u0131nmas\u0131n\u0131 sa\u011flamak \u00fczere birlikte ve ortak hareket edece\u011fimizi kamuoyuna sayg\u0131yla duyururuz.&#8221;<\/p>\n<p style=\"text-align: justify;\">HAK-PAR Genel Ba\u015fkan\u0131 Bayram Bozyel&#8217;in bas\u0131n a\u00e7\u0131klamas\u0131n\u0131 K\u00fcrt\u00e7e okumas\u0131ndan sonra s\u00f6z alan BDP Genel Ba\u015fkan\u0131 Selahattin Demirta\u015f, K\u00fcrt halk\u0131n\u0131n kendi kendini y\u00f6netebilecek g\u00fcce ve kudrette oldu\u011funu s\u00f6yledi. HAK-PAR Genel Ba\u015fkan\u0131 Bayram Bozyel ise, uluslar\u0131n kendi kaderini tayin hakk\u0131 bulundu\u011funu belirterek, &#8220;Bu hak K\u00fcrtlere de kendi ana s\u00fctleri kadar helaldir. K\u00fcrtler hi\u00e7bir ko\u015fulda \u00f6zg\u00fcr ya\u015fama iradesinden vazge\u00e7meyecektir&#8221; dedi.<\/p>\n<p style=\"text-align: justify;\"><strong>&#8216;KOYUN G\u00dcD\u00dcP G\u00dcDEMEYECE\u011e\u0130M\u0130ZE HALK KARAR VER\u0130R&#8217;<\/strong><\/p>\n<p style=\"text-align: justify;\">Bas\u0131n toplant\u0131s\u0131n\u0131n sonunda Ba\u015fbakan Recep Tayyip Erdo\u011fan&#8217;\u0131n kendisiyle ilgili yapt\u0131\u011f\u0131 &#8220;10 koyun bile teslim etmezler&#8221; a\u00e7\u0131klamas\u0131n\u0131 de\u011ferlendiren BDP Genel Ba\u015fkan\u0131 Selahattin Demirta\u015f, \u015funlar\u0131 s\u00f6yledi:<\/p>\n<p style=\"text-align: justify;\">&#8220;Mesele koyun g\u00fcd\u00fcp g\u00fcdememe meselesi de\u011fildir. Genelkurmay Ba\u015fkan\u0131 ve Ba\u015fbakan 35 \u00e7ocu\u011fun katledilmesinden sorumludur. \u015eu anki g\u00fcndem budur, verilmesi gereken hesap budur. Bunun hesab\u0131n\u0131 vermeleri gerekir. Biz koyun g\u00fcder miyiz, g\u00fcdemez miyiz o halk\u0131n verece\u011fi karard\u0131r. Biz de halk\u0131n iradesine sayg\u0131 duyar\u0131z. 35 \u00e7ocu\u011fun ve gencin sava\u015f u\u00e7aklar\u0131yla bombalanmas\u0131yla ilgili Genelkurmay Ba\u015fkan\u0131 ve Ba\u015fbakan ne diyor? B\u00fct\u00fcn bunlara cevap vermeleri laz\u0131m. Dolay\u0131s\u0131yla konuyu sapt\u0131rarak g\u00fcndemi de\u011fi\u015ftirerek Uludere katliam\u0131n\u0131 \u00f6rtmeye \u00e7al\u0131\u015fmas\u0131nlar. Bu do\u011fru bir yakla\u015f\u0131m de\u011fil. E\u011fer hiddetlenecekse, \u00f6fkelenecekse bu katliam\u0131 ger\u00e7ekle\u015ftirenlere \u00f6fkelenmelidir, hiddetlenmelidir. Ba\u015fta kendisi olmak \u00fczere \u00e7\u0131k\u0131p halka hesap vermeli, halktan \u00f6z\u00fcr dilemelidir. Genelkurmay Ba\u015fkan\u0131 bu i\u015fin, yani o sava\u015f u\u00e7a\u011f\u0131n\u0131n oray\u0131 bombalamas\u0131n\u0131n askeri d\u00fczeyde en y\u00fcksek sorumlusudur. B\u00f6yle bir \u015fey olmam\u0131\u015f gibi davranamazlar. Ba\u015fbakan siyasi olarak en \u00fcst d\u00fczeyde sorumlusudur. Konuyu kapatmak i\u00e7in bize hakaret edip hedef g\u00f6sterip tehditle \u015fantajla \u00fcst\u00fcn\u00fc \u00f6rtemezler 19&#8217;u \u00e7ocuk toplam 35 ki\u015fi F-16 u\u00e7aklar\u0131yla par\u00e7alanm\u0131\u015ft\u0131r. Ger\u00e7ek budur, ger\u00e7eklik budur. Buna cevap vermeleri laz\u0131m&#8221;.<\/p>\n<p style=\"text-align: justify;\"><strong>&#8216;TER\u00d6R\u0130STBA\u015eI&#8217; DENMES\u0130 ZORLARINA G\u0130TM\u0130YOR<\/strong><\/p>\n<p style=\"text-align: justify;\">BDP Genel Ba\u015fkan\u0131 Selahattin Demirta\u015f, Genelkurmay Ba\u015fkan\u0131 Orgeneral Necdet \u00d6zel&#8217;e &#8216;Onba\u015f\u0131&#8217; dedi\u011fi i\u00e7in kendisine y\u00f6nelik s\u00f6zlerine, &#8220;Benim ifade etti\u011fim, Genelkurmay Ba\u015fkan\u0131 ile ilgili ifade etti\u011fim \u015feyler hakaret de\u011fil, hakaret de i\u00e7ermiyor. Ba\u015fbakan bize y\u00f6nelik, BDP&#8217;ye y\u00f6nelik bu \u015fekilde ba\u011f\u0131r\u0131p \u00e7a\u011f\u0131raca\u011f\u0131na, kendi atad\u0131\u011f\u0131 Genelkurmay Ba\u015fkan\u0131&#8217;na d\u00f6n\u00fcp &#8216;Anayasa yap\u0131m s\u00fcrecinde siyaseti bu \u015fekilde do\u011frudan etkilemeye yetkin yoktur&#8217; demesi laz\u0131m&#8221; dedi.<\/p>\n<p style=\"text-align: justify;\">Demirta\u015f, ge\u00e7mi\u015f Genelkurmay ba\u015fkanlar\u0131n\u0131n siyaseti y\u00f6nlendirdi\u011fi i\u00e7in tutuklan\u0131p cezaevine kondu\u011funu, AK Parti&#8217;nin atad\u0131\u011f\u0131 \u015fimdiki Genelkurmay Ba\u015fkan\u0131&#8217;n\u0131n da ayn\u0131 \u015feyi yapt\u0131\u011f\u0131n\u0131 ileri s\u00fcrerek, s\u00f6zlerini \u015f\u00f6yle s\u00fcrd\u00fcrd\u00fc:<\/p>\n<p style=\"text-align: justify;\">&#8220;Savc\u0131lar eski Genelkurmay Ba\u015fkanlar\u0131na y\u00fczlerce generale ter\u00f6rist ba\u015f\u0131 diyor, kimsenin zoruna gitmiyor. Ben onba\u015f\u0131 deyince mi zorlar\u0131na gidiyor? Benim ifade etti\u011fim Genelkurmay Ba\u015fkan\u0131&#8217;n\u0131n, K\u00fcrt halk\u0131n\u0131n ana dille e\u011fitim hakk\u0131yla ilgili ifade etti\u011fi \u015feyler, bir onba\u015f\u0131n\u0131n yapaca\u011f\u0131 bir a\u00e7\u0131klama kadar etki yaratm\u0131\u015ft\u0131r anlam\u0131ndad\u0131r. Bunun d\u0131\u015f\u0131nda Ba\u015fbakan\u0131n da, Genelkurmay Ba\u015fkan\u0131&#8217;n\u0131n da g\u00fcndemi \u00e7arp\u0131tmaya haklar\u0131 yoktur. Hesap vermesi gereken iki merciinin ve makam\u0131n dan\u0131\u015f\u0131kl\u0131 olarak g\u00fcndemi de\u011fi\u015ftirmeye hakk\u0131 yoktur. Bunu asla kabul etmiyoruz. Bizim a\u00e7\u0131m\u0131zdan g\u00fcndem demokrasi ve \u00f6zg\u00fcrl\u00fckler meselesidir, s\u0131cak g\u00fcndem de Uludere katliam\u0131d\u0131r. Bunun hesab\u0131n\u0131n verilmesi laz\u0131m. Mesele budur. Bunun da \u00fcst\u00fcn\u00fc \u00f6rtmeye izin vermeyece\u011fiz.&#8221;<\/p>\n<p style=\"text-align: justify;\"><strong>BA\u015eBAKAN \u00d6Z\u00dcR D\u0130LEMEL\u0130<\/strong><\/p>\n<p style=\"text-align: justify;\">Selahattin Demirta\u015f, Uludere olay\u0131yla ilgili G\u00fclyaz\u0131 Tugay Komutan Vekilinin g\u00f6revden al\u0131nmas\u0131na da de\u011finerek, &#8220;Tugay komutan yard\u0131mc\u0131l\u0131\u011f\u0131n\u0131n sorumlulu\u011fu nedir ne de\u011fildir soru\u015fturmayla ortaya \u00e7\u0131kar. Soru\u015fturman\u0131n derinle\u015ftirilmesi laz\u0131m. Heron g\u00f6r\u00fcnt\u00fclerini izleyen Ankara&#8217;d\u0131r. S\u0131n\u0131r \u00f6tesi operasyon tezkeresini isteyen h\u00fck\u00fcmet, onaylayan parlamentodur. O g\u00fcn operasyon emrini veren Ankara&#8217;daki Genelkurmay&#8217;d\u0131r. Dolay\u0131s\u0131yla Ankara&#8217;ya kadar uzanan bir sorumluluk silsilesi oldu\u011fu a\u00e7\u0131kt\u0131r. Dolay\u0131s\u0131yla bir tugay komutan\u0131 yard\u0131mc\u0131s\u0131na sorumlulu\u011fu y\u0131kmak bir yang\u0131l\u0131d\u0131r&#8221; dedi.<\/p>\n<p style=\"text-align: justify;\">Selahattin Demirta\u015f, Ba\u015fbakan Erdo\u011fan&#8217;\u0131n siyasi sorumlulu\u011funu \u00fcstlenmesini isteyerek, &#8220;\u015eahs\u0131m\u0131zda bu halka hakaret etmeyi b\u0131rak\u0131p \u00f6z\u00fcr dilemelidir&#8221; diye konu\u015ftu.<\/p>\n<p style=\"text-align: justify;\"><strong>ABD VE \u0130SRA\u0130L&#8217;\u0130N DE ULUDERE OLAYINDA SU\u00c7U VAR<\/strong><\/p>\n<p style=\"text-align: justify;\">Kendilerini u\u015fakl\u0131kla su\u00e7layanlar\u0131n ABD ve \u0130srail&#8217;in u\u015fa\u011f\u0131 oldu\u011funu savunan Selahattin Demirta\u015f konu\u015fmas\u0131n\u0131 \u015f\u00f6yle tamamlad\u0131:<\/p>\n<p style=\"text-align: justify;\">&#8220;Bize bilmem kimin u\u015fa\u011f\u0131 diyenler, ABD ve \u0130srail&#8217;e nas\u0131l u\u015fakl\u0131k yapt\u0131klar\u0131n\u0131 bu t\u00fcr operasyonlarla g\u00f6steriyorlar. Bir istihbarat k\u0131r\u0131nt\u0131s\u0131 i\u00e7in, bir heron g\u00f6r\u00fcnt\u00fcs\u00fc i\u00e7in kimlere yalvar yakar olduklar\u0131n\u0131, T\u00fcrkiye&#8217;nin onurunu ayaklar alt\u0131na ald\u0131klar\u0131n\u0131, nas\u0131l bir u\u015fak tavr\u0131 g\u00f6sterdiklerini g\u00f6r\u00fcyoruz. Bu nedenle istihbarat kimden gelmi\u015f, kim y\u00f6nlendirmi\u015f, kim detayl\u0131 bilgi vermi\u015f bunlar\u0131 ara\u015ft\u0131rmas\u0131 gereken h\u00fck\u00fcmettir. Uluslararas\u0131 g\u00fc\u00e7lerin bu i\u015fte pay\u0131 var m\u0131 Ortaya \u00e7\u0131kar\u0131lmas\u0131 gerekiyor. ABD&#8217;nin hava operasyonlar\u0131yla ilgili, AKP h\u00fck\u00fcmetinin kendi ifadesiyle nitelikli istihbarat verdi\u011fi biliniyor. ABD \u015fu anda heron g\u00f6r\u00fcnt\u00fcleriyle nitelikli istihbarat veriyor. Operasyonlarla ilgili a\u00e7\u0131k destek veren ABD ve \u0130srail de elbette ki Uludere olay\u0131nda sorumludur.&#8221;<\/p>\n<p style=\"text-align: justify;\"><a href=\"http:\/\/www.gazeteport.com.tr\/haber\/73099\/quotuluderede_abdnin_parmagi_varquot\" target=\"_blank\">Kaynak : GAZETEPORT<\/a><\/p>\n","protected":false},"excerpt":{"rendered":"<p style=\"text-align: center;\">\n<p style=\"text-align: justify;\">BDP E\u015fba\u015fkan\u0131 Selahattin Demirta\u015f, Genelkurmay Ba\u015fkan\u0131 hakk\u0131nda sarfetti\u011fi &#8220;onba\u015f\u0131&#8221; s\u00f6zlerine a\u00e7\u0131kl\u0131k getirdi. Demirta\u015f, ABD&#8217;nin Uludere katliam\u0131nda sorumlulu\u011fu bulundu\u011funu da ileri s\u00fcrd\u00fc.<\/p>\n<p style=\"text-align: justify;\">D\u0130YARBAKIR &#8211; BDP Genel Ba\u015fkan\u0131 Selahattin Demirta\u015f, Genelkurmay Ba\u015fkan\u0131 Orgeneral Necdet \u00d6zel&#8217;e &#8216;Onba\u015f\u0131&#8217; dedi\u011fi i\u00e7in kendisine &#8216;De\u011fil onba\u015f\u0131, u\u015fakl\u0131\u011f\u0131n\u0131 yapt\u0131\u011f\u0131n ter\u00f6r \u00f6rg\u00fct\u00fcnde sana 10 koyun bile teslim <\/p>\n","protected":false},"author":1,"featured_media":0,"comment_status":"open","ping_status":"open","sticky":false,"template":"","format":"standard","meta":{"footnotes":""},"categories":[105],"tags":[],"class_list":["post-45989","post","type-post","status-publish","format-standard","hentry","category-gundem","odd"],"_links":{"self":[{"href":"http:\/\/www.korhanyilmaz.com\/index.php?rest_route=\/wp\/v2\/posts\/45989","targetHints":{"allow":["GET"]}}],"collection":[{"href":"http:\/\/www.korhanyilmaz.com\/index.php?rest_route=\/wp\/v2\/posts"}],"about":[{"href":"http:\/\/www.korhanyilmaz.com\/index.php?rest_route=\/wp\/v2\/types\/post"}],"author":[{"embeddable":true,"href":"http:\/\/www.korhanyilmaz.com\/index.php?rest_route=\/wp\/v2\/users\/1"}],"replies":[{"embeddable":true,"href":"http:\/\/www.korhanyilmaz.com\/index.php?rest_route=%2Fwp%2Fv2%2Fcomments&post=45989"}],"version-history":[{"count":0,"href":"http:\/\/www.korhanyilmaz.com\/index.php?rest_route=\/wp\/v2\/posts\/45989\/revisions"}],"wp:attachment":[{"href":"http:\/\/www.korhanyilmaz.com\/index.php?rest_route=%2Fwp%2Fv2%2Fmedia&parent=45989"}],"wp:term":[{"taxonomy":"category","embeddable":true,"href":"http:\/\/www.korhanyilmaz.com\/index.php?rest_route=%2Fwp%2Fv2%2Fcategories&post=45989"},{"taxonomy":"post_tag","embeddable":true,"href":"http:\/\/www.korhanyilmaz.com\/index.php?rest_route=%2Fwp%2Fv2%2Ftags&post=45989"}],"curies":[{"name":"wp","href":"https:\/\/api.w.org\/{rel}","templated":true}]}}