{"id":45984,"date":"2012-01-11T11:11:13","date_gmt":"2012-01-11T09:11:13","guid":{"rendered":"http:\/\/www.korhanyilmaz.com\/?p=45984"},"modified":"2012-01-11T14:28:40","modified_gmt":"2012-01-11T12:28:40","slug":"ft-erdogan-otoriter-yonetime-dogru-surukleniyor","status":"publish","type":"post","link":"http:\/\/www.korhanyilmaz.com\/?p=45984","title":{"rendered":"FT: Erdo\u011fan otoriter y\u00f6netime do\u011fru s\u00fcr\u00fckleniyor"},"content":{"rendered":"<p style=\"text-align: center;\"><a href=\"http:\/\/www.korhanyilmaz.com\/wp-content\/uploads\/2012\/01\/8993.jpg\"  class=\"lightview\"><img loading=\"lazy\" decoding=\"async\" class=\"aligncenter  wp-image-45985\" src=\"http:\/\/www.korhanyilmaz.com\/wp-content\/uploads\/2012\/01\/8993.jpg\" alt=\"\" width=\"346\" height=\"266\" \/><\/a><\/p>\n<p style=\"text-align: justify;\">Financial Times&#8217;ta yay\u0131mlanan bir makalede &#8221;T\u00fcrkiye&#8217;nin lideri otoriter bir y\u00f6netime do\u011fru s\u00fcr\u00fckleniyor&#8221; yorumu yap\u0131ld\u0131.<\/p>\n<p style=\"text-align: justify;\">Erdo\u011fan&#8217;\u0131n 2002&#8217;de iktidara geli\u015finden bu yana T\u00fcrkiye&#8217;ye daha a\u00e7\u0131k ve liberal bir demokrasi olma yoluna do\u011fru \u00f6nc\u00fcl\u00fck etti\u011fini yazan Financial Times&#8217;a g\u00f6re &#8216;Avrupa Konseyi&#8217;nin T\u00fcrk yarg\u0131 sistemine ili\u015fkin bu haftaki raporu ise bu ilerleyi\u015fin giderek duraklayan do\u011fas\u0131n\u0131 ortaya koyuyor.&#8217;<!--more--><\/p>\n<p style=\"text-align: justify;\">Gazeteye g\u00f6re rapor &#8220;Erdo\u011fan&#8217;\u0131n insan haklar\u0131na daha fazla sayg\u0131 g\u00f6sterme anlam\u0131nda att\u0131\u011f\u0131 ad\u0131mlar\u0131 kabul ediyor. Bununla beraber T\u00fcrkiye&#8217;nin Avrupa Birli\u011fi \u00fcyeli\u011fi arzusu zay\u0131flarkenT\u00fcrkiye&#8217;den otoriter bir rejim olmaya y\u00f6nelik rahats\u0131z edici i\u015faretler al\u0131n\u0131yor.&#8221;<\/p>\n<p style=\"text-align: justify;\">CHP lideri K\u0131l\u0131\u00e7daro\u011flu&#8217;na Silivri cezaevi \u00e7\u0131k\u0131\u015f\u0131ndaki yarg\u0131y\u0131 ele\u015ftirel s\u00f6zleri nedeniyle soru\u015fturma a\u00e7\u0131lmas\u0131na dikkat \u00e7ekilen makalede 100 gazetecinin cezaevinde tutuldu\u011fu hat\u0131rlat\u0131l\u0131yor. Gazeteye g\u00f6re yeni anayasa sadece ifade ve di\u011fer \u00f6zg\u00fcrl\u00fckleri de\u011fil, K\u00fcrt az\u0131nl\u0131\u011f\u0131n temel haklar\u0131n\u0131 da g\u00fcvence alt\u0131na almal\u0131. &#8220;<\/p>\n<p style=\"text-align: justify;\">Financial Times, Erdo\u011fan&#8217;\u0131n bug\u00fcne dek hi\u00e7 bir T\u00fcrk liderin yapmad\u0131\u011f\u0131n\u0131 yap\u0131p 1930&#8217;larda 13 bin K\u00fcrd\u00fcn \u00f6ld\u00fcr\u00fclmesi nedeniyle \u00f6z\u00fcr diledi\u011fini, ama sadece iki hafta \u00f6nce 35 K\u00fcrt sivilin militan san\u0131larak \u00f6ld\u00fcr\u00fclmesi nedeniyle \u00f6z\u00fcr dilememeyi s\u00fcrd\u00fcrd\u00fc\u011f\u00fcn\u00fc hat\u0131rlat\u0131yor ve &#8220;bu t\u00fcr z\u0131tl\u0131klar giderilmeli&#8221; yorumunu yap\u0131yor.<\/p>\n<p style=\"text-align: justify;\">Hatta gazeteye g\u00f6re bu, Arap bahar\u0131 sonras\u0131 T\u00fcrkiye&#8217;nin artan b\u00f6lgesel n\u00fcfuzu g\u00f6z \u00f6n\u00fcne al\u0131nd\u0131\u011f\u0131nda \u00e7ok daha b\u00fcy\u00fck \u00f6nem ta\u015f\u0131yor.<\/p>\n<p style=\"text-align: justify;\">Zira T\u00fcrkiye h\u00fck\u00fcmeti yeni yeni \u015fekillenen Arap demokrasilerine rol model olarak g\u00f6steriliyor.<\/p>\n<p style=\"text-align: justify;\">Financial Times&#8217;a g\u00f6re &#8216;durgunla\u015fan ekonomiyle otoriter rejimin g\u00fc\u00e7lenmesi, bir gerginlik re\u00e7etesi. Bundan ka\u00e7\u0131nmak i\u00e7in, Ankara, Erdo\u011fan&#8217;\u0131n 2002 y\u0131l\u0131nda belirledi\u011fi yolda devam etmeli.&#8217; (BBC T\u00fcrk\u00e7e)<\/p>\n<p style=\"text-align: justify;\"><a href=\"http:\/\/www.cnnturk.com\/2012\/dunya\/01\/11\/ft.erdogan.otoriter.yonetime.dogru.surukleniyor\/644302.0\/index.html\" target=\"_blank\">Kaynak : CNN T\u00dcRK<\/a><\/p>\n","protected":false},"excerpt":{"rendered":"<p style=\"text-align: center;\">\n<p style=\"text-align: justify;\">Financial Times&#8217;ta yay\u0131mlanan bir makalede &#8221;T\u00fcrkiye&#8217;nin lideri otoriter bir y\u00f6netime do\u011fru s\u00fcr\u00fckleniyor&#8221; yorumu yap\u0131ld\u0131.<\/p>\n<p style=\"text-align: justify;\">Erdo\u011fan&#8217;\u0131n 2002&#8217;de iktidara geli\u015finden bu yana T\u00fcrkiye&#8217;ye daha a\u00e7\u0131k ve liberal bir demokrasi olma yoluna do\u011fru \u00f6nc\u00fcl\u00fck etti\u011fini yazan Financial Times&#8217;a g\u00f6re &#8216;Avrupa Konseyi&#8217;nin T\u00fcrk yarg\u0131 sistemine ili\u015fkin bu haftaki raporu ise bu ilerleyi\u015fin <\/p>\n","protected":false},"author":1,"featured_media":0,"comment_status":"open","ping_status":"open","sticky":false,"template":"","format":"standard","meta":{"footnotes":""},"categories":[105],"tags":[],"class_list":["post-45984","post","type-post","status-publish","format-standard","hentry","category-gundem","odd"],"_links":{"self":[{"href":"http:\/\/www.korhanyilmaz.com\/index.php?rest_route=\/wp\/v2\/posts\/45984","targetHints":{"allow":["GET"]}}],"collection":[{"href":"http:\/\/www.korhanyilmaz.com\/index.php?rest_route=\/wp\/v2\/posts"}],"about":[{"href":"http:\/\/www.korhanyilmaz.com\/index.php?rest_route=\/wp\/v2\/types\/post"}],"author":[{"embeddable":true,"href":"http:\/\/www.korhanyilmaz.com\/index.php?rest_route=\/wp\/v2\/users\/1"}],"replies":[{"embeddable":true,"href":"http:\/\/www.korhanyilmaz.com\/index.php?rest_route=%2Fwp%2Fv2%2Fcomments&post=45984"}],"version-history":[{"count":0,"href":"http:\/\/www.korhanyilmaz.com\/index.php?rest_route=\/wp\/v2\/posts\/45984\/revisions"}],"wp:attachment":[{"href":"http:\/\/www.korhanyilmaz.com\/index.php?rest_route=%2Fwp%2Fv2%2Fmedia&parent=45984"}],"wp:term":[{"taxonomy":"category","embeddable":true,"href":"http:\/\/www.korhanyilmaz.com\/index.php?rest_route=%2Fwp%2Fv2%2Fcategories&post=45984"},{"taxonomy":"post_tag","embeddable":true,"href":"http:\/\/www.korhanyilmaz.com\/index.php?rest_route=%2Fwp%2Fv2%2Ftags&post=45984"}],"curies":[{"name":"wp","href":"https:\/\/api.w.org\/{rel}","templated":true}]}}