{"id":45980,"date":"2012-01-10T17:55:16","date_gmt":"2012-01-10T15:55:16","guid":{"rendered":"http:\/\/www.korhanyilmaz.com\/?p=45980"},"modified":"2012-01-11T02:48:21","modified_gmt":"2012-01-11T00:48:21","slug":"bu-iddialar-dogru-mu-2","status":"publish","type":"post","link":"http:\/\/www.korhanyilmaz.com\/?p=45980","title":{"rendered":"Bu iddialar do\u011fru mu?"},"content":{"rendered":"<p style=\"text-align: center;\"><a href=\"http:\/\/www.korhanyilmaz.com\/wp-content\/uploads\/2012\/01\/8992.jpg\"  class=\"lightview\"><img loading=\"lazy\" decoding=\"async\" class=\"aligncenter  wp-image-45981\" src=\"http:\/\/www.korhanyilmaz.com\/wp-content\/uploads\/2012\/01\/8992.jpg\" alt=\"\" width=\"462\" height=\"210\" \/><\/a><\/p>\n<p style=\"text-align: justify;\">AK Parti Milletvekili Mehmet Metiner&#8217;in, gazeteci Abdi \u0130pek\u00e7i&#8217;nin katledilmesiyle ilgili davan\u0131n san\u0131klar\u0131ndan oldu\u011fu ileri s\u00fcr\u00fcld\u00fc. Ancak Metiner, &#8220;O ben de\u011filim&#8221; dedi.<\/p>\n<p style=\"text-align: justify;\">\u0130STANBUL- Belma Ak\u00e7ura, &#8220;A\u011fca&#8217;n\u0131n Derin \u0130li\u015fkileri&#8221; adl\u0131 kitab\u0131nda, \u0130pek\u00e7i cinayetinin tetik\u00e7isi Mehmet Ali A\u011fca&#8217;n\u0131n ka\u00e7\u0131r\u0131lmas\u0131na ili\u015fkin davada su\u00e7lanan isimleri de a\u00e7\u0131klad\u0131. Kitapta, bug\u00fcn AKP Milletvekili olan Mehmet Metiner&#8217;in de, \u0130pek\u00e7i&#8217;nin katili Mehmet Ali A\u011fca&#8217;y\u0131 Adli T\u0131p&#8217;tan ka\u00e7\u0131rmaya te\u015febb\u00fcs eden gruba silah ve para yard\u0131m\u0131 yapt\u0131\u011f\u0131 iddias\u0131yla su\u00e7land\u0131\u011f\u0131 ve tutuklu olarak yarg\u0131land\u0131\u011f\u0131 belirtiliyor. <!--more--><\/p>\n<p style=\"text-align: justify;\">Ak\u00e7ura, kitab\u0131nda yer verdi\u011fi 16 Ocak 1984 tarihli 53 sayfal\u0131k iddianamede; davan\u0131n tutuklu san\u0131\u011f\u0131 Mehmet Metiner&#8217;in, A\u011fca\u2019n\u0131n 7 Kas\u0131m 1979 tarihinde muayene i\u00e7in sevk edildi\u011fi Adli T\u0131p Kurumu binas\u0131ndan ka\u00e7\u0131r\u0131lmak istenmesinde rol ald\u0131\u011f\u0131 anlat\u0131l\u0131yor. t24.com&#8217;da yer alan haberde, iddianamede, A\u011fca\u2019y\u0131 Adli T\u0131p&#8217;tan ka\u00e7\u0131rmaya te\u015febb\u00fcs eden Atilla Serpil\u2019in, bir s\u00fcre \u00f6nce tahliye edilen arkada\u015f\u0131 Mehmet Metiner\u2019e Adli T\u0131p Kurumu\u2019ndan ka\u00e7ma fikri i\u00e7in bir mektup yazarak tabanca ve para g\u00f6ndermesini istedi\u011fi de kaydediliyor.<\/p>\n<p style=\"text-align: justify;\">Bunun yan\u0131 s\u0131ra &#8220;adam \u00f6ld\u00fcrme&#8221; su\u00e7undan yarg\u0131lanan Adnan \u00c7engil de, mahkemede tan\u0131k s\u0131fat\u0131yla verdi\u011fi ifadede \u201cMehmet Metiner\u2019in A\u011fca\u2019n\u0131n Adli T\u0131p&#8217;tan ka\u00e7\u0131r\u0131lmas\u0131 olay\u0131nda bilgisi var\u201d diyerek Metiner&#8217;in cinayetteki rol\u00fcne dikkat \u00e7ekiyor.<\/p>\n<p style=\"text-align: justify;\"><strong>&#8220;BEN O MET\u0130NER DE\u011e\u0130L\u0130M&#8221;<\/strong><\/p>\n<p style=\"text-align: justify;\">AKP Ad\u0131yaman Milletvekili Mehmet Metiner, hakk\u0131nda yap\u0131lan haberlerin isim benzerli\u011fi nedeniyle oldu\u011funu belirterek, &#8220;Ben hi\u00e7bir zaman \u00fclk\u00fcc\u00fc olmad\u0131m. Allaha \u015f\u00fck\u00fcrler olsun sa\u011fc\u0131 yada solcu da olmad\u0131m&#8221; diyerek hukuk s\u00fcreci ba\u015flataca\u011f\u0131n\u0131 s\u00f6yledi.<\/p>\n<p style=\"text-align: justify;\">Meclis\u2019te bir bas\u0131n toplant\u0131s\u0131 d\u00fczenleyen Metiner, &#8220;G\u00fcn ge\u00e7miyor ki hakk\u0131mda bir \u015feyler s\u00f6ylensin. Sizin kar\u015f\u0131n\u0131za s\u00fcrekli kendini savunur halde \u00e7\u0131k\u0131\u015f\u0131m beni de \u00e7ok rahats\u0131z ediyor&#8221; dedi.<\/p>\n<p style=\"text-align: justify;\">Bug\u00fcn baz\u0131 internet sitelerinde &#8220;Mehmet Metiner&#8217;in bu foto\u011fraflar\u0131 dillerde&#8221; \u015feklinde haber yap\u0131larak A\u011fca&#8217;n\u0131n ka\u00e7\u0131r\u0131lmas\u0131na ili\u015fkin davada yarg\u0131lanan Mehmet Metiner isimli ki\u015finin AKP Ad\u0131yaman Milletvekili Mehmet Metiner olarak aktar\u0131ld\u0131\u011f\u0131n\u0131 s\u00f6yledi. Bu ki\u015finin kendisiyle hi\u00e7bir ilgisi olmad\u0131\u011f\u0131n\u0131 s\u00f6yleyen Metiner, \u2018\u2019Metin Y\u00fcksel&#8217;in \u00f6ld\u00fcr\u00fclmesi, A\u011fca&#8217;n\u0131n ka\u00e7\u0131r\u0131lmas\u0131 olay\u0131na ili\u015fkin ad\u0131 ge\u00e7enler aras\u0131nda Mehmet Metiner vard\u0131r. Ama bu ki\u015fi ben de\u011filim. Ben milletvekiliyim, kimse beni aramad\u0131 sormad\u0131. Ben hi\u00e7bir zaman \u00fclk\u00fcc\u00fc olmad\u0131m. Allaha \u015f\u00fck\u00fcr ne sa\u011fc\u0131-solcu olmad\u0131m. \u015eiddete ve silaha her zaman kar\u015f\u0131 oldum. Bu siteler hakk\u0131nda hukuki yollar\u0131 ba\u015flatt\u0131m&#8221; dedi.<\/p>\n<p style=\"text-align: justify;\"><a href=\"http:\/\/www.gazeteport.com.tr\/haber\/72964\/bu_iddialar_dogru_mu\" target=\"_blank\">Kaynak : GAZETEPORT<\/a><\/p>\n","protected":false},"excerpt":{"rendered":"<p style=\"text-align: center;\">\n<p style=\"text-align: justify;\">AK Parti Milletvekili Mehmet Metiner&#8217;in, gazeteci Abdi \u0130pek\u00e7i&#8217;nin katledilmesiyle ilgili davan\u0131n san\u0131klar\u0131ndan oldu\u011fu ileri s\u00fcr\u00fcld\u00fc. Ancak Metiner, &#8220;O ben de\u011filim&#8221; dedi.<\/p>\n<p style=\"text-align: justify;\">\u0130STANBUL- Belma Ak\u00e7ura, &#8220;A\u011fca&#8217;n\u0131n Derin \u0130li\u015fkileri&#8221; adl\u0131 kitab\u0131nda, \u0130pek\u00e7i cinayetinin tetik\u00e7isi Mehmet Ali A\u011fca&#8217;n\u0131n ka\u00e7\u0131r\u0131lmas\u0131na ili\u015fkin davada su\u00e7lanan isimleri de a\u00e7\u0131klad\u0131. Kitapta, bug\u00fcn AKP Milletvekili olan Mehmet <\/p>\n","protected":false},"author":1,"featured_media":0,"comment_status":"open","ping_status":"open","sticky":false,"template":"","format":"standard","meta":{"footnotes":""},"categories":[105],"tags":[638],"class_list":["post-45980","post","type-post","status-publish","format-standard","hentry","category-gundem","tag-mehmet-metiner","odd"],"_links":{"self":[{"href":"http:\/\/www.korhanyilmaz.com\/index.php?rest_route=\/wp\/v2\/posts\/45980","targetHints":{"allow":["GET"]}}],"collection":[{"href":"http:\/\/www.korhanyilmaz.com\/index.php?rest_route=\/wp\/v2\/posts"}],"about":[{"href":"http:\/\/www.korhanyilmaz.com\/index.php?rest_route=\/wp\/v2\/types\/post"}],"author":[{"embeddable":true,"href":"http:\/\/www.korhanyilmaz.com\/index.php?rest_route=\/wp\/v2\/users\/1"}],"replies":[{"embeddable":true,"href":"http:\/\/www.korhanyilmaz.com\/index.php?rest_route=%2Fwp%2Fv2%2Fcomments&post=45980"}],"version-history":[{"count":0,"href":"http:\/\/www.korhanyilmaz.com\/index.php?rest_route=\/wp\/v2\/posts\/45980\/revisions"}],"wp:attachment":[{"href":"http:\/\/www.korhanyilmaz.com\/index.php?rest_route=%2Fwp%2Fv2%2Fmedia&parent=45980"}],"wp:term":[{"taxonomy":"category","embeddable":true,"href":"http:\/\/www.korhanyilmaz.com\/index.php?rest_route=%2Fwp%2Fv2%2Fcategories&post=45980"},{"taxonomy":"post_tag","embeddable":true,"href":"http:\/\/www.korhanyilmaz.com\/index.php?rest_route=%2Fwp%2Fv2%2Ftags&post=45980"}],"curies":[{"name":"wp","href":"https:\/\/api.w.org\/{rel}","templated":true}]}}