{"id":4598,"date":"2009-03-04T09:44:20","date_gmt":"2009-03-04T07:44:20","guid":{"rendered":"http:\/\/www.korhanyilmaz.com\/?p=4598"},"modified":"2009-03-04T09:44:20","modified_gmt":"2009-03-04T07:44:20","slug":"%e2%80%98ampul-tayyip%e2%80%99-dediler-dunyalari-karardi","status":"publish","type":"post","link":"http:\/\/www.korhanyilmaz.com\/?p=4598","title":{"rendered":"\u2018Ampul Tayyip\u2019 dediler d\u00fcnyalar\u0131 karard\u0131"},"content":{"rendered":"<p style=\"text-align: center;\"><img loading=\"lazy\" decoding=\"async\" class=\"aligncenter size-full wp-image-4599\" title=\"\u2018Ampul Tayyip\u2019 dediler d\u00fcnyalar\u0131 karard\u0131\" src=\"http:\/\/www.korhanyilmaz.com\/wp-content\/uploads\/2009\/03\/fft28_mf130201.jpeg\" alt=\"\u2018Ampul Tayyip\u2019 dediler d\u00fcnyalar\u0131 karard\u0131\" width=\"357\" height=\"238\" \/><strong><\/strong><\/p>\n<p style=\"text-align: justify;\"><strong>Bursa&#8217;da \u2018Ampul Tayyip&#8217; slogan\u0131 atan liselilerin eylemi mahkemelik oldu. Ba\u015fbakan&#8217;\u0131n da \u015fik\u00e2yet\u00e7i oldu\u011fu davada d\u00f6rt ki\u015fi 11&#8217;er ay hapis cezas\u0131 ald\u0131. Bir liseli ise \u00e7ocuk mahkemesinde yarg\u0131lan\u0131yor.<\/strong><\/p>\n<p style=\"text-align: justify;\">Bursa&#8217;da, Ba\u015fbakan Recep Tayyip Erdo\u011fan hakk\u0131nda \u2018Ampul Tayyip&#8217; slogan\u0131n\u0131n at\u0131ld\u0131\u011f\u0131 iki eylem mahkemelik oldu. Liselilerin \u00d6SS&#8217;yi protesto eyleminde at\u0131lan bu slogan y\u00fcz\u00fcnden a\u00e7\u0131lan davada, iki lise \u00f6\u011frencisi, iki \u00f6\u011fretmen ve bir dernek \u00fcyesine Ba\u015fbakan Erdo\u011fan&#8217;a hakaretten 11&#8217;er ay 20&#8217;\u015fer g\u00fcn hapis cezas\u0131 verildi. Di\u011fer eylemin dokuz san\u0131\u011f\u0131ysa h\u00e2l\u00e2 yarg\u0131lan\u0131yor.<br \/>\nBursa Emniyeti&#8217;nin olay tutana\u011f\u0131na g\u00f6re \u2018Liseli Gen\u00e7 Umut&#8217; adl\u0131 40 ki\u015filik grup ge\u00e7en y\u0131l 29 Mart&#8217;ta Setba\u015f\u0131&#8217;nda toplan\u0131p Ahmet Vefik Pa\u015fa Tiyatrosu \u00f6n\u00fcne y\u00fcr\u00fcy\u00fc\u015fe ge\u00e7ti. Grubun \u00f6n\u00fcnde iki trampet \u00e7al\u0131n\u0131yor, d\u00f6vizler ta\u015f\u0131n\u0131yor, sloganlar at\u0131l\u0131yordu.<!--more-->\n<\/p>\n<p style=\"text-align: justify;\"><strong>\u2018Tempo tuttular amirim&#8217;<\/strong><\/p>\n<p style=\"text-align: justify;\">Tutana\u011fa \u015fu not d\u00fc\u015f\u00fcld\u00fc: &#8220;Amerikanc\u0131, i\u015fbirlik\u00e7i, \u00f6nce dinci, sonra libo\u015f, e\u011fitimi satan&#8217; sloganlar\u0131na topluluk taraf\u0131ndan hep bir a\u011f\u0131zdan her c\u00fcmlenin aras\u0131nda \u2018Ampul Tayyip&#8217; sloganlar\u0131 at\u0131lm\u0131\u015ft\u0131r. Devam\u0131nda topluluk taraf\u0131ndan \u00f6nde bulunan iki ki\u015finin trampetleriyle tempo tutturarak \u2018Ampuls\u00fcn sen Tayyip, ampuls\u00fcn sen Tayyip, ampuls\u00fcn sen Tayyip&#8217; slogan\u0131 iki defa at\u0131lm\u0131\u015ft\u0131r.&#8221;<br \/>\nTiyatro \u00f6n\u00fcnde toplanan grup, tutana\u011fa g\u00f6re s\u0131k s\u0131k \u2018O bir Amerikanc\u0131, o bir i\u015fbirlik\u00e7i, o bir IMF u\u015fa\u011f\u0131, o bir \u00f6\u011frenci d\u00fc\u015fman\u0131, bir iki \u00fc\u00e7, ampuls\u00fcn sen Tayyip&#8217;, \u2018AKP&#8217;nin imam\u0131, \u00f6\u011frencinin d\u00fc\u015fman\u0131&#8217; ve \u2018Z\u0131pla z\u0131pla, z\u0131plamayan AKP&#8217;li&#8217; diye slogan att\u0131.<br \/>\nMegafon, Ozan Battalo\u011flu adl\u0131 liseli \u00f6\u011frencinin elindeyken, bas\u0131n a\u00e7\u0131klamas\u0131n\u0131 da ge\u00e7en y\u0131l lisede okuyan, bu y\u0131l Dumlup\u0131nar \u00dcniversitesi&#8217;nde \u00f6\u011frenim g\u00f6ren Berna \u00d6zaslan yapt\u0131. Eyleme; E\u011fitim-Sen Bursa \u015eubesi y\u00f6neticisi olan \u00f6\u011fretmenler Hasan \u00d6zayd\u0131n ve Bet\u00fcl \u00d6zt\u00fcrk ile Halkevleri Genel Merkez \u00fcyesi Mehmet Emre Battal da kat\u0131lm\u0131\u015ft\u0131. A\u00e7\u0131klamadan sonra grup, sloganlar atarak da\u011f\u0131ld\u0131.<br \/>\nEylemden be\u015f ay sonra Ba\u015fbakan Recep Tayyip Erdo\u011fan&#8217;a hakaret iddias\u0131yla \u00d6zaslan, \u00d6zt\u00fcrk, \u00d6zayd\u0131n ve Battal hakk\u0131nda Bursa 4. Sulh Ceza Mahkemesi&#8217;nde, 18 ya\u015f\u0131ndan k\u00fc\u00e7\u00fck olan Battalo\u011flu hakk\u0131ndaysa Bursa \u00c7ocuk Mahkemesi&#8217;nde dava a\u00e7\u0131ld\u0131.\n<\/p>\n<p style=\"text-align: justify;\"><strong>\u2018Ba\u015fbakan hep \u015fik\u00e2yet\u00e7i&#8217;<\/strong><\/p>\n<p style=\"text-align: justify;\">San\u0131k avukatlar\u0131 \u2018Ampul Tayyip&#8217; slogan\u0131n\u0131n hiciv amac\u0131 ta\u015f\u0131d\u0131\u011f\u0131n\u0131 \u00f6ne s\u00fcrd\u00fcler. &#8220;ANAP&#8217;\u0131n logosu ar\u0131 s\u00f6zc\u00fc\u011f\u00fc kullan\u0131l\u0131p Mesut Y\u0131lmaz hakk\u0131nda \u2018Ar\u0131 Mesut&#8217; denildi\u011finde ya da CHP&#8217;nin logosu alt\u0131 ok kullan\u0131larak \u2018Alt\u0131 Ok Deniz&#8217; denildi\u011finde nas\u0131l hakaret su\u00e7undan bahsedilmeyecekse&#8217; bunun da su\u00e7 olmayaca\u011f\u0131n\u0131 s\u00f6ylediler.<br \/>\n\u0130kinci duru\u015fmada, Ba\u015fbakan Erdo\u011fan avukat\u0131 arac\u0131l\u0131\u011f\u0131yla \u015fik\u00e2yet\u00e7i oldu. Son duru\u015fmaysa 27 \u015eubat&#8217;ta g\u00f6r\u00fcld\u00fc. Kararda; \u2018Ampul Tayyip, o bir Amerikan u\u015fa\u011f\u0131, o bir Amerikanc\u0131, o bir IMF u\u015fa\u011f\u0131&#8217; sloganlar\u0131n\u0131n at\u0131ld\u0131\u011f\u0131, bu s\u00f6zlerle Ba\u015fbakan Erdo\u011fan&#8217;a yapmakta oldu\u011fu kamu g\u00f6revi nedeniyle sayg\u0131nl\u0131\u011f\u0131n\u0131,haysiyetini rencide edici kas\u0131tla hareket edilerek alenen hakaret su\u00e7unun i\u015flenmi\u015f oldu\u011fu&#8221; savunuldu. B\u00f6ylece TCK&#8217;nin 125. maddesi gere\u011finde d\u00f6rt san\u0131\u011fa 11&#8217;er ay 20&#8217;\u015fer g\u00fcn hapis cezas\u0131 verildi. Ceza ertelenirken, Battalo\u011flu&#8217;nun \u00e7ocuk mahkemesindeki davas\u0131 s\u00fcr\u00fcyor.<br \/>\n1 Nisan 2008&#8217;de, D\u0130SK ve KESK \u00f6nc\u00fcl\u00fc\u011f\u00fcndeki ba\u015fka bir protesto eylemi nde \u2018Ampuls\u00fcn sen Tayyip&#8217; diye slogan atan dokuz ki\u015fiye ayn\u0131 maddeden 7. Sulh Ceza Mahkemesi&#8217;nde dava a\u00e7\u0131ld\u0131. Erdo\u011fan&#8217;\u0131n \u015fik\u00e2yet\u00e7i oldu\u011fu davan\u0131n son duru\u015fmas\u0131 18 Mart&#8217;ta.\n<\/p>\n<p style=\"text-align: justify;\"><span style=\"color: #888888;\">Kaynak : \u0130SMA\u0130L SAYMAZ \/ Radikal Gazetesi<\/span><\/p>\n","protected":false},"excerpt":{"rendered":"<p style=\"text-align: center;\">\n<p style=\"text-align: justify;\">Bursa&#8217;da \u2018Ampul Tayyip&#8217; slogan\u0131 atan liselilerin eylemi mahkemelik oldu. Ba\u015fbakan&#8217;\u0131n da \u015fik\u00e2yet\u00e7i oldu\u011fu davada d\u00f6rt ki\u015fi 11&#8217;er ay hapis cezas\u0131 ald\u0131. Bir liseli ise \u00e7ocuk mahkemesinde yarg\u0131lan\u0131yor.<\/p>\n<p style=\"text-align: justify;\">Bursa&#8217;da, Ba\u015fbakan Recep Tayyip Erdo\u011fan hakk\u0131nda \u2018Ampul Tayyip&#8217; slogan\u0131n\u0131n at\u0131ld\u0131\u011f\u0131 iki eylem mahkemelik oldu. Liselilerin \u00d6SS&#8217;yi protesto eyleminde at\u0131lan bu slogan <\/p>\n","protected":false},"author":1,"featured_media":0,"comment_status":"open","ping_status":"closed","sticky":false,"template":"","format":"standard","meta":{"footnotes":""},"categories":[105],"tags":[],"class_list":["post-4598","post","type-post","status-publish","format-standard","hentry","category-gundem","odd"],"_links":{"self":[{"href":"http:\/\/www.korhanyilmaz.com\/index.php?rest_route=\/wp\/v2\/posts\/4598","targetHints":{"allow":["GET"]}}],"collection":[{"href":"http:\/\/www.korhanyilmaz.com\/index.php?rest_route=\/wp\/v2\/posts"}],"about":[{"href":"http:\/\/www.korhanyilmaz.com\/index.php?rest_route=\/wp\/v2\/types\/post"}],"author":[{"embeddable":true,"href":"http:\/\/www.korhanyilmaz.com\/index.php?rest_route=\/wp\/v2\/users\/1"}],"replies":[{"embeddable":true,"href":"http:\/\/www.korhanyilmaz.com\/index.php?rest_route=%2Fwp%2Fv2%2Fcomments&post=4598"}],"version-history":[{"count":0,"href":"http:\/\/www.korhanyilmaz.com\/index.php?rest_route=\/wp\/v2\/posts\/4598\/revisions"}],"wp:attachment":[{"href":"http:\/\/www.korhanyilmaz.com\/index.php?rest_route=%2Fwp%2Fv2%2Fmedia&parent=4598"}],"wp:term":[{"taxonomy":"category","embeddable":true,"href":"http:\/\/www.korhanyilmaz.com\/index.php?rest_route=%2Fwp%2Fv2%2Fcategories&post=4598"},{"taxonomy":"post_tag","embeddable":true,"href":"http:\/\/www.korhanyilmaz.com\/index.php?rest_route=%2Fwp%2Fv2%2Ftags&post=4598"}],"curies":[{"name":"wp","href":"https:\/\/api.w.org\/{rel}","templated":true}]}}