{"id":45969,"date":"2012-01-10T16:01:03","date_gmt":"2012-01-10T14:01:03","guid":{"rendered":"http:\/\/www.korhanyilmaz.com\/?p=45969"},"modified":"2012-01-10T16:35:26","modified_gmt":"2012-01-10T14:35:26","slug":"aysenur-arslan-salomanje-orgutunden-goturulebilirim","status":"publish","type":"post","link":"http:\/\/www.korhanyilmaz.com\/?p=45969","title":{"rendered":"Ay\u015fenur Arslan: Salomanje \u00f6rg\u00fct\u00fcnden g\u00f6t\u00fcr\u00fclebilirim"},"content":{"rendered":"<p style=\"text-align: center;\"><a href=\"http:\/\/www.korhanyilmaz.com\/wp-content\/uploads\/2012\/01\/8990.jpg\"  class=\"lightview\"><img loading=\"lazy\" decoding=\"async\" class=\"aligncenter  wp-image-45970\" src=\"http:\/\/www.korhanyilmaz.com\/wp-content\/uploads\/2012\/01\/8990.jpg\" alt=\"\" width=\"322\" height=\"242\" \/><\/a><\/p>\n<p style=\"text-align: justify;\">Bir s\u00fcre \u00f6nce rejisi bas\u0131lan CNN T\u00fcrk&#8217;te yay\u0131nlanan Medya Mahallesi program\u0131n\u0131n yap\u0131mc\u0131s\u0131 Ay\u015fenur Arslan, Yeni Harman dergisinden Mesud Ata\u2019ya konu\u015ftu. Rasim Ozan K\u00fctahyal\u0131\u2019n\u0131n \u201cyak\u0131nda tutuklanabilir\u201d sinyalini verdi\u011fi Arslan, r\u00f6portajda Rasim Ozan\u2019a cevap verirken Nazl\u0131 Il\u0131cak ile eski patronu Cem Uzan ve Din\u00e7 Bilgin ile ilgili ilgin\u00e7 \u015feyler anlat\u0131yor\u2026\u00a0<!--more--><\/p>\n<p style=\"text-align: justify;\">O r\u00f6portajdan bir b\u00f6l\u00fcm:<\/p>\n<p style=\"text-align: justify;\">-Ay\u015fenur Han\u0131m, ekranlarda h\u00fck\u00fcmete y\u00fckleniyorsunuz s\u0131k s\u0131k. Rahat m\u0131s\u0131n\u0131z, yoksa korkuyor musunuz bir yandan \u201cs\u0131ra bana da gelir\u201d diye?<\/p>\n<p style=\"text-align: justify;\">Asl\u0131nda hi\u00e7 rahat de\u011filim. Korku de\u011fil ama endi\u015fe var. U\u00e7ak korkusu d\u0131\u015f\u0131nda benim korkamamak gibi tuhaf bir halim var. \u0130\u00e7eri girmekse de girersiniz&#8230; Ama \u015fimdi bel f\u0131t\u0131\u011f\u0131m var, kemiklerim, dizlerim rahats\u0131z; \u201co nemde ne yapar\u0131m\u201d, \u201chay Allah, sa\u00e7lar\u0131m\u0131 boyatmazlar herhalde\u201d diye d\u00fc\u015f\u00fcn\u00fcyorum. B\u00f6yle insani, kad\u0131ns\u0131 kayg\u0131lar\u0131m var ama ben \u015funu d\u00fc\u015f\u00fcn\u00fcyorum. Korkmak ba\u015fka bir \u015fey, korka korka do\u011fru bildi\u011fini yapmak ba\u015fka bir \u015fey. Ben bunu yapmaya \u00e7al\u0131\u015f\u0131yorum. Bu cesaret de\u011fil; ba\u015fka t\u00fcrl\u00fc yapamamak\u2026<\/p>\n<p style=\"text-align: justify;\">-Arada uyar\u0131 i\u015fareti al\u0131yor musunuz?<\/p>\n<p style=\"text-align: justify;\">Bir yerlerden tabii sinyaller veriliyor. Kimini g\u00f6r\u00fcyorum, kimini g\u00f6rm\u00fcyorum. Ama \u015f\u00f6yle d\u00fc\u015f\u00fcn\u00fcyorum; U\u011fur Mumcu\u2019dan daha m\u0131 de\u011ferli hayatlar\u0131m\u0131z. \u0130\u00e7eride y\u0131llar\u0131 ge\u00e7en ya da as\u0131lan gen\u00e7lerden daha m\u0131 de\u011ferli hayatlar\u0131m\u0131z.<\/p>\n<p style=\"text-align: justify;\">-Nereden geliyor peki sinyaller?<\/p>\n<p style=\"text-align: justify;\">Sinyalleri ge\u00e7elim\u2026<\/p>\n<p style=\"text-align: justify;\">-\u00d6nemsizler mi?<\/p>\n<p style=\"text-align: justify;\">Can yak\u0131c\u0131, belirleyici de\u011filler&#8230; Ben bu program\u0131 yapabildi\u011fim s\u00fcrece o \u0131\u015f\u0131\u011f\u0131n ye\u015fil yand\u0131\u011f\u0131n\u0131 d\u00fc\u015f\u00fcn\u00fcr\u00fcm. Ne zamanki sar\u0131ya d\u00f6n\u00fc\u015f\u00fcr, k\u0131rm\u0131z\u0131ya d\u00f6nece\u011fi bellidir o zaman da herhalde orada olmam, diye d\u00fc\u015f\u00fcn\u00fcyorum. Arkadan selekt\u00f6r m\u00fc yap\u0131yorlar ne yap\u0131yorlar hi\u00e7 bakm\u0131yorum do\u011frusu.<\/p>\n<p style=\"text-align: justify;\">-Peki, al\u0131n\u0131rsan\u0131z neden al\u0131n\u0131rd\u0131n\u0131z; KCK m\u0131, Devrimci Karargah m\u0131, Ergenekon mu?<\/p>\n<p style=\"text-align: justify;\">Soner Yal\u00e7\u0131n ve Ahmet Hakan\u2019la birka\u00e7 kere \u00f6\u011fle yeme\u011fi yemi\u015ftim Ni\u015fanta\u015f\u0131\u2019nda, Salomanje\u2019de&#8230; Ger\u00e7i Ali Saydam vard\u0131, H\u0131ncal Ulu\u00e7 vard\u0131, birka\u00e7 gen\u00e7 arkada\u015f\u0131m\u0131z daha vard\u0131. Salomanje \u00f6rg\u00fct\u00fcnden g\u00f6t\u00fcr\u00fclebilirim. Onu nereye koyarlar bilmiyorum.<\/p>\n<p style=\"text-align: justify;\">Yal\u00e7\u0131n K\u00fc\u00e7\u00fck\u2019le \u00e7ok eski ahbapl\u0131\u011f\u0131m vard\u0131r, kendisiyle senelerdir g\u00f6rmesem de. T\u00fcrkiye \u0130\u015f\u00e7i Partisi\u2019nden tan\u0131\u015f\u0131r\u0131z. \u00c7ok kavga etmi\u015fli\u011fimiz de vard\u0131r ama ben severim kendisini. Bu d\u00fcnya i\u00e7in biraz fazla deli\u2026 Davaya eski tan\u0131\u015f\u0131kl\u0131klar konulur mu bilmem.<\/p>\n<p style=\"text-align: justify;\">Yani \u015fimdi Hanefi Avc\u0131\u2019n\u0131n Devrimci Karargah\u2019ta ne i\u015fi var. Orada onun i\u015fi varsa benimkisi de herhangi bir \u015fey olabilir\u2026 Bir de TRT\u2019deyken birka\u00e7 kad\u0131n Huz-Boz Der\u2019i kurmu\u015ftuk, belki o olabilir.<\/p>\n<p style=\"text-align: justify;\">-Huz-Boz Der?<\/p>\n<p style=\"text-align: justify;\">Huzur Bozanlar Derne\u011fi\u2026<\/p>\n<p style=\"text-align: justify;\">-Komikmi\u015f\u2026 Peki, al\u0131n\u0131rken ne yapard\u0131n\u0131z sembolik olarak?<\/p>\n<p style=\"text-align: justify;\">Elimle \u00f6p\u00fcc\u00fck g\u00f6nderebilirim. Ben yaln\u0131z sa\u00e7 boyas\u0131 konusunu \u00e7ok takar\u0131m kafaya ve bere takaca\u011f\u0131m cezaevinde. Bir ka\u00e7 berem var, bir siyah, bir k\u0131rm\u0131z\u0131; onlar\u0131 g\u00f6t\u00fcr\u00fcr\u00fcm yan\u0131mda\u2026<\/p>\n<p style=\"text-align: justify;\"><a href=\"http:\/\/www.birgun.net\/politics_index.php?news_code=1326196778&amp;day=10&amp;month=01&amp;year=2012\" target=\"_blank\">Kaynak : B\u0130RG\u00dcN<\/a><\/p>\n","protected":false},"excerpt":{"rendered":"<p style=\"text-align: center;\">\n<p style=\"text-align: justify;\">Bir s\u00fcre \u00f6nce rejisi bas\u0131lan CNN T\u00fcrk&#8217;te yay\u0131nlanan Medya Mahallesi program\u0131n\u0131n yap\u0131mc\u0131s\u0131 Ay\u015fenur Arslan, Yeni Harman dergisinden Mesud Ata\u2019ya konu\u015ftu. Rasim Ozan K\u00fctahyal\u0131\u2019n\u0131n \u201cyak\u0131nda tutuklanabilir\u201d sinyalini verdi\u011fi Arslan, r\u00f6portajda Rasim Ozan\u2019a cevap verirken Nazl\u0131 Il\u0131cak ile eski patronu Cem Uzan ve Din\u00e7 Bilgin ile ilgili ilgin\u00e7 \u015feyler anlat\u0131yor\u2026 <\/p>\n","protected":false},"author":1,"featured_media":0,"comment_status":"open","ping_status":"open","sticky":false,"template":"","format":"standard","meta":{"footnotes":""},"categories":[105],"tags":[],"class_list":["post-45969","post","type-post","status-publish","format-standard","hentry","category-gundem","odd"],"_links":{"self":[{"href":"http:\/\/www.korhanyilmaz.com\/index.php?rest_route=\/wp\/v2\/posts\/45969","targetHints":{"allow":["GET"]}}],"collection":[{"href":"http:\/\/www.korhanyilmaz.com\/index.php?rest_route=\/wp\/v2\/posts"}],"about":[{"href":"http:\/\/www.korhanyilmaz.com\/index.php?rest_route=\/wp\/v2\/types\/post"}],"author":[{"embeddable":true,"href":"http:\/\/www.korhanyilmaz.com\/index.php?rest_route=\/wp\/v2\/users\/1"}],"replies":[{"embeddable":true,"href":"http:\/\/www.korhanyilmaz.com\/index.php?rest_route=%2Fwp%2Fv2%2Fcomments&post=45969"}],"version-history":[{"count":0,"href":"http:\/\/www.korhanyilmaz.com\/index.php?rest_route=\/wp\/v2\/posts\/45969\/revisions"}],"wp:attachment":[{"href":"http:\/\/www.korhanyilmaz.com\/index.php?rest_route=%2Fwp%2Fv2%2Fmedia&parent=45969"}],"wp:term":[{"taxonomy":"category","embeddable":true,"href":"http:\/\/www.korhanyilmaz.com\/index.php?rest_route=%2Fwp%2Fv2%2Fcategories&post=45969"},{"taxonomy":"post_tag","embeddable":true,"href":"http:\/\/www.korhanyilmaz.com\/index.php?rest_route=%2Fwp%2Fv2%2Ftags&post=45969"}],"curies":[{"name":"wp","href":"https:\/\/api.w.org\/{rel}","templated":true}]}}