{"id":45965,"date":"2012-01-10T12:05:31","date_gmt":"2012-01-10T10:05:31","guid":{"rendered":"http:\/\/www.korhanyilmaz.com\/?p=45965"},"modified":"2012-01-10T16:26:42","modified_gmt":"2012-01-10T14:26:42","slug":"tabutlari-cekistiriyorlar","status":"publish","type":"post","link":"http:\/\/www.korhanyilmaz.com\/?p=45965","title":{"rendered":"&#8220;Tabutlar\u0131 \u00e7eki\u015ftiriyorlar&#8221;"},"content":{"rendered":"<p style=\"text-align: center;\"><a href=\"http:\/\/www.korhanyilmaz.com\/wp-content\/uploads\/2012\/01\/8989.jpg\"  class=\"lightview\"><img loading=\"lazy\" decoding=\"async\" class=\"aligncenter  wp-image-45966\" src=\"http:\/\/www.korhanyilmaz.com\/wp-content\/uploads\/2012\/01\/8989.jpg\" alt=\"\" width=\"462\" height=\"210\" \/><\/a><\/p>\n<p style=\"text-align: justify;\">Ba\u015fbakan Erdo\u011fan, BDP&#8217;ye sert s\u00f6zlerle y\u00fcklendi. CHP&#8217;yi BDP&#8217;nin de\u011firmenine su ta\u015f\u0131makla su\u00e7layan Erdo\u011fan, &#8220;BDP G\u00fcneydo\u011fu&#8217;nun CHP&#8217;sidir&#8221; dedi.<\/p>\n<p style=\"text-align: justify;\">ANKARA- Ba\u015fbakan Erdo\u011fan, partisinin grup toplant\u0131s\u0131nda konu\u015ftu. Erdo\u011fan&#8217;\u0131n konu\u015fmalar\u0131ndan sat\u0131r ba\u015flar\u0131 \u015f\u00f6yle:<\/p>\n<p style=\"text-align: justify;\">Uludere\u2019deki olaya y\u00f6nelik maksad\u0131 a\u015fan a\u00e7\u0131klamalar ge\u00e7en hafta da devam etti. Uludere\u2019de bu ac\u0131 hadise ya\u015fand\u0131ktan sonra, ac\u0131y\u0131 f\u0131rsata \u00e7evirmek i\u00e7in yo\u011fun \u00e7aba i\u00e7ine girdiler. Orada ya\u015fanan manzaray\u0131 g\u00f6rd\u00fck.<!--more--><\/p>\n<p style=\"text-align: justify;\">Ter\u00f6r \u00f6rg\u00fct\u00fc, tabutun bir kenar\u0131ndan tutarak, hadiseyi tahrik meselesi haline getirdi. BDP\u2019 de tahrik gayretleri i\u00e7ine girdi. Dikkat ederseniz baz\u0131 tabutlar\u0131n \u00fczerlerine de PKK bayraklar\u0131n\u0131 koydular. CHP, BDP ve PKK ile ayn\u0131 dili kullanarak o da cenazeler \u00fcst\u00fcnden f\u0131rsat dev\u015firme \u00e7abas\u0131 i\u00e7inde oldu. Bu \u00e7abaya baz\u0131 medya kurulu\u015flar\u0131 da eklenerek, ya\u015fanan ac\u0131 hadise \u00fczerinden yalan ve yanl\u0131\u015f bilgilere dayal\u0131 yay\u0131nlar yapt\u0131lar.<\/p>\n<p style=\"text-align: justify;\">Uludere&#8217;deki olaylar\u0131 istismar etmeye \u00e7al\u0131\u015fanlar oldu. \u00d6rg\u00fct\u00fcn siyasi uzant\u0131lar\u0131 ve CHP olay\u0131 istismar ediyor. BDP ve CHP cenazeler \u00fczerinden f\u0131rsat\u00e7\u0131l\u0131k yap\u0131yor. Uludere&#8217;deki olayla ilgili 3 koldan inceleme y\u00fcr\u00fct\u00fcl\u00fcyor. Savc\u0131l\u0131k, Genelkurmay ve Valilik olay\u0131 inceliyor. G\u00fclyaz\u0131&#8217;ya yeni bir g\u00fcmr\u00fck kap\u0131s\u0131 kurulmas\u0131 i\u00e7in haz\u0131rl\u0131k i\u00e7indeyiz.<\/p>\n<p style=\"text-align: justify;\">Bir yandan olay\u0131 derinlemesine inceliyor, di\u011fer tarafta vatanda\u015flar\u0131m\u0131z i\u00e7in b\u00fct\u00fcn imkanlar\u0131m\u0131z\u0131 seferber ediyoruz. biz istismar yapamay\u0131z. Ac\u0131dan rant sa\u011flayanlardan olamay\u0131z. Hayat\u0131n\u0131 kaybedenler bizim karde\u015flerimizdir. Biraz \u00f6nce de ifade etti\u011fim gibi bu ac\u0131 hadiseyi f\u0131rsat olarak g\u00f6renler taraf\u0131ndan karalama kampanyas\u0131 ba\u015flat\u0131ld\u0131. Biz hi\u00e7bir zaman \u00f6nce devlet diyenlerden olmad\u0131k, olmay\u0131z. Biz her zaman \u00f6nce insan dedik. Biz demokrasi i\u00e7in m\u00fccadele ede ede bu g\u00fcne geldik. AK Parti iktidar\u0131 her yeri alt yap\u0131s\u0131yla \u00fcst yap\u0131s\u0131yla aya\u011fa Kald\u0131rd\u0131, muhalefet bunu hazmedemiyor.<\/p>\n<p style=\"text-align: justify;\"><strong>BDP<\/strong><\/p>\n<p style=\"text-align: justify;\">Ey BDP, sizin insan sevginiz var m\u0131? Sizin elinizden gelen tek bir \u015fey var. Nedir? D\u00fckkanlar\u0131n kepenkleri insin. Siz onlar\u0131n r\u0131zk\u0131yla oynuyorsun. Gitti\u011finiz zaman pislikten ge\u00e7emezsiniz. Burada belediye var m\u0131 yok mu burada belediye bulamazs\u0131n\u0131z. Bnlar tamamen ter\u00f6r \u00f6rg\u00fct\u00fcn\u00fcn gayretlerinden besleniyorlar. Bununla ayaktalar.<\/p>\n<p style=\"text-align: justify;\">Kusura bakmas\u0131nlar, benim vatanda\u015f\u0131m devlet dairelerinde okullarda, hastanelerde insan yerine, birinci s\u0131n\u0131f vatanda\u015f yerine konmuyordu. Bizzat \u015fahs\u0131m o hastanelerde, karakollarda, hapishanelerde devletin milletine nas\u0131l davrand\u0131\u011f\u0131n\u0131 g\u00f6rd\u00fcm, ya\u015fad\u0131m. Bu \u00fclkede \u015fifa i\u00e7in hastaneye gidenler daha da hasta olarak evlerine d\u00f6n\u00fcyordu. Mahkemeler kendi dertlerine bile \u00e7\u00f6z\u00fcm \u00fcretemiyordu. Karakollar i\u015fkence iddialar\u0131yla an\u0131l\u0131yordu. Vatanda\u015f yolda sokakta insan muamelesi g\u00f6rm\u00fcyordu.<\/p>\n<p style=\"text-align: justify;\"><strong>MEDYA<\/strong><\/p>\n<p style=\"text-align: justify;\">Bug\u00fcn b\u00fclb\u00fcl gibi \u015fak\u0131yan bir \u00e7ok kalem, 9 y\u0131l \u00f6nce emir komuta zincirinin bir par\u00e7as\u0131 olmaktan \u00f6teye ge\u00e7emiyordu. Bu \u00fclkede &#8216;Dersim&#8217; demek bile su\u00e7tu. Biz bug\u00fcn b\u0131rak\u0131n Dersim\u2019i, Dersim katliam\u0131n\u0131 bile sorguluyoruz. Milletin yar\u0131s\u0131n\u0131n oyunu ald\u0131\u011f\u0131 halde bu parti gazete k\u00fcp\u00fcrleriyle kapat\u0131lmak istendi.<\/p>\n<p style=\"text-align: justify;\"><strong>BDP&#8217;N\u0130N KAPATILMA \u0130DD\u0130ALARI<\/strong><\/p>\n<p style=\"text-align: justify;\">Biz ger\u00e7ek ki\u015filerin cezaland\u0131r\u0131lmas\u0131ndan yanay\u0131z, asla partilerin kapat\u0131lmas\u0131ndan yana de\u011filiz. E\u011fer Tayyip Erdo\u011fan su\u00e7 i\u015fliyorsa, bedelini kendi \u00f6desin. O partilere oy verenleri cezaland\u0131rmamal\u0131y\u0131z.<\/p>\n<p style=\"text-align: justify;\"><strong>DANI\u015eTAY<\/strong><\/p>\n<p style=\"text-align: justify;\">Dan\u0131\u015ftay&#8217;a yap\u0131lan sald\u0131r\u0131n\u0131n bedelini bize \u00f6detmek istediler. \u00c7irkin tezgah\u0131 biz ortaya \u00e7\u0131kard\u0131k. Yeni T\u00fcrkiye demokrasiyle, siville\u015fmeyle \u015fekilleniyor. Yarg\u0131daki konularla ilgili yorum hakk\u0131m\u0131z yok. Yarg\u0131lananlar masum, yarg\u0131layanlar su\u00e7lu gibi s\u00f6ylemler olmamal\u0131d\u0131r.<\/p>\n<p style=\"text-align: justify;\"><strong>ULUDERE TURNUSOL KA\u011eIDI OLDU<\/strong><\/p>\n<p style=\"text-align: justify;\">Uludere&#8217;deki hazin hadise herkes i\u00e7in bir turnusol ka\u011f\u0131d\u0131 oldu. Kim sevindi, kim \u00fcz\u00fcld\u00fc ortaya \u00e7\u0131kt\u0131. BDP Uludere olay\u0131n\u0131 halklar aras\u0131 husumete d\u00f6n\u00fc\u015ft\u00fcrmeye \u00e7al\u0131\u015f\u0131rken, CHP de onlar\u0131n de\u011firmenine su ta\u015f\u0131d\u0131. BDP masum K\u00fcrt karde\u015flerimin kan\u0131yla besleniyor.<\/p>\n<p style=\"text-align: justify;\"><strong>DEM\u0130RTA\u015e&#8217;IN GENELKURMAY BA\u015eKANINA ELE\u015eT\u0130R\u0130S\u0130<\/strong><\/p>\n<p style=\"text-align: justify;\">Uludere hadisesini devletin vatanda\u015f\u0131n\u0131 katletmesi olarak sunmak hezeyand\u0131r. Bu millette, bu topraklara k\u00fcfretmek amac\u0131yla Genelkurmay Ba\u015fkan\u0131m\u0131z\u0131 hedef almak, ona g\u00fcya hakaret etmek de a\u00e7\u0131k s\u00f6yl\u00fcyorum; densizliktir. De\u011fil general, onba\u015f\u0131 bile olmak bu topraklar\u0131n tamam\u0131nda bir gurur, bir \u015feref vesilesidir. \u00c7\u0131km\u0131\u015f BDP Genel Ba\u015fkan\u0131, &#8216;Biz seni tan\u0131m\u0131yoruz&#8217; diyor. Allah a\u015fk\u0131na tan\u0131san ne yazar, tan\u0131masan ne yazar. Bizi millet tan\u0131yor, millet&#8230; Bize milletimizin muhabbeti, hay\u0131r duas\u0131, takdiri, te\u015fekk\u00fcr\u00fc, ziyadesiyle yeter.<\/p>\n<p style=\"text-align: justify;\">Sen b\u0131rak bizi. Aynaya bak, kendini tan\u0131yamazs\u0131n. \u00c7\u00fcnk\u00fc aynaya bakarsan, kan\u0131n\u0131 emdi\u011fin gen\u00e7leri g\u00f6receksin. Onurlu bir siyasi m\u00fccadele de\u011fil, ter\u00f6r\u00fcn stepnesi, ter\u00f6r\u00fcn yede\u011fi olmu\u015f, kan lekesi olmu\u015f y\u00fcz\u00fcn\u00fc g\u00f6r\u00fcrs\u00fcn. \u00dclkenin y\u00fczde 50 oy alarak se\u00e7ilen iktidar\u0131n\u0131 tan\u0131mad\u0131\u011f\u0131n\u0131 s\u00f6ylemek, iktidar\u0131n me\u015fruiyetinin olmad\u0131\u011f\u0131n\u0131 s\u00f6ylemek, demokrasiyi kabullenmemektir, milli iradeye sayg\u0131s\u0131zl\u0131kt\u0131r. Daha da \u00f6tesi \u015fuursuzluktur.<\/p>\n<p style=\"text-align: justify;\">Uludere hadisesini devlet ter\u00f6r\u00fc gibi, devletin vatanda\u015f\u0131n\u0131 katletmesi gibi lanse etmek, b\u00fcy\u00fck bir hezeyand\u0131r. Bu \u00fclkeye, bu millette, bu topraklara k\u00fcfretmek amac\u0131yla Genelkurmay Ba\u015fkan\u0131m\u0131z\u0131 hedef almak, ona g\u00fcya hakaret etmek de a\u00e7\u0131k s\u00f6yl\u00fcyorum; densizliktir. De\u011fil general, onba\u015f\u0131 bile olmak bu topraklar\u0131n tamam\u0131nda bir gurur, bir \u015feref vesilesidir.&#8217;<\/p>\n<p style=\"text-align: justify;\"><strong>LEYLA ZANA<\/strong><\/p>\n<p style=\"text-align: justify;\">D\u00fcn duydunuz., BDP&#8217;li vekil, &#8220;silah g\u00fcvencemizdir&#8221; diyor. O zaman TBMM&#8217;ye niye geldin. Sen de da\u011fa \u00e7\u0131ksayd\u0131n. Tek parti d\u00f6neminin CHP&#8217;si neyse, bug\u00fcn\u00fcn BDP&#8217;si de odur. \u00dcz\u00fcm \u00fcz\u00fcme baka baka karar\u0131r. Ama bug\u00fcn G\u00fcneydo\u011fu&#8217;da tek parti yok. Bir \u00e7ok b\u00f6lgede oldu\u011fu gibi G\u00fcneydo\u011fu&#8217;da da ilk parti AK parti.<\/p>\n<p style=\"text-align: justify;\"><a href=\"http:\/\/www.gazeteport.com.tr\/haber\/72905\/quottabutlari_cekistiriyorlarquot\" target=\"_blank\">Kaynak : GAZETEPORT<\/a><\/p>\n","protected":false},"excerpt":{"rendered":"<p style=\"text-align: center;\">\n<p style=\"text-align: justify;\">Ba\u015fbakan Erdo\u011fan, BDP&#8217;ye sert s\u00f6zlerle y\u00fcklendi. CHP&#8217;yi BDP&#8217;nin de\u011firmenine su ta\u015f\u0131makla su\u00e7layan Erdo\u011fan, &#8220;BDP G\u00fcneydo\u011fu&#8217;nun CHP&#8217;sidir&#8221; dedi.<\/p>\n<p style=\"text-align: justify;\">ANKARA- Ba\u015fbakan Erdo\u011fan, partisinin grup toplant\u0131s\u0131nda konu\u015ftu. Erdo\u011fan&#8217;\u0131n konu\u015fmalar\u0131ndan sat\u0131r ba\u015flar\u0131 \u015f\u00f6yle:<\/p>\n<p style=\"text-align: justify;\">Uludere\u2019deki olaya y\u00f6nelik maksad\u0131 a\u015fan a\u00e7\u0131klamalar ge\u00e7en hafta da devam etti. Uludere\u2019de bu ac\u0131 hadise ya\u015fand\u0131ktan sonra, <\/p>\n","protected":false},"author":1,"featured_media":0,"comment_status":"open","ping_status":"open","sticky":false,"template":"","format":"standard","meta":{"footnotes":""},"categories":[105],"tags":[],"class_list":["post-45965","post","type-post","status-publish","format-standard","hentry","category-gundem","odd"],"_links":{"self":[{"href":"http:\/\/www.korhanyilmaz.com\/index.php?rest_route=\/wp\/v2\/posts\/45965","targetHints":{"allow":["GET"]}}],"collection":[{"href":"http:\/\/www.korhanyilmaz.com\/index.php?rest_route=\/wp\/v2\/posts"}],"about":[{"href":"http:\/\/www.korhanyilmaz.com\/index.php?rest_route=\/wp\/v2\/types\/post"}],"author":[{"embeddable":true,"href":"http:\/\/www.korhanyilmaz.com\/index.php?rest_route=\/wp\/v2\/users\/1"}],"replies":[{"embeddable":true,"href":"http:\/\/www.korhanyilmaz.com\/index.php?rest_route=%2Fwp%2Fv2%2Fcomments&post=45965"}],"version-history":[{"count":0,"href":"http:\/\/www.korhanyilmaz.com\/index.php?rest_route=\/wp\/v2\/posts\/45965\/revisions"}],"wp:attachment":[{"href":"http:\/\/www.korhanyilmaz.com\/index.php?rest_route=%2Fwp%2Fv2%2Fmedia&parent=45965"}],"wp:term":[{"taxonomy":"category","embeddable":true,"href":"http:\/\/www.korhanyilmaz.com\/index.php?rest_route=%2Fwp%2Fv2%2Fcategories&post=45965"},{"taxonomy":"post_tag","embeddable":true,"href":"http:\/\/www.korhanyilmaz.com\/index.php?rest_route=%2Fwp%2Fv2%2Ftags&post=45965"}],"curies":[{"name":"wp","href":"https:\/\/api.w.org\/{rel}","templated":true}]}}