{"id":45962,"date":"2012-01-10T13:42:30","date_gmt":"2012-01-10T11:42:30","guid":{"rendered":"http:\/\/www.korhanyilmaz.com\/?p=45962"},"modified":"2012-01-10T16:22:42","modified_gmt":"2012-01-10T14:22:42","slug":"chplilerden-mecliste-eylem","status":"publish","type":"post","link":"http:\/\/www.korhanyilmaz.com\/?p=45962","title":{"rendered":"CHP&#8217;lilerden Meclis&#8217;te eylem"},"content":{"rendered":"<p style=\"text-align: center;\"><a href=\"http:\/\/www.korhanyilmaz.com\/wp-content\/uploads\/2012\/01\/8988.jpg\"  class=\"lightview\"><img loading=\"lazy\" decoding=\"async\" class=\"aligncenter  wp-image-45963\" src=\"http:\/\/www.korhanyilmaz.com\/wp-content\/uploads\/2012\/01\/8988.jpg\" alt=\"\" width=\"462\" height=\"210\" \/><\/a><\/p>\n<p style=\"text-align: justify;\">Milletvekilleri K\u0131l\u0131\u00e7daro\u011flu&#8217;nun Silivri konu\u015fmas\u0131n\u0131 tekrarlad\u0131.<\/p>\n<p style=\"text-align: justify;\">ANKARA- Kemal K\u0131l\u0131\u00e7daro\u011flu\u2019na y\u00f6nelik soru\u015fturma a\u00e7\u0131lmas\u0131 ve fezleke haz\u0131rlanmas\u0131 CHP Grubu\u2019nda protesto edildi. CHP Grup Ba\u015fkanvekilinin okudu\u011fu K\u0131l\u0131\u00e7daro\u011flu\u2019nun s\u00f6zlerini di\u011fer milletvekilleri ve salonda bulunanlar aya\u011fa kalkarak hep bir a\u011f\u0131zdan tekrar etti. K\u0131l\u0131\u00e7daro\u011flu\u2019nun s\u00f6zleri t\u00fcm milletvekilleri taraf\u0131ndan tekrarlanm\u0131\u015f oldu.<!--more--><\/p>\n<p style=\"text-align: justify;\">Eylemin ard\u0131ndan CHP lideri K\u0131l\u0131\u00e7daro\u011flu, protestolar ve alk\u0131\u015flar aras\u0131nda salona girdi. K\u0131l\u0131\u00e7daro\u011flu&#8217;nun konu\u015fmas\u0131ndan sat\u0131r ba\u015flar\u0131 \u015funlar:<\/p>\n<p style=\"text-align: justify;\"><strong>T\u00dcRK-\u0130\u015e&#8217;\u0130N MEKTUBU<\/strong><\/p>\n<p style=\"text-align: justify;\">Bu \u00fclkede herkesin demokrasi isteme hakk\u0131 var. Onlara bunu \u00f6\u011fretece\u011fiz. Ge\u00e7en hafta ko\u015fulsuz asgari \u00fccretin alt\u0131na imza atan T\u00fcrk \u0130\u015f\u2019i ele\u015ftirmi\u015ftim. Ele\u015ftirdi\u011fim g\u00fcn T\u00fcrk-\u0130\u015f bana bir mektup g\u00f6ndermi\u015f. Mektupta diyor ki ,CHP Genel Ba\u015fkan\u0131 bu ele\u015ftiriyi yaparak T\u00fcrk- \u0130\u015f bizim arka bah\u00e7emiz olsun diyor. Bun kadar s\u0131\u011f bir anlay\u0131\u015f\u0131 \u015fiddetle reddediyorum. Aksine hi\u00e7bir siyasi partinin arka bah\u00e7esine d\u00f6n\u00fc\u015fmesini istemiyoruz, her ortamda bunu reddederiz. C\u00fcmleyi aynen okuyorum: \u201cT\u00fcrk-\u0130\u015f zam oran\u0131na itiraz etmi\u015f ancak daha az zamma muhta\u00e7 etmemek i\u00e7in onaylam\u0131\u015ft\u0131r.\u201d Senin g\u00f6revin korkuya direnmektir. Asgari \u00fccret d\u00fc\u015f\u00fckse bunu hayk\u0131rmak ve s\u00f6ylemektir. Bir T\u00fcrk-\u0130\u015f d\u00fc\u015f\u00fcn\u00fcn, korku imparatorlu\u011funa \u015fantaja teslim oluyor. Ya imzala ya da k\u00fc\u00e7\u00fck zam verece\u011fiz dediler, o da pa\u015fa pa\u015fa bast\u0131 imzay\u0131.<\/p>\n<p style=\"text-align: justify;\"><strong>TUTUKLANAN GAZETEC\u0130LER<\/strong><\/p>\n<p style=\"text-align: justify;\">G\u00f6n\u00fcl isterdi ki 10 Ocak \u00c7al\u0131\u015fan Gazeteciler G\u00fcn\u00fc&#8217;n\u00fc bayram gibi kutlayabilelim. Bas\u0131n\u0131n \u00f6zg\u00fcr olmad\u0131\u011f\u0131 bir \u00fclkede demokrasi yoktur. Medyan\u0131n sesini kesmek, ayn\u0131 zamanda hepimizin dilini kesmektir. Dilsiz demokrasi \u00f6rt\u00fcl\u00fc diktat\u00f6rl\u00fckl\u00fckt\u00fcr. Bas\u0131n \u00f6zg\u00fcrl\u00fc\u011f\u00fc sadece gazetecilerin de\u011fil hepimizin \u00f6zg\u00fcrl\u00fc\u011f\u00fcd\u00fcr. Bug\u00fcn itibariyle 97 gazeteci i\u00e7eride tutuluyor. Bunlar\u0131n 18\u2019i kad\u0131n. Bu 12 Eyl\u00fcl\u2019de bile g\u00f6r\u00fclmemi\u015fti.<\/p>\n<p style=\"text-align: justify;\">Se\u00e7imden sonra hapse at\u0131lan gazeteci say\u0131s\u0131nda b\u00fcy\u00fck bir art\u0131\u015f var. Hapisteki gazeteci say\u0131s\u0131 a\u00e7\u0131s\u0131ndan d\u00fcnyada ikinciyiz. Bug\u00fcn\u00fc \u00c7al\u0131\u015fan Gazeteciler Bayram\u0131 yapan 50 y\u0131l \u00f6nceki meslekta\u015flar\u0131n\u0131n kahramanca direni\u015fini bug\u00fcnk\u00fc gazeteci arkada\u015flar\u0131ma hat\u0131rlatmak isterim. Ben kahramanca direnen o gazetecilerin \u00f6n\u00fcnde sayg\u0131yla e\u011filiyorum. 2012 T\u00fcrkiye\u2019sinde bas\u0131n \u00f6zg\u00fcrl\u00fc\u011f\u00fc a\u00e7\u0131s\u0131ndan 10 Ocak 1961\u2019in gerisindeyiz.<\/p>\n<p style=\"text-align: justify;\">Gazetecileri hapse atarak, onlar\u0131 susturmu\u015f olmuyorsunuz, toplumun vicdan\u0131n\u0131 da susturmu\u015f oluyorsunuz. \u0130\u00e7eri at\u0131lan her gazeteci asl\u0131nda tehdittir. D\u0131\u015fardakilere aba alt\u0131ndan sopa g\u00f6stermektir. \u0130stedi\u011fimi yaz\u0131yorum diyebilen ka\u00e7 gazeteci var? 2012 T\u00fcrkiye&#8217;sinde bas\u0131n \u00f6zg\u00fcrl\u00fc\u011f\u00fc ohlarak 1961&#8217;in gerisindeyiz. Bu ay\u0131b\u0131 silip atmak zorunday\u0131z. Bas\u0131n bizi ele\u015ftirse de sonuna kadar yan\u0131nday\u0131z. Sonuna kadar haklar\u0131n\u0131 savunaca\u011f\u0131z.<\/p>\n<p style=\"text-align: justify;\">\u00a0<strong>N\u0130\u00c7\u0130N BU TABLOYU YARATIYORSUN?<\/strong><\/p>\n<p style=\"text-align: justify;\">\u0130nsan\u0131n \u015fiir okudu\u011fu i\u00e7in hapse at\u0131lmas\u0131yla kitap yazd\u0131\u011f\u0131 i\u00e7in hapse at\u0131lmas\u0131 aras\u0131nda ne fark var? D\u00fcn\u00fcn mazlumu, bug\u00fcn\u00fcn zalimidir.<\/p>\n<p style=\"text-align: justify;\"><strong>\u0130LKER BA\u015eBU\u011e&#8217;UN TUTUKLANMASI<\/strong><\/p>\n<p style=\"text-align: justify;\">Her\u015feyimiz vard\u0131, bir bu eksikti. Art\u0131k bir ter\u00f6rist genelkurmay ba\u015fkan\u0131m\u0131z var. Bir \u00fclkenin genelkurmay ba\u015fkan\u0131 ter\u00f6rist olursa, ba\u015fbakan\u0131 ne olur? Ter\u00f6r \u00f6rg\u00fct\u00fc kuran bir genel kurmay ba\u015fkan\u0131 ile nas\u0131l \u00e7al\u0131\u015ft\u0131n\u0131z? \u00d6zel yetkili mahkemeler iktidar\u0131n elinde bir sopad\u0131r. Adalet \u00e7i\u011fnenmi\u015fse tuz kokmu\u015f demektir. Tuzu kokutmamak 70 milyonun g\u00f6revidir. Herkesi g\u00f6reve \u00e7a\u011f\u0131r\u0131yorum.<\/p>\n<p style=\"text-align: justify;\">\u0130lk kez bir genelkurmay ba\u015fkan\u0131 sivil mahkeme taraf\u0131ndan tutukland\u0131 diye yaz\u0131ld\u0131. \u00d6zel yetkili mahkemeleri nas\u0131l sivil diye de\u011ferlendiririrsiniz. Silivri&#8217;de bir \u00e7ad\u0131r tiyatrosu kurulmu\u015f, s\u00f6zde adalet da\u011f\u0131t\u0131yorlar. Orada adalet da\u011f\u0131tm\u0131yorlar. Silivri bir toplama kamp\u0131d\u0131r. Almanya&#8217;dakinin 21. y\u00fczy\u0131l versiyonudur.<\/p>\n<p style=\"text-align: justify;\"><strong>ULUDERE&#8217;DE SIKI\u015eTI DOSYAYI \u00c7EKMECEDEN \u00c7IKARDI<\/strong><\/p>\n<p style=\"text-align: justify;\">Meselenin bir de zamanlama y\u00f6n\u00fc var. AKP 35 ki\u015finin \u00f6l\u00fcm\u00fcnden dolay\u0131 s\u0131k\u0131\u015fm\u0131\u015f, \u00e7ekmeceden dosya \u00e7\u0131kar\u0131yor. AK Parti ne zaman s\u0131k\u0131\u015fsa, \u00f6zel yetkili mahkemeler \u00e7ekmeceden bir dosya \u00e7\u0131kar\u0131yor. CHP darbecilere sonuna kadar kar\u015f\u0131d\u0131r. Ancak bug\u00fcn olu\u015fturulan sivil diktat\u00f6rl\u00fc\u011fe de kar\u015f\u0131d\u0131r. Hi\u00e7bir bask\u0131, korku ve \u015fantaja boyun e\u011fmek kitab\u0131m\u0131zda yoktur. Birilerinin talimat\u0131yla al\u0131p i\u00e7eri atarsan\u0131z, bu ki\u015fi kim olursa olun onu savunaca\u011f\u0131z.<\/p>\n<p style=\"text-align: justify;\"><strong>\u0130ST\u0130HBARATI \u0130SRA\u0130L&#8217;DEN M\u0130 ALDINIZ, AMER\u0130KA&#8217;DAN MI?<\/strong><\/p>\n<p style=\"text-align: justify;\">Bu hukuk sistemine toplu i\u011fne ucu kadar inanm\u0131yoruz. Oradan adalet \u00e7\u0131kmaz. Yarg\u0131n\u0131n g\u00fcndem de\u011fi\u015ftirecek piar arac\u0131 oralak kullan\u0131lmas\u0131na izin vermeyece\u011fiz. Uludere&#8217;de 35 vatanda\u015f\u0131m\u0131z \u00f6ld\u00fcr\u00fcl\u00fcyor. Ard\u0131ndan eski bir genelkurmay ba\u015fkan\u0131m\u0131z tutuklan\u0131yor ve ana muhalefet partisi lideri hakk\u0131nda fezleke haz\u0131rlan\u0131yor. Bunlar 12 g\u00fcn i\u00e7inde oluyor. Alay komutan\u0131n\u0131 g\u00f6revden alarak bu konuyu kapatamazs\u0131n\u0131z.<\/p>\n<p style=\"text-align: justify;\">Ayn\u0131 soruyu bir kez daha soruyorum, siz bu istihbarat\u0131 nerden ald\u0131n\u0131z. Siz bu istihbarat\u0131 heronlardan m\u0131 ald\u0131n\u0131z, yoksa Malatya&#8217;ya konu\u015flanm\u0131\u015f insans\u0131z hava ara\u00e7lar\u0131ndan m\u0131 ald\u0131n\u0131z. Daha a\u00e7\u0131k soray\u0131m, siz bu istihbarat\u0131 \u0130srail&#8217;den mi ald\u0131n\u0131z, Amerika&#8217;dan m\u0131? Kendi g\u00fcvenli\u011fini ba\u015fkalar\u0131n\u0131n istihbarat\u0131na emanet edenlerin geldi\u011fi nokta budur. Sana tek soru soruyorum, bu istihbarat\u0131 kim verdi, korkuyorsun, a\u00e7\u0131klam\u0131yorsun.<\/p>\n<p style=\"text-align: justify;\"><strong>HAKKINDA HAZIRLANAN FEZLEKE<\/strong><\/p>\n<p style=\"text-align: justify;\">Bunlar\u0131n yarg\u0131s\u0131 yay\u0131nlanmam\u0131\u015f kitab\u0131 mahkum eden yarg\u0131d\u0131r. Bunlar\u0131n yarg\u0131s\u0131 paras\u0131z e\u011fitim isteyen \u00f6\u011frencileri aylarca hapiste tutan yarg\u0131d\u0131r. Benim dokunulmazl\u0131\u011fa ihtiyac\u0131m yok. Benim dilek\u00e7em burada, grup toplant\u0131s\u0131ndan sonra g\u00f6nderece\u011fim. Kald\u0131r\u0131n dokunulmazl\u0131\u011f\u0131m\u0131. Ben yola \u00e7\u0131karken, dokunulmazl\u0131\u011fa g\u00fcvenerek yola \u00e7\u0131kan biri de\u011filim. Ben egemen g\u00fc\u00e7lerin ta\u015feronlu\u011funu yapanlara boyun e\u011fmem. Beni \u00f6zel yetkili mahkemelerinizle y\u0131ld\u0131ramazs\u0131n\u0131z. Ben sizden \u00e7ekinmem, ben sizin a\u011fa babalar\u0131n\u0131zdan da \u00e7ekinmem. Ben yaln\u0131zca kendi ulusumun emrindeyim. Beni hapse atmak de\u011fil, dara\u011fac\u0131na da \u00e7\u0131karsan\u0131z, s\u00f6yleyece\u011fim budur.<\/p>\n<p style=\"text-align: justify;\"><strong>NE DEM\u0130\u015eT\u0130?<\/strong><\/p>\n<p style=\"text-align: justify;\">K\u0131l\u0131\u00e7daro\u011flu 9 Kas\u0131m 2011\u2019de cezaevi \u00f6n\u00fcnde \u015funlar\u0131 s\u00f6ylemi\u015fti: \u201cParlamentoya gelip, yeminlerini ederek Anayasa\u2019n\u0131n 90\u2019\u0131nc\u0131 Maddesi\u2019nde \u00f6ng\u00f6r\u00fclen kurallar i\u00e7inde g\u00f6revlerini yapmak istiyorlar. Ama bu g\u00f6revler maalesef baz\u0131 yarg\u0131\u00e7lar taraf\u0131ndan engelleniyor. Onlara yarg\u0131\u00e7 demeyi i\u00e7ime sindiremiyorum. \u00c7\u00fcnk\u00fc yarg\u0131\u00e7, vicdan\u0131yla hareket eden ki\u015fi demektir. \u0130ktidara muhalif olman\u0131n bedeli, 21\u2019inci y\u00fczy\u0131l\u0131n T\u00fcrkiyesi\u2019nde Silivri\u2019de toplama kamp\u0131nda olmakt\u0131r. Bu bir demokrasi ay\u0131b\u0131d\u0131r. Bu ay\u0131b\u0131 ortadan kald\u0131rmam\u0131z laz\u0131m. T\u00fcrkiye\u2019ye yak\u0131\u015fm\u0131yor.\u201d<\/p>\n<p style=\"text-align: justify;\"><a href=\"http:\/\/www.gazeteport.com.tr\/haber\/72919\/chplilerden_mecliste_eylem\" target=\"_blank\">Kaynak : GAZETEPORT<\/a><\/p>\n","protected":false},"excerpt":{"rendered":"<p style=\"text-align: center;\">\n<p style=\"text-align: justify;\">Milletvekilleri K\u0131l\u0131\u00e7daro\u011flu&#8217;nun Silivri konu\u015fmas\u0131n\u0131 tekrarlad\u0131.<\/p>\n<p style=\"text-align: justify;\">ANKARA- Kemal K\u0131l\u0131\u00e7daro\u011flu\u2019na y\u00f6nelik soru\u015fturma a\u00e7\u0131lmas\u0131 ve fezleke haz\u0131rlanmas\u0131 CHP Grubu\u2019nda protesto edildi. CHP Grup Ba\u015fkanvekilinin okudu\u011fu K\u0131l\u0131\u00e7daro\u011flu\u2019nun s\u00f6zlerini di\u011fer milletvekilleri ve salonda bulunanlar aya\u011fa kalkarak hep bir a\u011f\u0131zdan tekrar etti. K\u0131l\u0131\u00e7daro\u011flu\u2019nun s\u00f6zleri t\u00fcm milletvekilleri taraf\u0131ndan tekrarlanm\u0131\u015f oldu.<\/p>\n","protected":false},"author":1,"featured_media":0,"comment_status":"open","ping_status":"open","sticky":false,"template":"","format":"standard","meta":{"footnotes":""},"categories":[105],"tags":[],"class_list":["post-45962","post","type-post","status-publish","format-standard","hentry","category-gundem","odd"],"_links":{"self":[{"href":"http:\/\/www.korhanyilmaz.com\/index.php?rest_route=\/wp\/v2\/posts\/45962","targetHints":{"allow":["GET"]}}],"collection":[{"href":"http:\/\/www.korhanyilmaz.com\/index.php?rest_route=\/wp\/v2\/posts"}],"about":[{"href":"http:\/\/www.korhanyilmaz.com\/index.php?rest_route=\/wp\/v2\/types\/post"}],"author":[{"embeddable":true,"href":"http:\/\/www.korhanyilmaz.com\/index.php?rest_route=\/wp\/v2\/users\/1"}],"replies":[{"embeddable":true,"href":"http:\/\/www.korhanyilmaz.com\/index.php?rest_route=%2Fwp%2Fv2%2Fcomments&post=45962"}],"version-history":[{"count":0,"href":"http:\/\/www.korhanyilmaz.com\/index.php?rest_route=\/wp\/v2\/posts\/45962\/revisions"}],"wp:attachment":[{"href":"http:\/\/www.korhanyilmaz.com\/index.php?rest_route=%2Fwp%2Fv2%2Fmedia&parent=45962"}],"wp:term":[{"taxonomy":"category","embeddable":true,"href":"http:\/\/www.korhanyilmaz.com\/index.php?rest_route=%2Fwp%2Fv2%2Fcategories&post=45962"},{"taxonomy":"post_tag","embeddable":true,"href":"http:\/\/www.korhanyilmaz.com\/index.php?rest_route=%2Fwp%2Fv2%2Ftags&post=45962"}],"curies":[{"name":"wp","href":"https:\/\/api.w.org\/{rel}","templated":true}]}}