{"id":45958,"date":"2012-01-10T14:45:56","date_gmt":"2012-01-10T12:45:56","guid":{"rendered":"http:\/\/www.korhanyilmaz.com\/?p=45958"},"modified":"2012-01-10T16:18:08","modified_gmt":"2012-01-10T14:18:08","slug":"fezleke-kavgasi","status":"publish","type":"post","link":"http:\/\/www.korhanyilmaz.com\/?p=45958","title":{"rendered":"Fezleke kavgas\u0131"},"content":{"rendered":"<p style=\"text-align: center;\"><a href=\"http:\/\/www.korhanyilmaz.com\/wp-content\/uploads\/2012\/01\/8987.jpg\"  class=\"lightview\"><img loading=\"lazy\" decoding=\"async\" class=\"aligncenter  wp-image-45959\" src=\"http:\/\/www.korhanyilmaz.com\/wp-content\/uploads\/2012\/01\/8987.jpg\" alt=\"\" width=\"462\" height=\"210\" \/><\/a><\/p>\n<p style=\"text-align: justify;\">CHP Genel Ba\u015fkan\u0131 K\u0131l\u0131\u00e7daro\u011flu hakk\u0131nda haz\u0131rlanan fezleke, Ba\u015fbakan Erdo\u011fan ile CHP lideri aras\u0131nda sert tart\u0131\u015fmalara neden oldu. Erdo\u011fan fezlekeyle ilgili olarak &#8220;Olmas\u0131 gereken olmu\u015ftur&#8221; dedi. Erdo\u011fan&#8217;\u0131n bu a\u00e7\u0131klamas\u0131na K\u0131l\u0131\u00e7daro\u011flu&#8217;ndan jet yan\u0131t geldi. K\u0131l\u0131\u00e7daro\u011flu, Erdo\u011fan&#8217;\u0131n bu a\u00e7\u0131klamas\u0131yla dosyay\u0131 \u00f6nceden bildi\u011finin ortaya \u00e7\u0131kt\u0131\u011f\u0131n\u0131 ifade etti.<!--more--><\/p>\n<p style=\"text-align: justify;\">ANKARA &#8211; Ba\u015fbakan Recep Tayyip Erdo\u011fan, Silivri Cumhuriyet Ba\u015fsavc\u0131l\u0131\u011f\u0131n\u0131n CHP Genel Ba\u015fkan\u0131 Kemal K\u0131l\u0131\u00e7daro\u011flu&#8217;nun dokunulmazl\u0131\u011f\u0131n\u0131n kald\u0131r\u0131lmas\u0131n\u0131 i\u00e7eren fezlekeyle ilgili, &#8221;Fezlekelere yabanc\u0131 m\u0131s\u0131n\u0131z? B\u00fct\u00fcn arkada\u015flar i\u00e7in bu t\u00fcr fezlekeler olabiliyor. Ba\u015fbakan, Ba\u015fbakan Yard\u0131mc\u0131lar\u0131 hepsi i\u00e7in bu t\u00fcr fezlekeler var. Ayn\u0131 \u015feyin Say\u0131n K\u0131l\u0131\u00e7daro\u011flu i\u00e7in de hele hele o kulland\u0131\u011f\u0131 ifadeler i\u00e7in hayda hayda olmas\u0131 gerekir. Olmas\u0131 gereken olmu\u015ftur&#8221; dedi.<\/p>\n<p style=\"text-align: justify;\">Erdo\u011fan, TBMM&#8217;deki makam\u0131ndan ayr\u0131l\u0131rken gazetecilerin sorular\u0131n\u0131 yan\u0131tlad\u0131. Bir soru \u00fczerine Ba\u015fbakan Erdo\u011fan, bug\u00fcn ak\u015fam saat 20.00&#8217;de Irak Ba\u015fbakan\u0131 Nuri El Maliki ile g\u00f6r\u00fc\u015fece\u011fini bildirdi. Ba\u015fbakan Erdo\u011fan, bir gazetecinin, CHP Genel Ba\u015fkan\u0131 Kemal K\u0131l\u0131\u00e7daro\u011flu hakk\u0131nda Silivri Cumhuriyet Ba\u015fsavc\u0131l\u0131\u011f\u0131 taraf\u0131ndan haz\u0131rlanan &#8221;bir fezlekeden s\u00f6z edildi\u011fini&#8221; belirterek, de\u011ferlendirmesini istemesi \u00fczerine \u015f\u00f6yle konu\u015ftu:<\/p>\n<p style=\"text-align: justify;\"><strong>OLMASI GEREKEN OLDU<\/strong><\/p>\n<p style=\"text-align: justify;\">&#8221;Niye bahsediliyor diyorsunuz. Fezlekelere yabanc\u0131 m\u0131s\u0131n\u0131z? Burada b\u00fct\u00fcn arkada\u015flar i\u00e7in bu t\u00fcr fezlekeler olabiliyor. Var. Yani Ba\u015fbakan, Ba\u015fbakan Yard\u0131mc\u0131lar\u0131, hepsi i\u00e7in bu t\u00fcr fezlekeler var. Ayn\u0131 \u015fey, Say\u0131n K\u0131l\u0131\u00e7daro\u011flu i\u00e7in de hele hele o kulland\u0131\u011f\u0131 ifadeler i\u00e7in hayda hayda olmas\u0131 gerekir. Olmas\u0131 gereken olmu\u015ftur. \u00c7\u00fcnk\u00fc Silivri Cezaevi i\u00e7in yapm\u0131\u015f oldu\u011fu a\u00e7\u0131klama ve \u015fu anda orada bir \u00e7ad\u0131r kurulmas\u0131 vesaire t\u00fcm bunlarla ilgili yapt\u0131\u011f\u0131 a\u00e7\u0131klama&#8230; Hele hele bug\u00fcn yapm\u0131\u015f oldu\u011fu a\u00e7\u0131klama.. yani &#8216;AK Parti bir kat\u0131n\u0131 yarg\u0131ya tahsis etmeli&#8217; filan diye&#8230; Bizim b\u00f6yle parti te\u015fkilatlanmas\u0131 d\u0131\u015f\u0131nda binam\u0131zda kullan\u0131lacak yerimiz kalmad\u0131, ama CHP&#8217;nin Genel Merkezi&#8217;nde bu t\u00fcr yerler olabilir. Oralarda bu t\u00fcr tahsisleri yaparlarsa daha isabetli olur.&#8221;<\/p>\n<p style=\"text-align: justify;\"><strong>B\u00d6YLE \u015eEY YOK<\/strong><\/p>\n<p style=\"text-align: justify;\">Ba\u015fbakan Erdo\u011fan, &#8221;Kabinede revizyon yapaca\u011f\u0131n\u0131z iddialar\u0131 konu\u015fuluyor. Bas\u0131na da yans\u0131d\u0131&#8221; sorusuna &#8221;Benim d\u00fcnyamda b\u00f6yle bir \u015fey yok&#8221; yan\u0131t\u0131n\u0131 verdi.<\/p>\n<p style=\"text-align: justify;\"><strong>KILI\u00c7DARO\u011eLU&#8217;NDAN ANINDA YANIT<\/strong><\/p>\n<p style=\"text-align: justify;\">Ba\u015fbakan Erdo\u011fan&#8217;\u0131n bu s\u00f6zlerine K\u0131l\u0131\u00e7daro\u011flu&#8217;ndan yan\u0131t gecikmedi: Ba\u015fbakan&#8217;\u0131n s\u00f6zleri fezlekeyi \u00f6nceden bildi\u011fini g\u00f6steriyor.<\/p>\n<p style=\"text-align: justify;\"><a href=\"http:\/\/www.gazeteport.com.tr\/haber\/72936\/fezleke_kavgasi\" target=\"_blank\">Kaynak : GAZETEPORT<\/a><\/p>\n","protected":false},"excerpt":{"rendered":"<p style=\"text-align: center;\">\n<p style=\"text-align: justify;\">CHP Genel Ba\u015fkan\u0131 K\u0131l\u0131\u00e7daro\u011flu hakk\u0131nda haz\u0131rlanan fezleke, Ba\u015fbakan Erdo\u011fan ile CHP lideri aras\u0131nda sert tart\u0131\u015fmalara neden oldu. Erdo\u011fan fezlekeyle ilgili olarak &#8220;Olmas\u0131 gereken olmu\u015ftur&#8221; dedi. Erdo\u011fan&#8217;\u0131n bu a\u00e7\u0131klamas\u0131na K\u0131l\u0131\u00e7daro\u011flu&#8217;ndan jet yan\u0131t geldi. K\u0131l\u0131\u00e7daro\u011flu, Erdo\u011fan&#8217;\u0131n bu a\u00e7\u0131klamas\u0131yla dosyay\u0131 \u00f6nceden bildi\u011finin ortaya \u00e7\u0131kt\u0131\u011f\u0131n\u0131 ifade etti.<\/p>\n","protected":false},"author":1,"featured_media":0,"comment_status":"open","ping_status":"open","sticky":false,"template":"","format":"standard","meta":{"footnotes":""},"categories":[105],"tags":[],"class_list":["post-45958","post","type-post","status-publish","format-standard","hentry","category-gundem","odd"],"_links":{"self":[{"href":"http:\/\/www.korhanyilmaz.com\/index.php?rest_route=\/wp\/v2\/posts\/45958","targetHints":{"allow":["GET"]}}],"collection":[{"href":"http:\/\/www.korhanyilmaz.com\/index.php?rest_route=\/wp\/v2\/posts"}],"about":[{"href":"http:\/\/www.korhanyilmaz.com\/index.php?rest_route=\/wp\/v2\/types\/post"}],"author":[{"embeddable":true,"href":"http:\/\/www.korhanyilmaz.com\/index.php?rest_route=\/wp\/v2\/users\/1"}],"replies":[{"embeddable":true,"href":"http:\/\/www.korhanyilmaz.com\/index.php?rest_route=%2Fwp%2Fv2%2Fcomments&post=45958"}],"version-history":[{"count":0,"href":"http:\/\/www.korhanyilmaz.com\/index.php?rest_route=\/wp\/v2\/posts\/45958\/revisions"}],"wp:attachment":[{"href":"http:\/\/www.korhanyilmaz.com\/index.php?rest_route=%2Fwp%2Fv2%2Fmedia&parent=45958"}],"wp:term":[{"taxonomy":"category","embeddable":true,"href":"http:\/\/www.korhanyilmaz.com\/index.php?rest_route=%2Fwp%2Fv2%2Fcategories&post=45958"},{"taxonomy":"post_tag","embeddable":true,"href":"http:\/\/www.korhanyilmaz.com\/index.php?rest_route=%2Fwp%2Fv2%2Ftags&post=45958"}],"curies":[{"name":"wp","href":"https:\/\/api.w.org\/{rel}","templated":true}]}}