{"id":45937,"date":"2012-01-09T19:36:03","date_gmt":"2012-01-09T17:36:03","guid":{"rendered":"http:\/\/www.korhanyilmaz.com\/?p=45937"},"modified":"2012-01-09T21:12:23","modified_gmt":"2012-01-09T19:12:23","slug":"kilicdaroglu-hakkinda-sok-suclama","status":"publish","type":"post","link":"http:\/\/www.korhanyilmaz.com\/?p=45937","title":{"rendered":"K\u0131l\u0131\u00e7daro\u011flu hakk\u0131nda \u015fok su\u00e7lama"},"content":{"rendered":"<p style=\"text-align: justify;\"><a href=\"http:\/\/www.korhanyilmaz.com\/wp-content\/uploads\/2012\/01\/8984.jpg\"  class=\"lightview\"><img loading=\"lazy\" decoding=\"async\" class=\"aligncenter size-full wp-image-45938\" title=\"\" src=\"http:\/\/www.korhanyilmaz.com\/wp-content\/uploads\/2012\/01\/8984.jpg\" alt=\"\" width=\"325\" height=\"215\" \/><\/a><\/p>\n<p style=\"text-align: justify;\">Silivri Cumhuriyet Ba\u015fsavc\u0131l\u0131\u011f\u0131 taraf\u0131ndan CHP Genel Ba\u015fkan\u0131 Kemal K\u0131l\u0131\u00e7daro\u011flu hakk\u0131nda adil yarg\u0131lamay\u0131 etkilemeyi te\u015febb\u00fcs iddias\u0131yla soru\u015fturma ba\u015flat\u0131ld\u0131. K\u0131l\u0131\u00e7daro\u011flu haberi, partisinin Merkez Y\u00f6netim Kurulu(MYK) toplant\u0131s\u0131 s\u0131ras\u0131nda ald\u0131.<\/p>\n<p style=\"text-align: justify;\">Silivri Cumhuriyet Ba\u015fsavc\u0131l\u0131\u011f\u0131&#8217;nca resen haz\u0131rlanan 4 sayfal\u0131k fezlekenin, K\u0131l\u0131\u00e7daro\u011flu&#8217;n\u0131n 9 Kas\u0131m 2011 tarihinde Silivri Cezaevinde tutuklu bulunan CHP milletvekilleri Mehmet Haberal ve Mustafa Balbay&#8217;\u0131 ziyaretinden sonra yapt\u0131\u011f\u0131 a\u00e7\u0131klamalardan dolay\u0131 haz\u0131rland\u0131\u011f\u0131 \u00f6\u011frenildi.\u00a0<!--more--><\/p>\n<p style=\"text-align: justify;\">CHP lideri K\u0131l\u0131\u00e7daro\u011flu&#8217;nun milletvekili dokunulmazl\u0131\u011f\u0131n\u0131n kald\u0131r\u0131lmas\u0131 i\u00e7in haz\u0131rlanan fezleke TBMM&#8217;ye g\u00f6nderilmek \u00fczere Adalet Bakanl\u0131\u011f\u0131&#8217;na g\u00f6nderildi. K\u0131l\u0131\u00e7daro\u011flu 9 Kas\u0131m 2011 tarihinde cezaevi \u00f6n\u00fcnde yapt\u0131\u011f\u0131 a\u00e7\u0131klamada, &#8221; Bunlar\u0131n ka\u00e7ma imkanlar\u0131 yok. Zaten ka\u00e7amazlar; \u00fclkelerini seviyorlar. Bunlar &#8216; Biz yarg\u0131lanmayal\u0131m&#8217; demiyorlar. Zaten yarg\u0131lan\u0131yorlar. Bunlar parlamentoya gelip, yeminlerini ederek Anayasa&#8217;n\u0131n 90. maddesinde \u00f6ng\u00f6r\u00fclen Anayasa&#8217;n\u0131n di\u011fer maddelerinde \u00f6ng\u00f6r\u00fclen kurallar i\u00e7inde g\u00f6revlerini yapmak istiyorlar. Ama bu g\u00f6revler maalesef baz\u0131 yarg\u0131\u00e7lar taraf\u0131ndan engelleniyor.<\/p>\n<p style=\"text-align: justify;\">Onlara yarg\u0131\u00e7 demeyi i\u00e7ime sindiremiyorum. \u00c7\u00fcnk\u00fc yarg\u0131\u00e7 vicadan\u0131yla hareket eden ki\u015fi demektir. Toplumun beklentilerini duygular\u0131n\u0131 bilen ve sayg\u0131 duyan demektir.Vicdan her\u015feyin \u00fcst\u00fcndedir. Vicdan\u0131yla hareket etmeyen bir yarg\u0131\u00e7, yarg\u0131\u00e7 olabilir mi?<\/p>\n<p style=\"text-align: justify;\">Anayasan\u0131n 90. maddesi var. T\u00fcrkiye Cumhuriyeti&#8217;nin imzalad\u0131\u011f\u0131 uluslararas\u0131 s\u00f6zle\u015fmeler var. Bunlar\u0131 g\u00f6rmemezlikten gelip, &#8216;Ben bildi\u011fimi okurum. Benim bildi\u011fim ve benim s\u00f6yledi\u011fim do\u011frudur&#8217; mant\u0131\u011f\u0131yla yola \u00e7\u0131karsan\u0131z, adalet da\u011f\u0131tamazs\u0131n\u0131z. 21. y\u00fczy\u0131l\u0131n T\u00fcrkiyesi&#8217;nde bir toplama kamp\u0131n\u0131n bah\u00e7esindeyiz. Bu toplama kamp\u0131nda birden fazla \u00fcniversite kuracak birden fazla \u00fcniversitede ders verecek kapasitede insanlar var. Burada gazeteciler var; bilim insanlar\u0131 var; kitap yazarlar\u0131 var. Bunlar\u0131n tek bir ortak paydas\u0131 var. \u0130ktidara muhalif olmak. \u0130ktidara muhalif olman\u0131n bedeli, 21. y\u00fczy\u0131l\u0131n T\u00fcrkiyesi&#8217;nde Silivri&#8217;de toplama kamp\u0131nda olmakt\u0131r. Bu bir demokrasi ay\u0131b\u0131d\u0131r. Bu demokrasi ay\u0131b\u0131n\u0131 ortadan kald\u0131rmam\u0131z laz\u0131m. T\u00fcrkiye&#8217;ye yak\u0131\u015fm\u0131yor &#8220;diye konu\u015fmu\u015ftu.<\/p>\n<p style=\"text-align: justify;\"><strong>TEK\u0130N: YARGININ SON AYIBI<\/strong><\/p>\n<p style=\"text-align: justify;\">K\u0131l\u0131\u00e7daro\u011flu&#8217;nun milletvekili dokunulmazl\u0131\u011f\u0131n\u0131n kald\u0131r\u0131lmas\u0131 i\u00e7in haz\u0131rlanan fezlekeyi de\u011ferlendiren Genel Ba\u015fkan Yard\u0131mc\u0131s\u0131 G\u00fcrsel Tekin, &#8220;Fezleke yarg\u0131n\u0131n yapt\u0131\u011f\u0131 son ay\u0131p&#8221; dedi.<\/p>\n<p style=\"text-align: justify;\"><strong>BAYKAL: B\u0130R BU EKS\u0130KT\u0130\u00a0<\/strong><\/p>\n<p style=\"text-align: justify;\">Gazetecilerin konuyla ilgili sorusunu yan\u0131tlayan Eski CHP Genel Ba\u015fkan\u0131 Deniz Baykal, ana muhalefet partisi genel ba\u015fkan\u0131n\u0131, T\u00fcrkiye\u2019de ya\u015fanan sorunlar ve s\u0131k\u0131nt\u0131lar kar\u015f\u0131s\u0131nda dile getirdi\u011fi ele\u015ftirileri yarg\u0131 yoluyla susturmaya te\u015febb\u00fcs etmenin, &#8220;ileri demokrasi anlay\u0131\u015f\u0131&#8221;n\u0131n geldi\u011fi son a\u015famay\u0131 ortaya koydu\u011funu kaydetti. &#8220;Bir bu eksikti&#8221; diyen Baykal, \u015f\u00f6yle devam etti:<\/p>\n<p style=\"text-align: justify;\">&#8220;Su\u00e7lama, \u2019adil yarg\u0131lamay\u0131 etkilemeye te\u015febb\u00fcs etmek.\u2019 Adil yarg\u0131lamay\u0131 kimler etkiler, hangi y\u00f6ntemle etkiler, nas\u0131l etkiler, o Anayasa\u2019m\u0131zda 138. maddede \u00e7ok a\u00e7\u0131k \u015fekilde ifade edilmi\u015ftir. Bir muhalefet partisi liderinin yarg\u0131ya y\u00f6nelik \u015fikayetlerini emir ve talimat gibi anlamak m\u00fcmk\u00fcn de\u011fildir.<\/p>\n<p style=\"text-align: justify;\">Yarg\u0131ya kimsenin emir ve talimat vermeye yetkisi yoktur. Bu \u00f6zellikle iktidar ve yetki sahiplerinin dikkat etmesi gereken bir konudur. K\u0131l\u0131\u00e7daro\u011flu g\u00f6revini yap\u0131yor. Bunlar\u0131 s\u00f6ylemek, dile getirmek, bir muhalefet partisi liderinin temel g\u00f6revidir. Art\u0131k bu g\u00f6rev de yap\u0131lamaz hale gelirse, yarg\u0131 tehdidiyle susturulmak istenirse, onun \u00e7ok a\u011f\u0131r sonu\u00e7lar\u0131 olur. \u00dcz\u00fcnt\u00fc verici bir olay. Her g\u00fcn yeni bir olayla kar\u015f\u0131 kar\u015f\u0131ya kal\u0131yoruz. CHP susturulmak isteniyor. Zaten CHP \u015fikayetlerini yeterince duyurma imkan\u0131ndan yoksun. \u015eimdi \u2019\u015fikayet de etmeyin\u2019 noktas\u0131na gelinmi\u015ftir. Ac\u0131 bir manzara.&#8221;<\/p>\n<p style=\"text-align: justify;\">Bas\u0131n mensuplar\u0131n\u0131n, K\u0131l\u0131\u00e7daro\u011flu\u2019nun dokunulmazl\u0131\u011f\u0131n\u0131n kald\u0131r\u0131lmas\u0131 i\u00e7in de ba\u015fvuru oldu\u011funu hat\u0131rlatmas\u0131 \u00fczerine Baykal, &#8220;Bu o kadar \u00f6nemli de\u011fil. B\u00f6yle bir mekanizman\u0131n i\u015fletilmek istenmesi \u00f6nemli. Genellikle savc\u0131lar fezlekeleri haz\u0131rlar, Meclise g\u00f6nderir. Mecliste onun belli bir prosed\u00fcr\u00fc var. Ancak, dokunulmazl\u0131k z\u0131rh\u0131yla yarg\u0131 tehdidinden korunabilir hale gelmek \u00e7ok ac\u0131. Bir muhalefet lideri bu tehditleri ancak dokunulmazl\u0131\u011fa muhta\u00e7 olarak<\/p>\n<p style=\"text-align: justify;\">g\u00f6\u011f\u00fcsleyebiliyorsa, T\u00fcrkiye\u2019de d\u00fc\u015f\u00fcnce \u00f6zg\u00fcrl\u00fc\u011f\u00fcnden, muhalefet etme hakk\u0131n\u0131n varl\u0131\u011f\u0131ndan s\u00f6z etmek \u00e7ok g\u00fc\u00e7t\u00fcr&#8221; dedi.<\/p>\n<p style=\"text-align: justify;\">Bas\u0131n mensuplar\u0131n\u0131n, K\u0131l\u0131\u00e7daro\u011flu\u2019nun yarg\u0131\u00e7lar hakk\u0131nda &#8220;militan&#8221; benzetmesi yapt\u0131\u011f\u0131n\u0131 s\u00f6ylemesi \u00fczerine Baykal, \u015f\u00f6yle devam etti:<\/p>\n<p style=\"text-align: justify;\">&#8220;Bunlar\u0131n hepsi ciddi zeminlerde tart\u0131\u015f\u0131l\u0131r. Ama i\u015fin \u00f6z\u00fc \u015fudur, \u2019yarg\u0131y\u0131 etkilemeye te\u015febb\u00fcs etmek.\u2019 Yarg\u0131ya kimsenin hakaret etmesi s\u00f6z konusu<\/p>\n<p style=\"text-align: justify;\">de\u011fildir. Ama yarg\u0131 kararlar\u0131 da daima ele\u015ftirilebilir niteliktedir. Herkes yarg\u0131 karar\u0131n\u0131 ele\u015ftirir. Bu, yarg\u0131 karar\u0131n\u0131 etkilemek anlam\u0131na gelmez. Tutuklama<\/p>\n<p style=\"text-align: justify;\">karar\u0131 al\u0131nm\u0131\u015ft\u0131r ve herkes \u2019yanl\u0131\u015ft\u0131r\u2019 diye s\u00f6yl\u00fcyor. Ana muhalefet lideri de s\u00f6yl\u00fcyor. Tabi ki s\u00f6yleyecek. \u00d6nemli olan bu \u015fikayetleri yarg\u0131 tehdidiyle etkisiz<\/p>\n<p style=\"text-align: justify;\">k\u0131lma, s\u00f6ylenemez hale getirme niyeti ve yakla\u015f\u0131m\u0131d\u0131r. Yanl\u0131\u015f olan budur.&#8221;<\/p>\n<p style=\"text-align: justify;\"><strong>TEK\u0130N&#8217;DEN A\u00c7IKLAMA\u00a0<\/strong><\/p>\n<p style=\"text-align: justify;\">G\u00fcrsel Tekin, &#8220;TBMM Ba\u015fkanl\u0131\u011f\u0131 CHP&#8217;lilerin dokunulmazl\u0131\u011f\u0131n\u0131 kald\u0131rs\u0131n&#8221; dedi.<\/p>\n<p style=\"text-align: justify;\"><strong>BALBAY\u2019DAN TEPK\u0130\u00a0<\/strong><\/p>\n<p style=\"text-align: justify;\">CHP Genel Ba\u015fkan\u0131 Kemal K\u0131l\u0131\u00e7daro\u011flu hakk\u0131nda &#8220;Kurum halinde \u00e7al\u0131\u015fan kamu g\u00f6revlisine hakaret&#8221;, &#8220;Adil yarg\u0131lamay\u0131 etkilemeye te\u015febb\u00fcs&#8221; iddias\u0131yla fezleke haz\u0131rlanmas\u0131na ikinci Erenekon davas\u0131n\u0131n tutuklu san\u0131\u011f\u0131 CHP \u0130zmir Mlletvekili Mustafa Balbay tepki g\u00f6sterdi. Mustafa Balbay, &#8220;Adli yarg\u0131lamay\u0131 etkileme su\u00e7unun olu\u015fabilmesi i\u00e7in \u00f6ncelikle adil yarg\u0131laman\u0131n olmas\u0131 gerekir&#8221; dedi.<\/p>\n<p style=\"text-align: justify;\">Davan\u0131n g\u00f6r\u00fcld\u00fc\u011f\u00fc Silivri Cezaevi\u2019ndeki duru\u015fma salonundan avukatlar\u0131 arac\u0131yla yapt\u0131\u011f\u0131 yaz\u0131l\u0131 a\u00e7\u0131klamada Mustafa Balbay, \u015funlar\u0131 s\u00f6yledi:<\/p>\n<p style=\"text-align: justify;\">&#8220;Adil yarg\u0131lamay\u0131 etkileme su\u00e7unun olu\u015fabilmesi i\u00e7in \u00f6ncelikle \u00f6ncelikle adil yarg\u0131laman\u0131n olmas\u0131 gerekir. T\u00fcm T\u00fcrkiye\u2019yi vicdan\u0131nda bir mahkeme kurmaya ve Silivri yarg\u0131lamalar\u0131n\u0131n ne \u00f6l\u00e7\u00fcde adil oldu\u011funu sorgulamaya \u00e7al\u0131\u015f\u0131yorum. Ge\u00e7 gelen, daha do\u011frusu ne zaman gelece\u011fi belli olmayan adalet, adalet midir? Masumiyet karinesinin yerini mahkumiyet karinesinin almas\u0131, adil yarg\u0131lama m\u0131d\u0131r? Akademisyenlerin, siyaset\u00e7ilerin, gazetecilerin, polislerin askerlerin, avukatlar\u0131n faaliyetlerinden &#8220;Ter\u00f6r su\u00e7u&#8221; \u00fcretip kimi yay\u0131n organlar\u0131 arac\u0131l\u0131\u011f\u0131yla &#8220;yarg\u0131lama s\u00fcrerken ter\u00f6rist&#8221; ilan etmek adil yarg\u0131lama m\u0131d\u0131r? Tutuklu yarg\u0131lamay\u0131 esas haline getirip hapishanelerde tecrit h\u00fccreleri olu\u015fturmak adi\u015f yarg\u0131lama m\u0131d\u0131r? Say\u0131n K\u0131l\u0131\u00e7daro\u011flu ana muhalefet lideri olarak, y\u00f6neltilen su\u00e7laman\u0131n tersine yarg\u0131laman\u0131n adil yap\u0131lmas\u0131 i\u00e7in \u00e7aba harcam\u0131\u015ft\u0131r, harcamaya devam etmektedir. Bir siyasi parti liderinin g\u00f6rev ve sorumluluklar\u0131ndan biri budur. Bundan su\u00e7 \u00fcretmeye giri\u015fmek yarg\u0131n\u0131n siyasete m\u00fcdahalesidir. \u00d6yle anla\u015f\u0131l\u0131yorki t\u00fcm T\u00fcrkiye\u2019nin cezaevine d\u00f6n\u00fc\u015ft\u00fcr\u00fclmesi yetmedi; cezaevinin a\u00e7\u0131k k\u0131sm\u0131nda yer alanlar\u0131n da sesinin t\u00fcm\u00fcyle k\u0131s\u0131lmas\u0131 isteniyor. Yarg\u0131n\u0131n i\u00e7inde bulundu\u011fu durumu demir parmakl\u0131klar\u0131n arkas\u0131ndan ve cezaevinin s\u0131n\u0131rlar\u0131 i\u00e7indeki duru\u015fma salonunda h\u00fcz\u00fcnle izliyorum&#8221; denildi.<\/p>\n<p style=\"text-align: justify;\">Balbay yaz\u0131l\u0131 a\u00e7\u0131klamas\u0131n\u0131n alt\u0131na &#8220;CHP \u0130zmir Milletvekili Mustafa Balbay&#8221; \u015feklinde imza att\u0131.<\/p>\n<p style=\"text-align: justify;\"><strong>&#8216;Ayakta kalan tek ve g\u00fcvenilir muhalif kale CHP\u2019dir, Say\u0131n Genel Ba\u015fkan\u0131d\u0131r&#8217;\u00a0<\/strong><\/p>\n<p style=\"text-align: justify;\">CHP Genel Ba\u015fkan Yard\u0131mc\u0131s\u0131 ve Parti S\u00f6zc\u00fcs\u00fc Birg\u00fcl Ayman G\u00fcler, Silivri Cumhuriyet Ba\u015fsavc\u0131l\u0131\u011f\u0131n\u0131n CHP Genel Ba\u015fkan\u0131 Kemal K\u0131l\u0131\u00e7daro\u011flu hakk\u0131nda milletvekilli\u011fi dokunulmazl\u0131\u011f\u0131n\u0131n kald\u0131r\u0131lmas\u0131 amac\u0131yla fezleke haz\u0131rlamas\u0131na ili\u015fkin, &#8220;Toplumu ter\u00f6rize etmek ve korku imparatorlu\u011funa biat ettirmek i\u00e7in CHP\u2019nin Say\u0131n Genel Ba\u015fkan\u0131n\u0131 hedef se\u00e7tiler. \u00c7\u00fcnk\u00fc ayakta kalan tek ve g\u00fcvenilir muhalif kale CHP\u2019dir, Say\u0131n Genel Ba\u015fkan\u0131d\u0131r&#8221; dedi.<\/p>\n<p style=\"text-align: justify;\">G\u00fcler, \u015f\u00f6yle konu\u015ftu:<\/p>\n<p style=\"text-align: justify;\">&#8220;\u00d6yle g\u00f6r\u00fcl\u00fcyor ki \u00f6nce \u00fcniversiteleri susturan, daha sonra askeri y\u00f6netimin hiyerar\u015fisini alt\u00fcst eden, sonra yarg\u0131y\u0131 siyasalla\u015ft\u0131ran ve yarg\u0131y\u0131 T\u00fcrkiye\u2019de ya\u015fayan herkes i\u00e7in g\u00fcvenilmez kurum k\u0131lan AKP iktidar\u0131 \u015fimdi b\u00fct\u00fcn bu diktatoryal geli\u015fmelere kar\u015f\u0131 direnen anamuhalefet partisini de hedef alm\u0131\u015f g\u00f6r\u00fcn\u00fcyor. Biz devlet g\u00fcvenlik mahkemelerinin yerini alan ve s\u0131k\u0131 y\u00f6netim mahkemelerini aratan \u00f6zel yetkili mahkemenin Say\u0131n Genel Ba\u015fkan\u0131m\u0131z hakk\u0131nda fezleke haz\u0131rlamas\u0131n\u0131 ve dokunulmazl\u0131\u011f\u0131n\u0131n kald\u0131r\u0131lmas\u0131n\u0131 istemesini acaba \u00e7ok do\u011fal m\u0131 kar\u015f\u0131lamal\u0131y\u0131z? T\u00fcrkiye\u2019de ileri demokrasinin gere\u011fi diye mi g\u00f6rmeliyiz?&#8221;<\/p>\n<p style=\"text-align: justify;\">Bu mahkemelerin siyasi iradenin emrinde oldu\u011funu, o nedenle ba\u015fka t\u00fcrl\u00fc davranmalar\u0131n\u0131n beklenemeyece\u011fini belirten G\u00fcler, \u015f\u00f6yle devam etti: &#8220;G\u00fcn a\u011farmadan yap\u0131lan bask\u0131nlarla g\u00f6zalt\u0131lar\u0131 ba\u015flatmak, g\u00f6zalt\u0131 s\u00fcrelerini tutuklama karar\u0131 verecek heyete denk d\u00fc\u015f\u00fcrmek, san\u0131klardan su\u00e7lamalar\u0131 gizlemek ve savunmalar\u0131n\u0131 engellemek, AKP\u2019nin bunald\u0131\u011f\u0131 anlarda g\u00fcndemi de\u011fi\u015ftirecek ve dikkatleri ba\u015fka tarafa \u00e7ekecek kararlara imza atmak \u00f6zel yetkili mahkemelerin g\u00fcnl\u00fck i\u015fi haline geldi. Bug\u00fcn toplumu ter\u00f6rize etmek ve korku imparatorlu\u011funa biat ettirmek i\u00e7in CHP\u2019nin Say\u0131n Genel Ba\u015fkan\u0131n\u0131 hedef se\u00e7tiler. \u00c7\u00fcnk\u00fc ayakta kalan tek ve g\u00fcvenilir muhalif kale CHP\u2019dir, Say\u0131n Genel Ba\u015fkan\u0131d\u0131r.<\/p>\n<p style=\"text-align: justify;\">Bu nedenle CHP, AKP\u2019ye, \u00f6zel yetkili mahkemelere hodri meydan diyor. Say\u0131n Genel Ba\u015fkan\u0131m\u0131z\u0131n dokunulmazl\u0131\u011f\u0131n\u0131 kald\u0131rabilirler, hepimizin dokunulmazl\u0131\u011f\u0131n\u0131 kald\u0131rabilirler. Bizim dokunulmazl\u0131k z\u0131rh\u0131na AKP y\u00f6neticilerinin ihtiyac\u0131 oldu\u011fu gibi ihtiyac\u0131m\u0131z yoktur. T\u00fcrkiye\u2019de hi\u00e7 kimse g\u00fcven i\u00e7inde de\u011fildir. T\u00fcrkiye\u2019nin ayd\u0131nlar\u0131 da s\u0131radan insanlar\u0131 da g\u00fcven i\u00e7inde de\u011fildir. T\u00fcrkiye\u2019yi kom\u015fular\u0131yla sava\u015fa s\u00fcr\u00fckleyen AKP, i\u00e7ine girdi\u011fi batakl\u0131\u011f\u0131 gizleyebilmek i\u00e7in giderek sald\u0131r\u0131 noktalar\u0131n\u0131 \u00e7o\u011faltmaktad\u0131r. Ancak d\u0131\u015f politikadaki bu b\u00fcy\u00fck \u00e7\u00f6k\u00fc\u015f, 2012 y\u0131l\u0131nda i\u00e7 politikada ya\u015fayaca\u011f\u0131m\u0131z b\u00fcy\u00fck \u00e7\u00f6k\u00fc\u015fler bu bask\u0131 politikalar\u0131yla \u00f6nlenemez. AKP bundan b\u00f6yle T\u00fcrkiye\u2019de ileri demokrasi ad\u0131n\u0131 verdi\u011fi diktat\u00f6rl\u00fc\u011f\u00fcn partisidir. Ve bu \u00f6zelli\u011fine uygun bir muhalefetle kar\u015f\u0131la\u015faca\u011f\u0131n\u0131 defterine not etmelidir.&#8221; G\u00fcler, K\u0131l\u0131\u00e7daro\u011flu\u2019nun fezleke haberini ald\u0131\u011f\u0131ndaki ilk tepkisinin sorulmas\u0131 \u00fczerine ise &#8220;Beni de mi Silivri\u2019ye g\u00f6t\u00fcrecekler&#8221; \u015feklinde esprili bir yakla\u015f\u0131m sergiledi\u011fini, rutin g\u00fcndemlerini de\u011fi\u015ftirmediklerini konuyu toplant\u0131n\u0131n sonunda de\u011ferlendirdiklerini anlatt\u0131.<\/p>\n<p style=\"text-align: justify;\"><a href=\"http:\/\/www.posta.com.tr\/siyaset\/HaberDetay\/Kilicdaroglu_hakkinda_sok_suclama.htm?ArticleID=104203\" target=\"_blank\">Kaynak : Posta.com.tr<\/a><\/p>\n","protected":false},"excerpt":{"rendered":"<p style=\"text-align: justify;\">\n<p style=\"text-align: justify;\">Silivri Cumhuriyet Ba\u015fsavc\u0131l\u0131\u011f\u0131 taraf\u0131ndan CHP Genel Ba\u015fkan\u0131 Kemal K\u0131l\u0131\u00e7daro\u011flu hakk\u0131nda adil yarg\u0131lamay\u0131 etkilemeyi te\u015febb\u00fcs iddias\u0131yla soru\u015fturma ba\u015flat\u0131ld\u0131. K\u0131l\u0131\u00e7daro\u011flu haberi, partisinin Merkez Y\u00f6netim Kurulu(MYK) toplant\u0131s\u0131 s\u0131ras\u0131nda ald\u0131.<\/p>\n<p style=\"text-align: justify;\">Silivri Cumhuriyet Ba\u015fsavc\u0131l\u0131\u011f\u0131&#8217;nca resen haz\u0131rlanan 4 sayfal\u0131k fezlekenin, K\u0131l\u0131\u00e7daro\u011flu&#8217;n\u0131n 9 Kas\u0131m 2011 tarihinde Silivri Cezaevinde tutuklu bulunan CHP milletvekilleri Mehmet Haberal ve <\/p>\n","protected":false},"author":1,"featured_media":0,"comment_status":"open","ping_status":"open","sticky":false,"template":"","format":"standard","meta":{"footnotes":""},"categories":[105],"tags":[],"class_list":["post-45937","post","type-post","status-publish","format-standard","hentry","category-gundem","odd"],"_links":{"self":[{"href":"http:\/\/www.korhanyilmaz.com\/index.php?rest_route=\/wp\/v2\/posts\/45937","targetHints":{"allow":["GET"]}}],"collection":[{"href":"http:\/\/www.korhanyilmaz.com\/index.php?rest_route=\/wp\/v2\/posts"}],"about":[{"href":"http:\/\/www.korhanyilmaz.com\/index.php?rest_route=\/wp\/v2\/types\/post"}],"author":[{"embeddable":true,"href":"http:\/\/www.korhanyilmaz.com\/index.php?rest_route=\/wp\/v2\/users\/1"}],"replies":[{"embeddable":true,"href":"http:\/\/www.korhanyilmaz.com\/index.php?rest_route=%2Fwp%2Fv2%2Fcomments&post=45937"}],"version-history":[{"count":0,"href":"http:\/\/www.korhanyilmaz.com\/index.php?rest_route=\/wp\/v2\/posts\/45937\/revisions"}],"wp:attachment":[{"href":"http:\/\/www.korhanyilmaz.com\/index.php?rest_route=%2Fwp%2Fv2%2Fmedia&parent=45937"}],"wp:term":[{"taxonomy":"category","embeddable":true,"href":"http:\/\/www.korhanyilmaz.com\/index.php?rest_route=%2Fwp%2Fv2%2Fcategories&post=45937"},{"taxonomy":"post_tag","embeddable":true,"href":"http:\/\/www.korhanyilmaz.com\/index.php?rest_route=%2Fwp%2Fv2%2Ftags&post=45937"}],"curies":[{"name":"wp","href":"https:\/\/api.w.org\/{rel}","templated":true}]}}