{"id":45934,"date":"2012-01-09T19:20:41","date_gmt":"2012-01-09T17:20:41","guid":{"rendered":"http:\/\/www.korhanyilmaz.com\/?p=45934"},"modified":"2012-01-09T21:08:37","modified_gmt":"2012-01-09T19:08:37","slug":"erdogandan-basbug-aciklamasi","status":"publish","type":"post","link":"http:\/\/www.korhanyilmaz.com\/?p=45934","title":{"rendered":"Erdo\u011fan&#8217;dan Ba\u015fbu\u011f a\u00e7\u0131klamas\u0131"},"content":{"rendered":"<p style=\"text-align: center;\"><a href=\"http:\/\/www.korhanyilmaz.com\/wp-content\/uploads\/2012\/01\/8983.jpg\"  class=\"lightview\"><img loading=\"lazy\" decoding=\"async\" class=\"aligncenter  wp-image-45935\" src=\"http:\/\/www.korhanyilmaz.com\/wp-content\/uploads\/2012\/01\/8983.jpg\" alt=\"\" width=\"322\" height=\"241\" \/><\/a><\/p>\n<p style=\"text-align: justify;\">Ba\u015fbakan Recep Tayyip Erdo\u011fan, Norve\u00e7 Ba\u015fbakan\u0131 Jels Stoltenberg ile bir araya geldi. Toplant\u0131dan sonra ortak bas\u0131n toplant\u0131s\u0131nda konu\u015fan Erdo\u011fan, \u0130lker Ba\u015fbu\u011f&#8217;la ilgili olarak, &#8220;Tutuksuz yarg\u0131lanma bizim her zamanki arzumuzdur&#8221; dedi.<!--more--><\/p>\n<p style=\"text-align: justify;\">\u0130stanbul &#8211; Erdo\u011fan, Norve\u00e7 Ba\u015fbakan\u0131 Jens Stoltenberg ile ortak bas\u0131n toplant\u0131s\u0131nda sorular\u0131 yan\u0131tlad\u0131. Erdo\u011fan, eski Genelkurmay Ba\u015fkan\u0131 emekli Orgeneral \u0130lker Ba\u015fbu\u011f&#8217;un tutuklanmas\u0131 konusunda yapt\u0131\u011f\u0131 de\u011ferlendirmede &#8220;Bu konuyla ilgili tabi \u015fu anda bir yasal s\u00fcre\u00e7 ba\u015flam\u0131\u015f vaziyette. Bu yasal s\u00fcre\u00e7 i\u00e7erisinde benim herhangi bir yoruma, de\u011ferlendirmeye girmem do\u011fru olmaz Ama iki y\u0131l tabii Genelkurmay Ba\u015fkan\u0131 olarak, Ba\u015fbakan olarak beraber \u00e7al\u0131\u015ft\u0131\u011f\u0131m\u0131z bir mesai arkada\u015f\u0131md\u0131r ve burada tutuklama yoluyla de\u011fil de tutuksuz yarg\u0131lanma yolu ki her zaman s\u00f6yledi\u011fim tezimdir, olmas\u0131 bizim her zamanki arzumuzdur ve bunun da s\u00fcratle bu noktada neticelenmesi \u015fahs\u0131m\u0131n ve partimin arzusudur. \u00c7\u00fcnk\u00fc bu \u015fekildeki bir yolu biz isabetli bir yol olarak g\u00f6rm\u00fcyoruz&#8221; diye konu\u015ftu.<\/p>\n<p style=\"text-align: justify;\"><a href=\"http:\/\/www.cumhuriyet.com.tr\/?hn=306586&amp;kw=Erdo%F0an'dan+Ba%FEbu%F0+a%E7%FDklamas%FD+\" target=\"_blank\">Kaynak : Cumhuriyet Haber Portal\u0131<\/a><\/p>\n","protected":false},"excerpt":{"rendered":"<p style=\"text-align: center;\">\n<p style=\"text-align: justify;\">Ba\u015fbakan Recep Tayyip Erdo\u011fan, Norve\u00e7 Ba\u015fbakan\u0131 Jels Stoltenberg ile bir araya geldi. Toplant\u0131dan sonra ortak bas\u0131n toplant\u0131s\u0131nda konu\u015fan Erdo\u011fan, \u0130lker Ba\u015fbu\u011f&#8217;la ilgili olarak, &#8220;Tutuksuz yarg\u0131lanma bizim her zamanki arzumuzdur&#8221; dedi.<\/p>\n","protected":false},"author":1,"featured_media":0,"comment_status":"open","ping_status":"open","sticky":false,"template":"","format":"standard","meta":{"footnotes":""},"categories":[105],"tags":[],"class_list":["post-45934","post","type-post","status-publish","format-standard","hentry","category-gundem","odd"],"_links":{"self":[{"href":"http:\/\/www.korhanyilmaz.com\/index.php?rest_route=\/wp\/v2\/posts\/45934","targetHints":{"allow":["GET"]}}],"collection":[{"href":"http:\/\/www.korhanyilmaz.com\/index.php?rest_route=\/wp\/v2\/posts"}],"about":[{"href":"http:\/\/www.korhanyilmaz.com\/index.php?rest_route=\/wp\/v2\/types\/post"}],"author":[{"embeddable":true,"href":"http:\/\/www.korhanyilmaz.com\/index.php?rest_route=\/wp\/v2\/users\/1"}],"replies":[{"embeddable":true,"href":"http:\/\/www.korhanyilmaz.com\/index.php?rest_route=%2Fwp%2Fv2%2Fcomments&post=45934"}],"version-history":[{"count":0,"href":"http:\/\/www.korhanyilmaz.com\/index.php?rest_route=\/wp\/v2\/posts\/45934\/revisions"}],"wp:attachment":[{"href":"http:\/\/www.korhanyilmaz.com\/index.php?rest_route=%2Fwp%2Fv2%2Fmedia&parent=45934"}],"wp:term":[{"taxonomy":"category","embeddable":true,"href":"http:\/\/www.korhanyilmaz.com\/index.php?rest_route=%2Fwp%2Fv2%2Fcategories&post=45934"},{"taxonomy":"post_tag","embeddable":true,"href":"http:\/\/www.korhanyilmaz.com\/index.php?rest_route=%2Fwp%2Fv2%2Ftags&post=45934"}],"curies":[{"name":"wp","href":"https:\/\/api.w.org\/{rel}","templated":true}]}}