{"id":45930,"date":"2012-01-09T19:01:56","date_gmt":"2012-01-09T17:01:56","guid":{"rendered":"http:\/\/www.korhanyilmaz.com\/?p=45930"},"modified":"2012-01-09T20:39:05","modified_gmt":"2012-01-09T18:39:05","slug":"beni-de-mi-silivriye-goturecekler","status":"publish","type":"post","link":"http:\/\/www.korhanyilmaz.com\/?p=45930","title":{"rendered":"&#8216;Beni de mi Silivri&#8217;ye g\u00f6t\u00fcrecekler?&#8217;"},"content":{"rendered":"<p style=\"text-align: center;\"><a href=\"http:\/\/www.korhanyilmaz.com\/wp-content\/uploads\/2012\/01\/8982.jpg\"  class=\"lightview\"><img loading=\"lazy\" decoding=\"async\" class=\"aligncenter  wp-image-45931\" src=\"http:\/\/www.korhanyilmaz.com\/wp-content\/uploads\/2012\/01\/8982.jpg\" alt=\"\" width=\"322\" height=\"241\" \/><\/a><\/p>\n<p style=\"text-align: justify;\">CHP S\u00f6zc\u00fcs\u00fc ve Genel Ba\u015fkan Yard\u0131mc\u0131s\u0131 Birg\u00fcl Ayman G\u00fcler, CHP Genel Ba\u015fkan\u0131 Kemal K\u0131l\u0131\u00e7daro\u011flu&#8217;nun, hakk\u0131ndaki Silivri Cumhuriyet Ba\u015fsavc\u0131l\u0131\u011f\u0131 taraf\u0131ndan adil yarg\u0131lamay\u0131 etkilemeyi te\u015febb\u00fcs iddias\u0131yla ba\u015flat\u0131lan soru\u015fturma haberini, MYK toplant\u0131s\u0131 s\u0131ras\u0131nda ald\u0131\u011f\u0131n\u0131 belirtti. G\u00fcler, K\u0131l\u0131\u00e7daro\u011flu&#8217;nun ilk tepkisini ise, &#8220;Beni de mi Silivri&#8217;ye g\u00f6t\u00fcrecekler&#8221; s\u00f6zleriyle dile getirdi\u011fini ifade etti.<!--more--><\/p>\n<p style=\"text-align: justify;\">Ankara &#8211; CHP Merkez Y\u00f6netim Kurulu (MYK) Genel Ba\u015fkan Kemal K\u0131l\u0131\u00e7daro\u011flu ba\u015fkanl\u0131\u011f\u0131nda genel merkezde topland\u0131. Yakla\u015f\u0131k 3 saat s\u00fcren toplant\u0131n\u0131n ard\u0131ndan, CHP S\u00f6zc\u00fcs\u00fc ve Genel Ba\u015fkan Yard\u0131mc\u0131s\u0131 Birg\u00fcl Ayman G\u00fcler, yapt\u0131\u011f\u0131 bas\u0131n toplant\u0131s\u0131nda, 3 temel konu \u00fczerinde durduklar\u0131n\u0131 belirterek, ilk olarak Uludere olay\u0131na de\u011findi. Pek \u00e7ok \u00f6nemli davada, dava daha mutfaktayken bilgilerini, bas\u0131n eliyle kamuoyuyla payla\u015fan h\u00fck\u00fcmetin Uludere konusunda konu\u015fmay\u0131 yasaklad\u0131\u011f\u0131n\u0131, soru\u015fturmaya gizlilik karar\u0131 getirdi\u011fini ifade eden G\u00fcler, h\u00fck\u00fcmete, &#8220;Uludere olay\u0131nda faciay\u0131 ya\u015famam\u0131za neden olan istihbarat\u0131 kim verdi? Ba\u015fbakan neden suskun, AKP iktidar\u0131 olaydan sonra neden Uludere&#8217;de yoktu&#8221; sorular\u0131n\u0131 y\u00f6neltti. G\u00fcler, bu y\u00f6rede Barzani&#8217;nin tazminat \u00f6demesi konusunu da merak ettiklerini s\u00f6zlerine ekledi.<\/p>\n<p style=\"text-align: justify;\">G\u00fcler, eski Genelkurmay Ba\u015fkan\u0131 orgeneral \u0130lker Ba\u015fbu\u011f&#8217;un tutuklanmas\u0131n\u0131n ise &#8220;T\u00fcrkiye i\u00e7in anla\u015f\u0131lmas\u0131n\u0131n, hazmedilmesinin, kabul edilmesinin son derece g\u00fc\u00e7 bir tasarruf&#8221; oldu\u011funu ifade ederek, &#8220;Bunun bir boyutu hukukidir, siyasal olarak ise bu tutuklamayla daha \u00f6nce ger\u00e7ekle\u015ftirilmi\u015f olan b\u00fct\u00fcn tutuklamalarla ilgili olarak darbe gerek\u00e7esini a\u015fan boyutlar\u0131n art\u0131k dikkati \u00e7ekti\u011finiz s\u00f6yleyebiliriz&#8221; dedi. G\u00fcler, iktidar\u0131n yaln\u0131zca kendi on y\u0131l\u0131n\u0131n hesab\u0131n\u0131 de\u011fil, adeta Cumhuriyet d\u00f6nemiyle hesapla\u015fman\u0131n i\u00e7ine girdi\u011fini ifade etti. Ba\u015fbu\u011f&#8217;un AKP zaman\u0131nda g\u00f6reve geldi\u011fine dikkat \u00e7eken G\u00fcler, &#8220;E\u011fer ortada bir su\u00e7 varsa o su\u00e7 belgelerine AKP&#8217;li Bakanlar\u0131n da imza att\u0131\u011f\u0131n\u0131 hat\u0131rlatmak gerekir. Emekli olduktan bir bu\u00e7uk y\u0131l sonras\u0131n\u0131 bekleyecek kadar \u00f6nemli ne vard\u0131 sorusuna cevap istiyoruz&#8221; diye konu\u015ftu.<\/p>\n<p style=\"text-align: justify;\"><strong>&#8220;Bir yan\u0131yla do\u011fal kar\u015f\u0131l\u0131yoruz&#8221;\u00a0<\/strong><\/p>\n<p style=\"text-align: justify;\">CHP Genel Ba\u015fkan\u0131 Kemal K\u0131l\u0131\u00e7daro\u011flu hakk\u0131nda Silivri Cumhuriyet Ba\u015fsavc\u0131l\u0131\u011f\u0131 taraf\u0131ndan adil yarg\u0131lamay\u0131 etkilemeyi te\u015febb\u00fcs iddias\u0131yla soru\u015fturma ba\u015flat\u0131lmas\u0131na i\u015faret ederek, &#8220;Bug\u00fcn bu tutuklamalar, yarg\u0131 eliyle bask\u0131n yapmalar ne yaz\u0131k ki bizim partimize, partimizin genel ba\u015fkan\u0131na adeta s\u0131\u00e7rad\u0131&#8221; diyen G\u00fcler, &#8220;\u00d6yle g\u00f6r\u00fcn\u00fcyor ki daha \u00f6nce \u00fcniversiteleri susturan, daha sonra askeri y\u00f6netimin hiyerar\u015fisini alt \u00fcst eden, sonra yarg\u0131y\u0131 siyasalla\u015ft\u0131ran ve yarg\u0131y\u0131 T\u00fcrkiye&#8217;de g\u00fcvenilmez kurum k\u0131lan AKP iktidar\u0131, \u015fimdi b\u00fct\u00fcn bu diktatoryal geli\u015fmelere direnen ana muhalafet partisini de hedef alm\u0131\u015f g\u00f6r\u00fcn\u00fcyor&#8221; dedi.<\/p>\n<p style=\"text-align: justify;\">Devlet G\u00fcvenlik Mahkemelerinin yerini alan ve s\u0131k\u0131 y\u00f6netim mahkemelerini aratan \u00d6zel Yetkili Mahkemenin, K\u0131l\u0131\u00e7daro\u011flu hakk\u0131nda fezleke haz\u0131rlamas\u0131n\u0131, dokunulmazl\u0131\u011f\u0131n\u0131 kald\u0131r\u0131lmas\u0131n\u0131 istemesini asl\u0131nda bir yan\u0131yla &#8220;do\u011fal kar\u015f\u0131lad\u0131klar\u0131n\u0131&#8221; ifade eden G\u00fcler, &#8220;\u00c7\u00fcnk\u00fc bu mahkemeler siyasi iradenin emrinde olan mahkemelerdir. Bu t\u00fcr mahkemelerden ba\u015fka bir \u015fey yapmalar\u0131n\u0131 zaten beklemiyoruz. G\u00fcn a\u011farmadan yap\u0131lan bask\u0131nlarla g\u00f6z altlar\u0131n\u0131 ba\u015flatmak, g\u00f6zalt\u0131 s\u00fcrelerini tutuklama karar\u0131 verecek heyete denk d\u00fc\u015f\u00fcrmek, san\u0131klardan su\u00e7lamalar\u0131 gizlemek ve savunmalar\u0131n\u0131 engellemek, AKP&#8217;nin bunald\u0131\u011f\u0131 anlarda g\u00fcndemi de\u011fi\u015ftirecek kararlara imza atmak \u00f6zel yetkili mahkemelerin g\u00fcnl\u00fck i\u015fi haline geldi&#8221; diye konu\u015ftu.<\/p>\n<p style=\"text-align: justify;\"><strong>&#8220;AKP&#8217;ye hodri meydan&#8221;<\/strong><\/p>\n<p style=\"text-align: justify;\">\u00a0Bug\u00fcn toplumu ter\u00f6rize etmek ve korku imparatorlu\u011funa biat ettirmek i\u00e7in CHP Genel Ba\u015fkan\u0131n\u0131n &#8220;hedef se\u00e7ildi\u011fini&#8221; s\u00f6yleyen G\u00fcler, &#8220;\u00c7\u00fcnk\u00fc ayakta kalan tek ve muhalif kale CHP&#8217;dir, Say\u0131n Genel Ba\u015fkan\u0131d\u0131r. Bu nedenle CHP, AKP&#8217;ye, \u00f6zel yetkili mahkemelere &#8216;hodri meydan&#8217; diyor. Say\u0131n Genel Ba\u015fkan\u0131m\u0131z\u0131n dokunulmazl\u0131\u011f\u0131n\u0131 kald\u0131rabilirler, hepimizin dokunulmazl\u0131\u011f\u0131n\u0131 kald\u0131rabilirler. Bizim dokunulmazl\u0131k z\u0131rh\u0131na AKP y\u00f6neticilerinin ihtiyac\u0131 oldu\u011fu gibi ihtiyac\u0131m\u0131z yoktur&#8221; dedi.<\/p>\n<p style=\"text-align: justify;\"><strong>&#8220;AKP, bundan b\u00f6yle diktat\u00f6rl\u00fc\u011f\u00fcn partisidir&#8221;\u00a0<\/strong><\/p>\n<p style=\"text-align: justify;\">T\u00fcrkiye&#8217;de ayd\u0131nlar\u0131n, s\u0131radan insanlar\u0131n, hi\u00e7 kimsenin g\u00fcven i\u00e7inde olmad\u0131\u011f\u0131n\u0131 belirten G\u00fcler, &#8220;T\u00fcrkiye&#8217;yi kom\u015fular\u0131yla sava\u015fa s\u00fcr\u00fckleyen AKP, i\u00e7ine girdi\u011fi batakl\u0131\u011f\u0131 gizleyebilmek i\u00e7in giderek sald\u0131r\u0131 noktalar\u0131n\u0131 \u00e7o\u011faltmaktad\u0131r. Ancak d\u0131\u015f politikadaki bu b\u00fcy\u00fck \u00e7\u00f6k\u00fc\u015f, 2012&#8217;de ya\u015fayaca\u011f\u0131m\u0131z i\u00e7 politikadaki b\u00fcy\u00fck \u00e7\u00f6k\u00fc\u015fler bu bask\u0131 tedbirleriyle \u00f6nlenemez. AKP bundan b\u00f6yle T\u00fcrkiye&#8217;de ileri demokrasi ad\u0131n\u0131 verdi\u011fi diktat\u00f6rl\u00fc\u011f\u00fcn partisidir ve bu \u00f6zelli\u011fine uygun bir muhalefetle kar\u015f\u0131la\u015faca\u011f\u0131n\u0131 defterine not etmelidir&#8221; diye konu\u015ftu.<\/p>\n<p style=\"text-align: justify;\">&#8216;Beni de mi Silivri&#8217;ye g\u00f6t\u00fcrecekler?&#8217;<\/p>\n<p style=\"text-align: justify;\">Gazetecilerin sorular\u0131n\u0131 da yan\u0131tlayan G\u00fcler, CHP Lideri K\u0131l\u0131\u00e7daro\u011flu&#8217;nun hakk\u0131ndaki soru\u015fturma haberini MYK toplant\u0131s\u0131 s\u0131ras\u0131nda ald\u0131\u011f\u0131n\u0131 ifade ederek, &#8220;Arkada\u015flar\u0131m\u0131z ka\u011f\u0131d\u0131 g\u00f6ndermi\u015flerdi. &#8216;Beni de mi Silivri&#8217;ye g\u00f6t\u00fcrecekler?&#8217; dedi. Biz de &#8216;o nedir&#8217;, dedik. &#8216;Silivri Cumhuriyet Ba\u015fsavc\u0131l\u0131\u011f\u0131 benim i\u00e7in fezleke haz\u0131rlam\u0131\u015f&#8217; dedi. G\u00fcndemimizi kesmedik, devam ettik, daha sonra de\u011ferlendirdik&#8221; diye konu\u015ftu.<\/p>\n<p style=\"text-align: justify;\"><a href=\"http:\/\/www.cumhuriyet.com.tr\/?hn=306584&amp;kw='Beni+de+mi+Silivri'ye+g%F6t%FCrecekler%3F'+\" target=\"_blank\">Kaynak : Cumhuriyet Haber Portal\u0131<\/a><\/p>\n","protected":false},"excerpt":{"rendered":"<p style=\"text-align: center;\">\n<p style=\"text-align: justify;\">CHP S\u00f6zc\u00fcs\u00fc ve Genel Ba\u015fkan Yard\u0131mc\u0131s\u0131 Birg\u00fcl Ayman G\u00fcler, CHP Genel Ba\u015fkan\u0131 Kemal K\u0131l\u0131\u00e7daro\u011flu&#8217;nun, hakk\u0131ndaki Silivri Cumhuriyet Ba\u015fsavc\u0131l\u0131\u011f\u0131 taraf\u0131ndan adil yarg\u0131lamay\u0131 etkilemeyi te\u015febb\u00fcs iddias\u0131yla ba\u015flat\u0131lan soru\u015fturma haberini, MYK toplant\u0131s\u0131 s\u0131ras\u0131nda ald\u0131\u011f\u0131n\u0131 belirtti. G\u00fcler, K\u0131l\u0131\u00e7daro\u011flu&#8217;nun ilk tepkisini ise, &#8220;Beni de mi Silivri&#8217;ye g\u00f6t\u00fcrecekler&#8221; s\u00f6zleriyle dile getirdi\u011fini ifade etti.<\/p>\n","protected":false},"author":1,"featured_media":0,"comment_status":"open","ping_status":"open","sticky":false,"template":"","format":"standard","meta":{"footnotes":""},"categories":[105],"tags":[],"class_list":["post-45930","post","type-post","status-publish","format-standard","hentry","category-gundem","odd"],"_links":{"self":[{"href":"http:\/\/www.korhanyilmaz.com\/index.php?rest_route=\/wp\/v2\/posts\/45930","targetHints":{"allow":["GET"]}}],"collection":[{"href":"http:\/\/www.korhanyilmaz.com\/index.php?rest_route=\/wp\/v2\/posts"}],"about":[{"href":"http:\/\/www.korhanyilmaz.com\/index.php?rest_route=\/wp\/v2\/types\/post"}],"author":[{"embeddable":true,"href":"http:\/\/www.korhanyilmaz.com\/index.php?rest_route=\/wp\/v2\/users\/1"}],"replies":[{"embeddable":true,"href":"http:\/\/www.korhanyilmaz.com\/index.php?rest_route=%2Fwp%2Fv2%2Fcomments&post=45930"}],"version-history":[{"count":0,"href":"http:\/\/www.korhanyilmaz.com\/index.php?rest_route=\/wp\/v2\/posts\/45930\/revisions"}],"wp:attachment":[{"href":"http:\/\/www.korhanyilmaz.com\/index.php?rest_route=%2Fwp%2Fv2%2Fmedia&parent=45930"}],"wp:term":[{"taxonomy":"category","embeddable":true,"href":"http:\/\/www.korhanyilmaz.com\/index.php?rest_route=%2Fwp%2Fv2%2Fcategories&post=45930"},{"taxonomy":"post_tag","embeddable":true,"href":"http:\/\/www.korhanyilmaz.com\/index.php?rest_route=%2Fwp%2Fv2%2Ftags&post=45930"}],"curies":[{"name":"wp","href":"https:\/\/api.w.org\/{rel}","templated":true}]}}