{"id":45925,"date":"2012-01-09T18:48:19","date_gmt":"2012-01-09T16:48:19","guid":{"rendered":"http:\/\/www.korhanyilmaz.com\/?p=45925"},"modified":"2012-01-09T20:30:57","modified_gmt":"2012-01-09T18:30:57","slug":"eglence-gecesinden-geriye-kaldilar","status":"publish","type":"post","link":"http:\/\/www.korhanyilmaz.com\/?p=45925","title":{"rendered":"E\u011flence gecesinden geriye kald\u0131lar"},"content":{"rendered":"<p style=\"text-align: center;\"><a href=\"http:\/\/www.korhanyilmaz.com\/wp-content\/uploads\/2012\/01\/8979.jpg\"  class=\"lightview\"><img loading=\"lazy\" decoding=\"async\" class=\"aligncenter  wp-image-45926\" src=\"http:\/\/www.korhanyilmaz.com\/wp-content\/uploads\/2012\/01\/8979.jpg\" alt=\"\" width=\"462\" height=\"210\" \/><\/a><\/p>\n<p style=\"text-align: justify;\">Antalya Konyaalt\u0131 plaj\u0131nda azg\u0131n dalgalar aras\u0131nda kaybolan Deniz ve Sabit Dumlup\u0131nar \u00e7iftinin denize girmek istedikleri i\u00e7in bo\u011fulduklar\u0131 anla\u015f\u0131ld\u0131.<\/p>\n<p style=\"text-align: justify;\">ANTALYA &#8211; Antalya&#8217;da Konyaalt\u0131 sahilinde denize atlayarak kaybolan \u00e7iftten Sabit Dumlup\u0131nar&#8217;\u0131n cesedi, Kemer il\u00e7esindeki Ay\u0131\u015f\u0131\u011f\u0131 Plaj\u0131&#8217;nda k\u0131y\u0131ya vurmu\u015f halde bulundu. <!--more--><\/p>\n<p style=\"text-align: justify;\">Edinilen bilgiye g\u00f6re, Ay\u0131\u015f\u0131\u011f\u0131 Plaj\u0131&#8217;nda bir erkek cesedi g\u00f6ren vatanda\u015flar, durumu polise bildirdi. Olay yerinde yap\u0131lan incelemede, cesedin, 7 Ocak&#8217;ta e\u015fiyle birlikte denize girerek kaybolan Sabit Dumlup\u0131nar&#8217;a ait oldu\u011fu belirlendi. Dumlup\u0131nar&#8217;\u0131n cesedi, otopsi yap\u0131lmak \u00fczere Antalya Adli T\u0131p Kurumu Morgu&#8217;na g\u00f6t\u00fcr\u00fcld\u00fc.<\/p>\n<p style=\"text-align: justify;\">Dumlup\u0131nar&#8217;\u0131n cenazesi, otopsinin ard\u0131ndan yak\u0131nlar\u0131na teslim edildi. Sabit Dumlup\u0131nar&#8217;\u0131n e\u015fi Deniz Dumlup\u0131nar i\u00e7in arama \u00e7al\u0131\u015fmalar\u0131n\u0131n devam etti\u011fi bildirildi.<\/p>\n<p style=\"text-align: justify;\">Deniz Dumlup\u0131nar&#8217;\u0131n ye\u011feni Berkay Demiralp, gazetecilere yapt\u0131\u011f\u0131 a\u00e7\u0131klamada, teyzesi ile eni\u015ftesinin Ankara&#8217;dan gelen misafirleriyle gittikleri e\u011flence sonras\u0131 denize girmek i\u00e7in k\u0131y\u0131ya gittiklerini s\u00f6yledi. Eni\u015ftesi ve teyzesinin dalgalara kap\u0131ld\u0131\u011f\u0131n\u0131 anlatan Demiral, \u015f\u00f6yle konu\u015ftu:<\/p>\n<p style=\"text-align: justify;\"><strong>DEN\u0130ZE G\u0130RMEK \u0130STEM\u0130\u015eLER<\/strong><\/p>\n<p style=\"text-align: justify;\">&#8221;Ortada tamamen bilgi kirlili\u011fi var. Teyzemler e\u011flence merkezinden \u00e7\u0131k\u0131nca bir cesaretle denize girmeye karar veriyorlar. Konyaalt\u0131&#8217;ndaki plaja gidiyorlar. Eni\u015ftem \u00fczerindekileri \u00e7\u0131kar\u0131yor, ancak g\u00fcvenlik g\u00fc\u00e7leri denize giremeyeceklerini belirtiyor. Bunun \u00fczerine teyzem, k\u0131y\u0131ya kadar yakla\u015f\u0131yor, eni\u015ftem de yan\u0131na gidip sar\u0131l\u0131yor. Dalgalar ikisini birden al\u0131yor. G\u00fcvenlik g\u00fc\u00e7leri kurtarmaya \u00e7al\u0131\u015f\u0131yorlar. G\u00fcvenlik g\u00fc\u00e7lerinden arkada\u015f, bo\u011fulma tehlikesi ge\u00e7irdi\u011fi i\u00e7in kurtarma i\u015flemi tamamlanam\u0131yor.&#8221;<\/p>\n<p style=\"text-align: justify;\">Eni\u015ftesi ile teyzesinin aras\u0131nda herhangi bir tart\u0131\u015fma olmad\u0131\u011f\u0131n\u0131 savunan Demiralp, \u00e7iftin kendileriyle ayn\u0131 ismi ta\u015f\u0131yan 13 ayl\u0131k bebekleri oldu\u011funu kaydetti.<\/p>\n<p style=\"text-align: justify;\">\u00c7iftin \u00f6l\u00fcm\u00fcne ili\u015fkin yap\u0131lan haberlere tepki g\u00f6steren Demiralp, &#8221;Bu bebekler 10-15 y\u0131l sonra internete girip kendi isimlerini yazd\u0131klar\u0131nda kar\u015f\u0131lar\u0131na anneleri ve babalar\u0131n\u0131n bir dans\u00f6ze tak\u0131lan 100 lira y\u00fcz\u00fcnden \u00f6ld\u00fc\u011f\u00fcn\u00fc sanacak. Bu haber bizim ald\u0131\u011f\u0131m\u0131z bilgilere g\u00f6re tamamen yalan ve yanl\u0131\u015ft\u0131r&#8221; dedi.<\/p>\n<p style=\"text-align: justify;\">Konyaalt\u0131 sahilindeki bir i\u015fletmeye gelen Sabit ve Deniz Dumlup\u0131nar \u00e7ifti, 7 No&#8217;lu plaja gelmi\u015f, f\u0131rt\u0131na nedeniyle y\u00fcksek dalgalar\u0131n olu\u015ftu\u011fu denize giren Dumlup\u0131nar \u00e7ifti kaybolmu\u015ftu.<\/p>\n\n\t\t\t\t\t\t\t<style type='text\/css'>\n\t\t\t\t\t\t\t\t#gallery-1 {\n\t\t\t\t\t\t\t\t\tmargin: auto;\n\t\t\t\t\t\t\t\t}\n\t\t\t\t\t\t\t\t#gallery-1 .gallery-item {\n\t\t\t\t\t\t\t\t\tfloat: left;\n\t\t\t\t\t\t\t\t\tmargin-top: 10px;\n\t\t\t\t\t\t\t\t\ttext-align: center;\n\t\t\t\t\t\t\t\t\twidth: 33%;\t\t\t}\n\t\t\t\t\t\t\t\t#gallery-1 img {\n\t\t\t\t\t\t\t\t\tborder: 2px solid #cfcfcf;\n\t\t\t\t\t\t\t\t}\n\t\t\t\t\t\t\t\t#gallery-1 .gallery-caption {\n\t\t\t\t\t\t\t\t\tmargin-left: 0;\n\t\t\t\t\t\t\t\t}\n\t\t\t\t\t\t\t<\/style>\n\t\t\t\t\t\t\t<!-- z-Lightview gallery shortcode, see http:\/\/www.zaikos.com\/wp-plugins\/z-lightview\/ -->\n\t\t\t\t\t\t\t<div id='gallery-1' class='gallery galleryid-45925'><dl class='gallery-item'>\n\t\t\t\t\t<dt class='gallery-icon'>\n\t\t\t\t\t\t<a href='http:\/\/www.korhanyilmaz.com\/wp-content\/uploads\/2012\/01\/8979.jpg'>8979<\/a>\n\t\t\t\t\t<\/dt><\/dl><dl class='gallery-item'>\n\t\t\t\t\t<dt class='gallery-icon'>\n\t\t\t\t\t\t<a href='http:\/\/www.korhanyilmaz.com\/wp-content\/uploads\/2012\/01\/8980.jpg'>8980<\/a>\n\t\t\t\t\t<\/dt><\/dl><dl class='gallery-item'>\n\t\t\t\t\t<dt class='gallery-icon'>\n\t\t\t\t\t\t<a href='http:\/\/www.korhanyilmaz.com\/wp-content\/uploads\/2012\/01\/8981.jpg'>8981<\/a>\n\t\t\t\t\t<\/dt><\/dl><br style=\"clear: both\" \/>\n\t\t\t\t\t<br style='clear: both;' \/>\n\t\t\t\t<\/div>\n\n<p style=\"text-align: justify;\"><a href=\"http:\/\/www.gazeteport.com.tr\/haber\/72794\/eglence_gecesinden_geriye_kaldilar\" target=\"_blank\">Kaynak : GAZETEPORT<\/a><\/p>\n","protected":false},"excerpt":{"rendered":"<p style=\"text-align: center;\">\n<p style=\"text-align: justify;\">Antalya Konyaalt\u0131 plaj\u0131nda azg\u0131n dalgalar aras\u0131nda kaybolan Deniz ve Sabit Dumlup\u0131nar \u00e7iftinin denize girmek istedikleri i\u00e7in bo\u011fulduklar\u0131 anla\u015f\u0131ld\u0131.<\/p>\n<p style=\"text-align: justify;\">ANTALYA &#8211; Antalya&#8217;da Konyaalt\u0131 sahilinde denize atlayarak kaybolan \u00e7iftten Sabit Dumlup\u0131nar&#8217;\u0131n cesedi, Kemer il\u00e7esindeki Ay\u0131\u015f\u0131\u011f\u0131 Plaj\u0131&#8217;nda k\u0131y\u0131ya vurmu\u015f halde bulundu. <\/p>\n","protected":false},"author":1,"featured_media":0,"comment_status":"open","ping_status":"open","sticky":false,"template":"","format":"standard","meta":{"footnotes":""},"categories":[105],"tags":[],"class_list":["post-45925","post","type-post","status-publish","format-standard","hentry","category-gundem","odd"],"_links":{"self":[{"href":"http:\/\/www.korhanyilmaz.com\/index.php?rest_route=\/wp\/v2\/posts\/45925","targetHints":{"allow":["GET"]}}],"collection":[{"href":"http:\/\/www.korhanyilmaz.com\/index.php?rest_route=\/wp\/v2\/posts"}],"about":[{"href":"http:\/\/www.korhanyilmaz.com\/index.php?rest_route=\/wp\/v2\/types\/post"}],"author":[{"embeddable":true,"href":"http:\/\/www.korhanyilmaz.com\/index.php?rest_route=\/wp\/v2\/users\/1"}],"replies":[{"embeddable":true,"href":"http:\/\/www.korhanyilmaz.com\/index.php?rest_route=%2Fwp%2Fv2%2Fcomments&post=45925"}],"version-history":[{"count":0,"href":"http:\/\/www.korhanyilmaz.com\/index.php?rest_route=\/wp\/v2\/posts\/45925\/revisions"}],"wp:attachment":[{"href":"http:\/\/www.korhanyilmaz.com\/index.php?rest_route=%2Fwp%2Fv2%2Fmedia&parent=45925"}],"wp:term":[{"taxonomy":"category","embeddable":true,"href":"http:\/\/www.korhanyilmaz.com\/index.php?rest_route=%2Fwp%2Fv2%2Fcategories&post=45925"},{"taxonomy":"post_tag","embeddable":true,"href":"http:\/\/www.korhanyilmaz.com\/index.php?rest_route=%2Fwp%2Fv2%2Ftags&post=45925"}],"curies":[{"name":"wp","href":"https:\/\/api.w.org\/{rel}","templated":true}]}}