{"id":45921,"date":"2012-01-09T15:40:00","date_gmt":"2012-01-09T13:40:00","guid":{"rendered":"http:\/\/www.korhanyilmaz.com\/?p=45921"},"modified":"2012-01-09T20:23:51","modified_gmt":"2012-01-09T18:23:51","slug":"tsk-onbasiyi-yargiya-goturuyor","status":"publish","type":"post","link":"http:\/\/www.korhanyilmaz.com\/?p=45921","title":{"rendered":"TSK &#8216;onba\u015f\u0131&#8217;y\u0131 yarg\u0131ya g\u00f6t\u00fcr\u00fcyor!"},"content":{"rendered":"<p style=\"text-align: center;\"><a href=\"http:\/\/www.korhanyilmaz.com\/wp-content\/uploads\/2012\/01\/8978.jpg\"  class=\"lightview\"><img loading=\"lazy\" decoding=\"async\" class=\"aligncenter  wp-image-45922\" src=\"http:\/\/www.korhanyilmaz.com\/wp-content\/uploads\/2012\/01\/8978.jpg\" alt=\"\" width=\"307\" height=\"236\" \/><\/a><\/p>\n<p style=\"text-align: justify;\">TSK, BDP lideri Selahattin Demirta\u015f&#8217;\u0131n Genelkurmay Ba\u015fkan\u0131 Orgeneral Necdet \u00d6zel i\u00e7in kulland\u0131\u011f\u0131 &#8220;Bizim nazar\u0131m\u0131zda ha bir onba\u015f\u0131 konu\u015fmu\u015f ha Genelkurmay Ba\u015fkan\u0131&#8221; s\u00f6zleri i\u00e7in hukuki s\u00fcre\u00e7 ba\u015flatt\u0131.<\/p>\n<p style=\"text-align: justify;\">Genelkurmay Ba\u015fkanl\u0131\u011f\u0131&#8217;ndan yap\u0131lan a\u00e7\u0131klamada, isim verilmeden BDP Genel Ba\u015fkan\u0131 Demirta\u015f&#8217;\u0131n Genelkurmay Ba\u015fkan\u0131 orgeneral Necdet \u00d6zel&#8217;le ilgili s\u00f6zlerine g\u00f6nderme yap\u0131ld\u0131. <!--more--><\/p>\n<p style=\"text-align: justify;\">&#8220;Bir siyasi parti y\u00f6neticisinin bas\u0131nda yer alan s\u00f6ylemleri hakk\u0131nda&#8221; ba\u015fl\u0131\u011f\u0131yla duyrulan a\u00e7\u0131klamada, &#8220;Bir siyasi parti y\u00f6neticisinin Genelkurmay Ba\u015fkan\u0131&#8217;na y\u00f6nelik sarf etti\u011fi s\u00f6zlerle ilgili hukuki s\u00fcre\u00e7 ba\u015flat\u0131lm\u0131\u015ft\u0131r&#8221; ifadeleri yer ald\u0131.<\/p>\n<p style=\"text-align: justify;\"><strong>DEM\u0130RTA\u015e NE DEM\u0130\u015eT\u0130?<\/strong><\/p>\n<p style=\"text-align: justify;\">Demirta\u015f ge\u00e7ti\u011fimiz g\u00fcnlerde &#8220;K\u00fcrt\u00e7e e\u011fitimi uygun g\u00f6rm\u00fcyorum&#8221; diyen Genelkurmay Ba\u015fkan\u0131 \u00d6zel\u2019e tepki g\u00f6stermi\u015fti.<\/p>\n<p style=\"text-align: justify;\">Demirta\u015f, \u201cSenin r\u00fctben orgeneral de olsa bizim nazar\u0131m\u0131zda onba\u015f\u0131s\u0131n. Senin k\u0131ymetin o kadard\u0131r. Bunu b\u00f6yle bil. Bizim nazar\u0131m\u0131zda ha bir onba\u015f\u0131 konu\u015fmu\u015f ha Genelkurmay ba\u015fkan\u0131. Bizim nazar\u0131m\u0131zda zerre kadar de\u011ferin, k\u0131ymetin yok yan\u0131m\u0131zda&#8221; ifadesini kullanm\u0131\u015ft\u0131.<\/p>\n<p style=\"text-align: justify;\"><a href=\"http:\/\/www.cnnturk.com\/2012\/turkiye\/01\/09\/tsk.onbasiyi.yargiya.goturuyor\/644019.0\/index.html\" target=\"_blank\">Kaynak : CNN T\u00dcRK<\/a><\/p>\n","protected":false},"excerpt":{"rendered":"<p style=\"text-align: center;\">\n<p style=\"text-align: justify;\">TSK, BDP lideri Selahattin Demirta\u015f&#8217;\u0131n Genelkurmay Ba\u015fkan\u0131 Orgeneral Necdet \u00d6zel i\u00e7in kulland\u0131\u011f\u0131 &#8220;Bizim nazar\u0131m\u0131zda ha bir onba\u015f\u0131 konu\u015fmu\u015f ha Genelkurmay Ba\u015fkan\u0131&#8221; s\u00f6zleri i\u00e7in hukuki s\u00fcre\u00e7 ba\u015flatt\u0131.<\/p>\n<p style=\"text-align: justify;\">Genelkurmay Ba\u015fkanl\u0131\u011f\u0131&#8217;ndan yap\u0131lan a\u00e7\u0131klamada, isim verilmeden BDP Genel Ba\u015fkan\u0131 Demirta\u015f&#8217;\u0131n Genelkurmay Ba\u015fkan\u0131 orgeneral Necdet \u00d6zel&#8217;le ilgili s\u00f6zlerine g\u00f6nderme yap\u0131ld\u0131. <\/p>\n","protected":false},"author":1,"featured_media":0,"comment_status":"open","ping_status":"open","sticky":false,"template":"","format":"standard","meta":{"footnotes":""},"categories":[105],"tags":[],"class_list":["post-45921","post","type-post","status-publish","format-standard","hentry","category-gundem","odd"],"_links":{"self":[{"href":"http:\/\/www.korhanyilmaz.com\/index.php?rest_route=\/wp\/v2\/posts\/45921","targetHints":{"allow":["GET"]}}],"collection":[{"href":"http:\/\/www.korhanyilmaz.com\/index.php?rest_route=\/wp\/v2\/posts"}],"about":[{"href":"http:\/\/www.korhanyilmaz.com\/index.php?rest_route=\/wp\/v2\/types\/post"}],"author":[{"embeddable":true,"href":"http:\/\/www.korhanyilmaz.com\/index.php?rest_route=\/wp\/v2\/users\/1"}],"replies":[{"embeddable":true,"href":"http:\/\/www.korhanyilmaz.com\/index.php?rest_route=%2Fwp%2Fv2%2Fcomments&post=45921"}],"version-history":[{"count":0,"href":"http:\/\/www.korhanyilmaz.com\/index.php?rest_route=\/wp\/v2\/posts\/45921\/revisions"}],"wp:attachment":[{"href":"http:\/\/www.korhanyilmaz.com\/index.php?rest_route=%2Fwp%2Fv2%2Fmedia&parent=45921"}],"wp:term":[{"taxonomy":"category","embeddable":true,"href":"http:\/\/www.korhanyilmaz.com\/index.php?rest_route=%2Fwp%2Fv2%2Fcategories&post=45921"},{"taxonomy":"post_tag","embeddable":true,"href":"http:\/\/www.korhanyilmaz.com\/index.php?rest_route=%2Fwp%2Fv2%2Ftags&post=45921"}],"curies":[{"name":"wp","href":"https:\/\/api.w.org\/{rel}","templated":true}]}}