{"id":45917,"date":"2012-01-07T18:48:03","date_gmt":"2012-01-07T16:48:03","guid":{"rendered":"http:\/\/www.korhanyilmaz.com\/?p=45917"},"modified":"2012-01-08T15:51:12","modified_gmt":"2012-01-08T13:51:12","slug":"basbugun-tutuklanmasina-sevinmemeliyiz","status":"publish","type":"post","link":"http:\/\/www.korhanyilmaz.com\/?p=45917","title":{"rendered":"&#8216;Ba\u015fbu\u011f&#8217;un tutuklanmas\u0131na sevinmemeliyiz&#8217;"},"content":{"rendered":"<p style=\"text-align: center;\"><a href=\"http:\/\/www.korhanyilmaz.com\/wp-content\/uploads\/2012\/01\/8977.jpg\"  class=\"lightview\"><img loading=\"lazy\" decoding=\"async\" class=\"aligncenter  wp-image-45918\" src=\"http:\/\/www.korhanyilmaz.com\/wp-content\/uploads\/2012\/01\/8977.jpg\" alt=\"\" width=\"366\" height=\"210\" \/><\/a><\/p>\n<p style=\"text-align: justify;\">Ba\u015fbakan Yard\u0131mc\u0131s\u0131 B\u00fclent Ar\u0131n\u00e7, eski Genelkurmay Ba\u015fkan\u0131 \u0130lker Ba\u015fbu\u011f&#8217;un tutuklanmas\u0131yla ilgili olarak, &#8221;B\u00fct\u00fcn samimiyetimle, d\u00fcr\u00fcstl\u00fc\u011f\u00fcmle s\u00f6yl\u00fcyorum hi\u00e7birimiz tutuklanma sebebiyle sevinmemeliyiz&#8221; dedi.<\/p>\n<p style=\"text-align: justify;\">\u0130ZM\u0130R &#8211; Ba\u015fbakan Yard\u0131mc\u0131s\u0131 B\u00fclent Ar\u0131n\u00e7, AK Parti \u0130zmir Gen\u00e7lik Kongresi&#8217;ne kat\u0131ld\u0131ktan sonra burada bir bas\u0131n toplant\u0131s\u0131 d\u00fczenleyerek, g\u00fcndeme ili\u015fkin de\u011ferlendirmelerde bulundu.\u00a0<!--more--><\/p>\n<p style=\"text-align: justify;\">Gazetecilerin eski Genelkurmay Ba\u015fkan\u0131 \u0130lker Ba\u015fbu\u011f&#8217;un \u00f6nceki g\u00fcn tutuklanmas\u0131na ili\u015fkin sorular\u0131 \u00fczerine bu konudaki g\u00f6r\u00fc\u015flerini a\u00e7\u0131klayan Ar\u0131n\u00e7, \u015funlar\u0131 kaydetti:<\/p>\n<p style=\"text-align: justify;\">&#8221;Bu \u00e7ok \u00f6nemli bir olay. Ancak bu olay sebebiyle yani tutuklanma sebebiyle b\u00fct\u00fcn samimiyetimle ve d\u00fcr\u00fcstl\u00fc\u011f\u00fcmle s\u00f6yl\u00fcyorum hi\u00e7birimiz sevinmemeliyiz. Bu \u00fcz\u00fcnt\u00fc verici bir olayd\u0131r. Bundan ger\u00e7ek anlamda \u00fcz\u00fcnt\u00fc duydu\u011fumu ifade etmek istiyorum. \u015eu a\u00e7\u0131dan Genelkurmay Ba\u015fkanl\u0131\u011f\u0131 makam\u0131 T\u00fcrk Silahl\u0131 Kuvvetleri i\u00e7inde de T\u00fcrkiye&#8217;nin b\u00fcrokrasisi i\u00e7inde de \u00e7ok \u00f6nemli bir makam. Temsil etti\u011fi \u015fey silahl\u0131 kuvvetlerde en y\u00fcksek komuta kademesinin ba\u015fkanl\u0131\u011f\u0131d\u0131r. Burada g\u00f6rev yapm\u0131\u015f bir say\u0131n komutan\u0131n bug\u00fcn \u015fu veya bu iddiayla tutuklanm\u0131\u015f olmas\u0131ndan sadece \u00fcz\u00fcnt\u00fc duyulur. Bize d\u00fc\u015fen g\u00f6rev bunu bireysel olarak g\u00f6rmek ve bu makam\u0131n y\u0131prat\u0131lmas\u0131na ve \u00f6zellikle genelkurmay ba\u015fkanl\u0131\u011f\u0131 makam\u0131yla T\u00fcrk Silahl\u0131 Kuvvetleri&#8217;nin itibar ve g\u00fcc\u00fcne g\u00f6lge d\u00fc\u015f\u00fcrmemek laz\u0131m. \u00c7\u00fcnk\u00fc bu makamlar\u0131 i\u015fgal eden insanlar bizim gibi sizin gibi insanlard\u0131r. Hata da yapabilirler yanl\u0131\u015f da yapabilir. Onlar\u0131n su\u00e7lan\u0131yor olmas\u0131 o makam\u0131n g\u00fcc\u00fcne itibar\u0131na kesinlikle g\u00f6lge d\u00fc\u015f\u00fcrmez.&#8221;<\/p>\n<p style=\"text-align: justify;\">Bu konuda a\u00e7\u0131lan davan\u0131n iddianamesinin ana merkezini, &#8221;2004-2005-2006 y\u0131llar\u0131nda psikolojik harekat ama\u00e7l\u0131 baz\u0131 internet sitelerinin kuruldu\u011fu ve buradan yay\u0131n yap\u0131ld\u0131\u011f\u0131&#8221; iddialar\u0131n\u0131n olu\u015fturdu\u011funu, bu sitelerin genel amac\u0131n\u0131n AK Parti h\u00fck\u00fcmetini y\u0131pratmak oldu\u011funu belirten Ar\u0131n\u00e7, siteler vas\u0131tas\u0131yla &#8221;\u0130rtica var&#8221; denilerek belli merkezlerin harekete ge\u00e7irilmek istendi\u011fini, buna k\u0131saca &#8221;internet and\u0131c\u0131&#8221; isminin tak\u0131ld\u0131\u011f\u0131n\u0131 hat\u0131rlatt\u0131.<\/p>\n<p style=\"text-align: justify;\">Ar\u0131n\u00e7, bu yarg\u0131 s\u00fcrecinde, tutuklu bulunan ve serbest pek \u00e7ok san\u0131\u011f\u0131n bulundu\u011funu belirterek, \u015funlar\u0131 kaydetti:<\/p>\n<p style=\"text-align: justify;\">&#8221;Komuta kademesinde \u00f6nemli g\u00f6revler yapm\u0131\u015f olan birileri, &#8221;and\u0131\u00e7&#8217; denilen belgede, &#8216;(Say\u0131n Komutan&#8217;a arz) ibaresinin, o d\u00f6nemin komutan\u0131 \u0130lker Ba\u015fbu\u011f&#8217;u kastetti\u011fini, dolay\u0131s\u0131yla su\u00e7lanmas\u0131 gereken birisi varsa, as\u0131l onun su\u00e7lanmas\u0131 gerekti\u011fini&#8217; ifade etmi\u015fler. Do\u011fru veya yanl\u0131\u015ft\u0131r. Ben ceza avukatl\u0131\u011f\u0131 yapt\u0131\u011f\u0131m i\u00e7in ba\u015f\u0131ma gelen \u00e7ok olaydan da bilirim; &#8216;atf\u0131 c\u00fcr\u00fcm&#8217; denilen bir \u015fey vard\u0131r. Buna &#8216;su\u00e7 atma&#8217; derler. Mahkemeler bunu inceler. Atf\u0131 c\u00fcrm\u00fcn ger\u00e7ek mi yoksa ger\u00e7ek d\u0131\u015f\u0131 m\u0131 oldu\u011funa yarg\u0131 karar\u0131yla karar verirler.<\/p>\n<p style=\"text-align: justify;\">\u015eimdi g\u00f6r\u00fcyoruz ki, o davan\u0131n san\u0131klar\u0131ndan bir k\u0131sm\u0131, &#8216;Say\u0131n Komutan&#8217; ibaresinin \u0130lker Ba\u015fbu\u011f ile ba\u011flant\u0131l\u0131 oldu\u011funu, onun da bu su\u00e7a i\u015ftirak etti\u011fini g\u00f6sterecek bir tak\u0131m beyanlar\u0131 esas almaktad\u0131r. Bize d\u00fc\u015fen, T\u00fcrkiye ger\u00e7ekten bir hukuk devleti ise ki buna inan\u0131yoruz, en az\u0131ndan bu yolda \u00e7ok \u00f6nemli mesafeler al\u0131nd\u0131\u011f\u0131n\u0131 d\u00fc\u015f\u00fcn\u00fcyoruz. Hukukun ve yarg\u0131 s\u00fcrecinin i\u015fledi\u011fi bir yerde, yarg\u0131 s\u00fcrecinin s\u00fcratle sonu\u00e7lanmas\u0131 ve beraat edecek olanlar\u0131n da bir an \u00f6nce ortaya \u00e7\u0131kmas\u0131d\u0131r. Bu Say\u0131n Komutan i\u00e7in de b\u00f6yledir, di\u011fer san\u0131klar i\u00e7in de b\u00f6yledir.<\/p>\n<p style=\"text-align: justify;\"><strong>&#8217;25 YILLIK HUKUK TECR\u00dcBEM TUTUKLAMALARIN \u0130ST\u0130SNA&#8230;&#8217;<\/strong><\/p>\n<p style=\"text-align: justify;\">\u0130nternet and\u0131c\u0131 ve bunla ba\u011flant\u0131l\u0131 di\u011fer davalar konusunda s\u00f6ylenebilecek tek \u015fey, bu iddialar\u0131n, yarg\u0131lanan ki\u015filer a\u00e7\u0131s\u0131ndan ne k\u0131ymet ifade etti\u011fini bir an \u00f6nce g\u00f6rmektir.<\/p>\n<p style=\"text-align: justify;\">Tutuklanmal\u0131 m\u0131yd\u0131, tutuklanmamal\u0131 m\u0131yd\u0131 tart\u0131\u015fmas\u0131nda, herhalde kesin kararl\u0131 olarak konu\u015fan insanlardan birisi benim. Benim 25 y\u0131ll\u0131k hukuk tecr\u00fcbem ve bug\u00fcne kadar devam eden hukuk anlay\u0131\u015f\u0131m tutuklamalar\u0131n istisna ama serbest kalmalar\u0131n as\u0131l oldu\u011funu g\u00f6sterir.<\/p>\n<p style=\"text-align: justify;\">Tutuklamalar i\u00e7in \u00e7ok ciddi sebepler ortada olmal\u0131d\u0131r. Bu davada, &#8216;vard\u0131r ki tutuklanm\u0131\u015ft\u0131r&#8217; diyebilirsiniz. Ancak her \u015fahsa, her olaya, delil durumuna g\u00f6re mutlaka daha \u00e7ok dikkat etmek mecburiyetindeyiz. Umar\u0131m ki, Say\u0131n Ba\u015fbu\u011f&#8217;un tutukluluk s\u00fcresi en k\u0131sa zamanda, bir yarg\u0131 s\u00fcrecinin sonucu olarak kar\u015f\u0131m\u0131za \u00e7\u0131kar. Biz insanlar\u0131n tutuklanmas\u0131ndan memnuniyet duyan de\u011fil, tahliye edilmelerinden sevin\u00e7 duyan bir anlay\u0131\u015fa sahibiz.<\/p>\n<p style=\"text-align: justify;\">Ama bu, hi\u00e7bir \u015fekilde ki\u015fisel de\u011fil. Ki\u015fisel olsayd\u0131, kanaatlerimiz farkl\u0131 farkl\u0131 olurdu. Ben hukukun evrensel prensibi olarak bunu d\u00fc\u015f\u00fcn\u00fcyorum ve eminim ki, adli s\u00fcre\u00e7 bir an \u00f6nce tamamlan\u0131r ve t\u00fcm davalardan yarg\u0131lanan insanlar bir mahkeme ilam\u0131yla kendi ki\u015filiklerini ve kimliklerini temsil etme imkan\u0131na kavu\u015furlar.<\/p>\n<p style=\"text-align: justify;\"><strong>&#8216;TARAFIM, AMA ONU S\u00d6YLEMEYECE\u011e\u0130M&#8217;<\/strong><\/p>\n<p style=\"text-align: justify;\">Ar\u0131n\u00e7, bir bas\u0131n mensubunun, &#8221;eski Genelkurmay Ba\u015fkan\u0131 \u0130lker Ba\u015fbu\u011f&#8217;un Y\u00fcce Divan&#8217;da yarg\u0131lanmas\u0131 talebinde bulundu\u011funu&#8221; hat\u0131rlatmas\u0131 \u00fczerine, 12 Eyl\u00fcl 2010&#8217;da yap\u0131lan Anayasa de\u011fi\u015fikli\u011fi referandumunu hat\u0131rlatarak, \u015funlar\u0131 kaydetti:<\/p>\n<p style=\"text-align: justify;\">&#8221;Anayasa referandumu yap\u0131ld\u0131\u011f\u0131nda &#8216;hay\u0131r&#8217; diyenlerin aksine biz &#8216;evet&#8217; diyenlerdendik. &#8216;Evet&#8217; diyenler \u015funa karar verdiler; Genelkurmay Ba\u015fkanlar\u0131, Cumhurba\u015fkanlar\u0131, kuvvet komutanlar\u0131 da \u015f\u00f6yle bir \u00f6zel yarg\u0131lama yarg\u0131lama usul\u00fcne tabi olsunlar. Bunlar\u0131n yarg\u0131lanacak yerleri belli de\u011fildi. Oras\u0131 da Y\u00fcce Divan s\u0131fat\u0131yla Anayasa Mahkemesi&#8217;dir.<\/p>\n<p style=\"text-align: justify;\">\u015eimdi Say\u0131n Ba\u015fbu\u011f&#8217;un yarg\u0131lanmas\u0131 gereken yer, Y\u00fcce Divan m\u0131d\u0131r, yoksa sivil mahkemeler midir, bu hukuki bir tart\u0131\u015fma. Ben bunun bir taraf\u0131nday\u0131m, ama onu s\u00f6ylemeyece\u011fim. Siz sorunuzun i\u00e7inde Say\u0131n Ba\u015fbu\u011f&#8217;un &#8216;Asl\u0131nda benim \u015furada yarg\u0131lanmam gerekir dedi\u011fini&#8217; s\u00f6yl\u00fcyorsunuz. Bu her san\u0131k i\u00e7in ge\u00e7erlidir. Yetki g\u00f6rev itiraz\u0131nda bulunabilirler. Buna \u00f6nce o mahkemeler karar verir. G\u00f6rev ve yetki uyu\u015fmazl\u0131\u011f\u0131 olursa ba\u015fka merciler karar verir. Bu itiraza karar verecek olan yer de yarg\u0131da bir yerdir. Umar\u0131m onun da en k\u0131sa s\u00fcrede sonu\u00e7land\u0131\u011f\u0131n\u0131 g\u00f6r\u00fcr\u00fcz.&#8221;<\/p>\n<p style=\"text-align: justify;\"><strong>&#8216;K\u0130MSEN\u0130N SU\u00c7 \u0130\u015eLEME \u0130MT\u0130YAZI YOK&#8217;<\/strong><\/p>\n<p style=\"text-align: justify;\">Ar\u0131n\u00e7, bir gazetecinin \u0130zmir B\u00fcy\u00fck\u015fehir Belediyesine y\u00f6nelik operasyon kapsam\u0131nda, ge\u00e7ti\u011fimiz g\u00fcnlerde savc\u0131ya ifade veren \u0130zmir B\u00fcy\u00fck\u015fehir Belediye Ba\u015fkan\u0131 Aziz Kocao\u011flu hakk\u0131nda 180 y\u0131l ceza istendi\u011fi y\u00f6n\u00fcndeki soru \u00fczerine ise &#8221;Ki\u015filere y\u00f6nelik bir de\u011ferlendirme yapmam&#8221; kar\u015f\u0131l\u0131\u011f\u0131n\u0131 verdi.<\/p>\n<p style=\"text-align: justify;\">Kocao\u011flu&#8217;nu \u00e7ok eskiden beri tan\u0131d\u0131\u011f\u0131n\u0131, ki\u015fisel ili\u015fkilerinin \u00e7ok iyi oldu\u011funu, yapt\u0131\u011f\u0131 g\u00f6revle ilgili kendisine isnat edilen su\u00e7la ilgili hi\u00e7bir bilgiye sahip olmad\u0131\u011f\u0131n\u0131 dile getiren Ar\u0131n\u00e7, \u015f\u00f6yle devam etti:<\/p>\n<p style=\"text-align: justify;\">&#8221;T\u00fcrkiye&#8217;de hi\u00e7 kimsenin su\u00e7 i\u015fleme imtiyaz\u0131 yoktur. Yarg\u0131 ba\u011f\u0131ms\u0131zd\u0131r. Yarg\u0131ya intikal eden her konuda bizim yarg\u0131ya y\u00f6n vermek yerine onun ba\u011f\u0131ms\u0131zl\u0131\u011f\u0131n\u0131 destekleyici beyanlarda bulunmam\u0131z gerekir. &#8216;\u015eu da m\u0131, bu da m\u0131&#8217; diyerek ki\u015filere y\u00f6nelik herhangi bir de\u011ferlendirme yapmak do\u011fru de\u011fildir. T\u00fcrkiye ger\u00e7ekten hukuk devleti olacaksa, herkes denetlemeye tabi olmal\u0131d\u0131r, herkes yarg\u0131da hesap verebilir olmal\u0131d\u0131r ve hi\u00e7 kimse lay\u00fcsel de\u011fildir. Yani dokunulmaz, kendisi hakk\u0131nda su\u00e7 iddia edilmez olmamal\u0131d\u0131r. G\u00f6r\u00fcyoruz ki, y\u0131llar sonra T\u00fcrkiye&#8217;de hukukun egemen olmaya ba\u015flamas\u0131, birileri ho\u015flanmasa da bir ger\u00e7ek olarak kar\u015f\u0131m\u0131zda duruyor.<\/p>\n<p style=\"text-align: justify;\">Say\u0131n Kocao\u011flu da dilerim ki, yarg\u0131 s\u00fcrecinin sonunda bu su\u00e7lamalardan aklanarak hizmetine devam etsin. O y\u00fczden Ahmet mi, Mehmet mi, Hasan m\u0131 diye ki\u015fisel de\u011ferlendirme yapmayal\u0131m. G\u00f6r\u00fcl\u00fcyor ki T\u00fcrkiye&#8217;de muvazzaf\u0131yla, emeklisiyle pek \u00e7ok asker, komutan yarg\u0131lanabiliyor. T\u00fcrkiye&#8217;de pek \u00e7ok b\u00fcrokrat, siyaset\u00e7i yarg\u0131lanabiliyor. Biz herkesin yarg\u0131 \u00f6n\u00fcnde aln\u0131 a\u00e7\u0131k hesap verebilmesinin yan\u0131nday\u0131z. Onlara da kolayl\u0131klar diliyorum.&#8221;<\/p>\n<p style=\"text-align: justify;\">Ar\u0131n\u00e7, bir gazetecinin &#8216;Bu noktada dokunulmazl\u0131klar\u0131n kald\u0131r\u0131lmas\u0131 y\u00f6n\u00fcnde giri\u015fiminiz olacak m\u0131?&#8221; sorusuna ise \u015fu yan\u0131t\u0131 verdi:<\/p>\n<p style=\"text-align: justify;\">&#8221;Elbette olacak. O y\u00fczden yeni anayasada sab\u0131rs\u0131zlan\u0131yoruz. Yeni anayasay\u0131 yapacak heyet, dokunulmazl\u0131klar\u0131 da en g\u00fczel \u015fekliyle anayasada tarif edecektir diye d\u00fc\u015f\u00fcn\u00fcyorum.<\/p>\n<p style=\"text-align: justify;\">\u0130n\u015fallah yeni anayasa b\u00fct\u00fcn sorunlar\u0131m\u0131z\u0131, umar\u0131m ki ba\u015fta dokunulmazl\u0131k olmak \u00fczere yeniden bir tarif yeniden bir s\u0131n\u0131rland\u0131rma ve kamuoyunun bu konudaki hassasiyetini dikkate alarak yeniden d\u00fczenleme yapacakt\u0131r.&#8221;<\/p>\n<p style=\"text-align: justify;\"><a href=\"http:\/\/www.ntvmsnbc.com\/id\/25312245\/\" target=\"_blank\">Kaynak : NTVMSNBC<\/a><\/p>\n","protected":false},"excerpt":{"rendered":"<p style=\"text-align: center;\">\n<p style=\"text-align: justify;\">Ba\u015fbakan Yard\u0131mc\u0131s\u0131 B\u00fclent Ar\u0131n\u00e7, eski Genelkurmay Ba\u015fkan\u0131 \u0130lker Ba\u015fbu\u011f&#8217;un tutuklanmas\u0131yla ilgili olarak, &#8221;B\u00fct\u00fcn samimiyetimle, d\u00fcr\u00fcstl\u00fc\u011f\u00fcmle s\u00f6yl\u00fcyorum hi\u00e7birimiz tutuklanma sebebiyle sevinmemeliyiz&#8221; dedi.<\/p>\n<p style=\"text-align: justify;\">\u0130ZM\u0130R &#8211; Ba\u015fbakan Yard\u0131mc\u0131s\u0131 B\u00fclent Ar\u0131n\u00e7, AK Parti \u0130zmir Gen\u00e7lik Kongresi&#8217;ne kat\u0131ld\u0131ktan sonra burada bir bas\u0131n toplant\u0131s\u0131 d\u00fczenleyerek, g\u00fcndeme ili\u015fkin de\u011ferlendirmelerde bulundu. <\/p>\n","protected":false},"author":1,"featured_media":0,"comment_status":"open","ping_status":"open","sticky":false,"template":"","format":"standard","meta":{"footnotes":""},"categories":[105],"tags":[],"class_list":["post-45917","post","type-post","status-publish","format-standard","hentry","category-gundem","odd"],"_links":{"self":[{"href":"http:\/\/www.korhanyilmaz.com\/index.php?rest_route=\/wp\/v2\/posts\/45917","targetHints":{"allow":["GET"]}}],"collection":[{"href":"http:\/\/www.korhanyilmaz.com\/index.php?rest_route=\/wp\/v2\/posts"}],"about":[{"href":"http:\/\/www.korhanyilmaz.com\/index.php?rest_route=\/wp\/v2\/types\/post"}],"author":[{"embeddable":true,"href":"http:\/\/www.korhanyilmaz.com\/index.php?rest_route=\/wp\/v2\/users\/1"}],"replies":[{"embeddable":true,"href":"http:\/\/www.korhanyilmaz.com\/index.php?rest_route=%2Fwp%2Fv2%2Fcomments&post=45917"}],"version-history":[{"count":0,"href":"http:\/\/www.korhanyilmaz.com\/index.php?rest_route=\/wp\/v2\/posts\/45917\/revisions"}],"wp:attachment":[{"href":"http:\/\/www.korhanyilmaz.com\/index.php?rest_route=%2Fwp%2Fv2%2Fmedia&parent=45917"}],"wp:term":[{"taxonomy":"category","embeddable":true,"href":"http:\/\/www.korhanyilmaz.com\/index.php?rest_route=%2Fwp%2Fv2%2Fcategories&post=45917"},{"taxonomy":"post_tag","embeddable":true,"href":"http:\/\/www.korhanyilmaz.com\/index.php?rest_route=%2Fwp%2Fv2%2Ftags&post=45917"}],"curies":[{"name":"wp","href":"https:\/\/api.w.org\/{rel}","templated":true}]}}