{"id":45914,"date":"2012-01-07T19:15:03","date_gmt":"2012-01-07T17:15:03","guid":{"rendered":"http:\/\/www.korhanyilmaz.com\/?p=45914"},"modified":"2012-01-08T15:47:16","modified_gmt":"2012-01-08T13:47:16","slug":"kilicdaroglu-turkiye-cezaevine-dondu","status":"publish","type":"post","link":"http:\/\/www.korhanyilmaz.com\/?p=45914","title":{"rendered":"K\u0131l\u0131\u00e7daro\u011flu: T\u00fcrkiye cezaevine d\u00f6nd\u00fc"},"content":{"rendered":"<p style=\"text-align: center;\"><a href=\"http:\/\/www.korhanyilmaz.com\/wp-content\/uploads\/2012\/01\/8976.jpg\"  class=\"lightview\"><img loading=\"lazy\" decoding=\"async\" class=\"aligncenter  wp-image-45915\" src=\"http:\/\/www.korhanyilmaz.com\/wp-content\/uploads\/2012\/01\/8976.jpg\" alt=\"\" width=\"333\" height=\"191\" \/><\/a><\/p>\n<p style=\"text-align: justify;\">CHP Genel Ba\u015fkan\u0131 Kemal K\u0131l\u0131\u00e7daro\u011flu, &#8221;T\u00fcrkiye Cumhuriyeti adeta bir k\u0131sm\u0131 i\u00e7in kapal\u0131, bir k\u0131sm\u0131 i\u00e7in a\u00e7\u0131k cezaevi haline d\u00f6n\u00fc\u015ft\u00fcr\u00fcld\u00fc&#8221; diye konu\u015ftu.<\/p>\n<p style=\"text-align: justify;\">\u0130STANBUL &#8211; Sar\u0131yer Belediyesi&#8217;nin, P\u0131nar Mahallesindeki yeni hizmet binas\u0131n\u0131n temel atma t\u00f6reninde konu\u015ftu.\u00a0<!--more--><\/p>\n<p style=\"text-align: justify;\">K\u0131l\u0131\u00e7daro\u011flu, bir \u00fclkede hukukun \u00fcst\u00fcnl\u00fc\u011f\u00fcn\u00fcn temel kural oldu\u011funu vurgulayarak, &#8221;Bir \u00fclkede adalet yoksa, o \u00fclkede demokrasi yoktur. Bir \u00fclkede sa\u011fl\u0131kl\u0131 adalet da\u011f\u0131t\u0131lm\u0131yorsa, o \u00fclkede insanlar\u0131n umudu yok demektir. Bir \u00fclkede adalet olacak ki, bir sorunla kar\u015f\u0131la\u015fan yurtta\u015f, &#8216;benim ba\u015fvuraca\u011f\u0131m, benim de hakk\u0131m\u0131 arayaca\u011f\u0131m bir yer var&#8217; diyecektir. Ama bug\u00fcn geldi\u011fimiz noktada T\u00fcrkiye Cumhuriyeti adeta bir k\u0131sm\u0131 i\u00e7in kapal\u0131, bir k\u0131sm\u0131 i\u00e7in a\u00e7\u0131k cezaevi haline d\u00f6n\u00fc\u015ft\u00fcr\u00fclm\u00fc\u015ft\u00fcr. Bu yap\u0131y\u0131 sindiremiyoruz. 21. y\u00fczy\u0131l T\u00fcrkiye&#8217;sine yak\u0131\u015fm\u0131yor. \u0130stiyoruz ki bu \u00fclkede adalet herkes i\u00e7in olsun&#8221; diye konu\u015ftu.<\/p>\n<p style=\"text-align: justify;\">CHP Genel Ba\u015fkan\u0131 K\u0131l\u0131\u00e7daro\u011flu, e\u011fer T\u00fcrkiye&#8217;de 70 milyon vatanda\u015f telefonlar\u0131n\u0131n dinlendi\u011finden kayg\u0131 duyuyorsa, bu \u00fclkede medyan\u0131n \u00f6zg\u00fcrl\u00fc\u011f\u00fc yoksa ve halk\u0131n sa\u011fl\u0131kl\u0131 haber alma \u00f6zg\u00fcrl\u00fc\u011f\u00fc elinden al\u0131nm\u0131\u015fsa, \u00fcniversiteler konu\u015fam\u0131yorsa ve yarg\u0131\u00e7lar\u0131n g\u00fcvencesi yoksa, o \u00fclkede demokrasinin olmayaca\u011f\u0131n\u0131 vurgulayarak, \u015f\u00f6yle devam etti:<\/p>\n<p style=\"text-align: justify;\">&#8221;Bunun m\u00fccadelesini yapaca\u011f\u0131z biz. Bir \u00fclkede i\u015f adamlar\u0131 konu\u015fam\u0131yorsa, sendikalar rahatl\u0131kla eylem yapam\u0131yorsa, insanlar hak aramak i\u00e7in \u00f6zg\u00fcrce konu\u015fam\u0131yorsa, o \u00fclkede demokrasi yok demektir. Sak\u0131n sanmay\u0131n ki bunu ana muhalefet partisi olarak sadece biz s\u00f6yl\u00fcyoruz. Hay\u0131r, bunu d\u00fcnyan\u0131n b\u00fct\u00fcn geli\u015fmi\u015f \u00fclkelerindeki sivil toplum kurulu\u015flar\u0131 s\u00f6yl\u00fcyor. T\u00fcrkiye&#8217;deki demokrasi &#8216;hibrit demokrasi&#8217; olarak adland\u0131r\u0131l\u0131yor. 21. y\u00fczy\u0131l\u0131n T\u00fcrkiye&#8217;sine bu yak\u0131\u015fmaz. 21. y\u00fczy\u0131l\u0131n T\u00fcrkiye&#8217;sinde herkes d\u00fc\u015f\u00fcncelerini \u00f6zg\u00fcrce s\u00f6ylemeli, herkes rahatl\u0131kla istedi\u011fi toplant\u0131y\u0131, istedi\u011fi mitingi ger\u00e7ekle\u015ftirebilmelidir. \u00d6zg\u00fcr, ba\u011f\u0131ms\u0131z ve gelece\u011fe umutla bakan bir T\u00fcrkiye, sayg\u0131n, tutarl\u0131 bir adaletle ancak olabilir. Tek istedi\u011fimiz adalettir. \u0130ste\u011fimiz hukukun \u00fcst\u00fcnl\u00fc\u011f\u00fcd\u00fcr.&#8221;<\/p>\n<p style=\"text-align: justify;\"><strong>&#8216;CHP&#8217;L\u0130 BELED\u0130YELER BASKILARA RA\u011eMEN \u00c7ALI\u015eIYOR&#8217;<\/strong><\/p>\n<p style=\"text-align: justify;\">K\u0131l\u0131\u00e7daro\u011flu, T\u00fcrkiye&#8217;de hatta d\u00fcnyada ilk kez Sar\u0131yer Belediyesi&#8217;nin &#8221;ye\u015fil bir binaya&#8221; kavu\u015ftu\u011funu s\u00f6yledi.<\/p>\n<p style=\"text-align: justify;\">Sar\u0131yer&#8217;de 12 ayr\u0131 binada hizmet veren kurumlar\u0131n tek bir \u00e7at\u0131 alt\u0131nda toplanaca\u011f\u0131n\u0131 ifade eden K\u0131l\u0131\u00e7daro\u011flu, Sar\u0131yerlilerin \u00e7a\u011fda\u015f bir kamu hizmeti alaca\u011f\u0131n\u0131 kaydetti.<\/p>\n<p style=\"text-align: justify;\">CHP&#8217;li belediye ba\u015fkanlar\u0131n\u0131n, ellerinden gelen her t\u00fcrl\u00fc gayreti g\u00f6stererek hizmet verdiklerini belirten K\u0131l\u0131\u00e7daro\u011flu, s\u00f6zlerini \u015f\u00f6yle s\u00fcrd\u00fcrd\u00fc:<\/p>\n<p style=\"text-align: justify;\">&#8221;AKP \u015f\u00f6yle bir alg\u0131 yaratmak istiyor; Efendim CHP&#8217;li belediyeler \u00e7al\u0131\u015fm\u0131yor. B\u00fct\u00fcn bask\u0131lara ra\u011fmen CHP&#8217;li belediyeler, kendi belde halklar\u0131na en g\u00fczel hizmeti vermeye \u00e7aba harc\u0131yorlar. Bunun alt\u0131n\u0131 \u00f6zellikle \u00e7iziyorum. B\u00fct\u00fcn bask\u0131lara ra\u011fmen en iyi hizmeti CHP&#8217;li belediyeler olarak vermeye devam edece\u011fiz. \u015e\u00f6yle bir \u00f6rnek vereyim; \u0130zmir anakent belediyesinde g\u00f6rev yapan AKP&#8217;li m\u00fcfetti\u015f say\u0131s\u0131 80&#8217;dir. D\u00fcnyada \u00f6rne\u011fi yok bunun. &#8216;Acaba biz bu belediyeyi nas\u0131l \u00e7al\u0131\u015famaz konuma getiririz?&#8217; Bunun i\u00e7in \u00e7al\u0131\u015f\u0131yorlar. Ama buradan sesleniyorum. Ne yaparlarsa yaps\u0131nlar, hangi bask\u0131y\u0131 kurarlarsa kursunlar, sosyal demokrat belediyeleri halka hizmetten al\u0131koyamayacaklard\u0131r. Sar\u0131yer, Kad\u0131k\u00f6y, Kartal ve Silivri \u00fczerinde de bask\u0131 kuruyorlar. B\u00fct\u00fcn bu bask\u0131lara ra\u011fmen hizmet eden belediye ba\u015fkanlar\u0131m\u0131z\u0131 y\u00fcrekten kutluyorum. Siz ve biz el ele vererek sonuna kadar belediye ba\u015fkanlar\u0131m\u0131z\u0131n arkas\u0131nda duraca\u011f\u0131z.&#8221;<\/p>\n<p style=\"text-align: justify;\"><a href=\"http:\/\/www.ntvmsnbc.com\/id\/25312247\/\" target=\"_blank\">Kaynak : NTVMSNBC<\/a><\/p>\n","protected":false},"excerpt":{"rendered":"<p style=\"text-align: center;\">\n<p style=\"text-align: justify;\">CHP Genel Ba\u015fkan\u0131 Kemal K\u0131l\u0131\u00e7daro\u011flu, &#8221;T\u00fcrkiye Cumhuriyeti adeta bir k\u0131sm\u0131 i\u00e7in kapal\u0131, bir k\u0131sm\u0131 i\u00e7in a\u00e7\u0131k cezaevi haline d\u00f6n\u00fc\u015ft\u00fcr\u00fcld\u00fc&#8221; diye konu\u015ftu.<\/p>\n<p style=\"text-align: justify;\">\u0130STANBUL &#8211; Sar\u0131yer Belediyesi&#8217;nin, P\u0131nar Mahallesindeki yeni hizmet binas\u0131n\u0131n temel atma t\u00f6reninde konu\u015ftu. <\/p>\n","protected":false},"author":1,"featured_media":0,"comment_status":"open","ping_status":"open","sticky":false,"template":"","format":"standard","meta":{"footnotes":""},"categories":[105],"tags":[],"class_list":["post-45914","post","type-post","status-publish","format-standard","hentry","category-gundem","odd"],"_links":{"self":[{"href":"http:\/\/www.korhanyilmaz.com\/index.php?rest_route=\/wp\/v2\/posts\/45914","targetHints":{"allow":["GET"]}}],"collection":[{"href":"http:\/\/www.korhanyilmaz.com\/index.php?rest_route=\/wp\/v2\/posts"}],"about":[{"href":"http:\/\/www.korhanyilmaz.com\/index.php?rest_route=\/wp\/v2\/types\/post"}],"author":[{"embeddable":true,"href":"http:\/\/www.korhanyilmaz.com\/index.php?rest_route=\/wp\/v2\/users\/1"}],"replies":[{"embeddable":true,"href":"http:\/\/www.korhanyilmaz.com\/index.php?rest_route=%2Fwp%2Fv2%2Fcomments&post=45914"}],"version-history":[{"count":0,"href":"http:\/\/www.korhanyilmaz.com\/index.php?rest_route=\/wp\/v2\/posts\/45914\/revisions"}],"wp:attachment":[{"href":"http:\/\/www.korhanyilmaz.com\/index.php?rest_route=%2Fwp%2Fv2%2Fmedia&parent=45914"}],"wp:term":[{"taxonomy":"category","embeddable":true,"href":"http:\/\/www.korhanyilmaz.com\/index.php?rest_route=%2Fwp%2Fv2%2Fcategories&post=45914"},{"taxonomy":"post_tag","embeddable":true,"href":"http:\/\/www.korhanyilmaz.com\/index.php?rest_route=%2Fwp%2Fv2%2Ftags&post=45914"}],"curies":[{"name":"wp","href":"https:\/\/api.w.org\/{rel}","templated":true}]}}