{"id":4590,"date":"2009-03-04T09:37:39","date_gmt":"2009-03-04T07:37:39","guid":{"rendered":"http:\/\/www.korhanyilmaz.com\/?p=4590"},"modified":"2025-10-30T21:24:28","modified_gmt":"2025-10-30T18:24:28","slug":"anne-hasta-baba-kayip-uc-cocuk-copte","status":"publish","type":"post","link":"http:\/\/www.korhanyilmaz.com\/?p=4590","title":{"rendered":"Anne hasta baba kay\u0131p \u00fc\u00e7 \u00e7ocuk \u00e7\u00f6pte"},"content":{"rendered":"<p style=\"text-align: center;\"><a href=\"http:\/\/www.korhanyilmaz.com\/wp-content\/uploads\/2009\/03\/fft5_mf130188.jpeg\"  class=\"lightview\"><img loading=\"lazy\" decoding=\"async\" class=\"aligncenter size-full wp-image-4592\" title=\"Anne hasta baba kay\u0131p \u00fc\u00e7 \u00e7ocuk \u00e7\u00f6pte\" src=\"http:\/\/www.korhanyilmaz.com\/wp-content\/uploads\/2009\/03\/fft5_mf130188.jpeg\" alt=\"Anne hasta baba kay\u0131p \u00fc\u00e7 \u00e7ocuk \u00e7\u00f6pte\" width=\"250\" height=\"270\" \/><\/a><\/p>\n<p style=\"text-align: justify;\"><strong>Diyarbak\u0131r&#8217;da bir &#8216;\u00e7\u00f6p ev&#8217;den \u00fc\u00e7 \u00e7ocuk \u00e7\u0131kt\u0131. Dilencilik yapan psikolojik sorunlu anne tedaviye al\u0131n\u0131rken \u00e7ocuklar yuvaya verildi.<\/strong><\/p>\n<p style=\"text-align: justify;\">\u00c7\u00f6p evde ya\u015fayan \u00fc\u00e7 karde\u015fin dram\u0131, savc\u0131l\u0131\u011fa ihbarla ortaya \u00e7\u0131kt\u0131.<br \/>\nDiyarbak\u0131r&#8217;\u0131n Sur il\u00e7esinde bir vatanda\u015f, Bal\u0131k\u00e7\u0131larba\u015f\u0131 1. Sokak&#8217;taki harabede \u00e7\u00f6pler i\u00e7inde ya\u015fayan \u00fc\u00e7 \u00e7ocu\u011fun dram\u0131n\u0131 Cumhuriyet Ba\u015fsavc\u0131l\u0131\u011f\u0131&#8217;na bildirdi. Savc\u0131l\u0131\u011f\u0131n talimat\u0131 \u00fczerine olay yerine g\u00f6nderilen Diyarbak\u0131r Emniyet M\u00fcd\u00fcrl\u00fc\u011f\u00fc ekipleri, dilencilik yapan ve psikolojik sorunlar\u0131 bulunan anne Remziye Kaya&#8217;n\u0131n kap\u0131y\u0131 kilitleyip evden ayr\u0131lmas\u0131 nedeniyle harabeye d\u00f6n\u00fc\u015fm\u00fc\u015f eve giremedi. Biti\u015fikteki evin dam\u0131na \u00e7\u0131kan polisler, \u00e7\u00f6p evdeki \u00fc\u00e7 karde\u015fin i\u00e7ler ac\u0131s\u0131 halini g\u00f6r\u00fcnt\u00fcledi.<!--more--><br \/>\nG\u00f6r\u00fcnt\u00fclerin savc\u0131l\u0131\u011fa ula\u015ft\u0131r\u0131lmas\u0131n\u0131n ard\u0131ndan, savc\u0131l\u0131k evde \u00e7ok k\u00f6t\u00fc \u015fartlarda ya\u015fayan 10 ya\u015f\u0131ndaki Azize, yedi ya\u015f\u0131ndaki Aziz ve be\u015f ya\u015f\u0131ndaki Mehmet&#8217;in aileden al\u0131narak, yurda yerle\u015ftirilmesini kararla\u015ft\u0131rd\u0131. Eve giden Sosyal Hizmetler \u0130l M\u00fcd\u00fcrl\u00fc\u011f\u00fc g\u00f6revlileri ile polis, kilitli kap\u0131y\u0131 k\u0131rarak, \u00e7\u00f6p dolu evdeki \u00e7ocuklar\u0131 ald\u0131.<\/p>\n<p style=\"text-align: justify;\">O<strong>kula gidecekler<\/strong><br \/>\nDiyarbak\u0131r Devlet Hastanesi&#8217;nde sa\u011fl\u0131k kontrol\u00fcnden ge\u00e7irilen, ayaklar\u0131n\u0131n so\u011fuktan \u015fi\u015fti\u011fi g\u00f6zlenen \u00e7ocuklarda geli\u015fim bozuklu\u011fu tespit edildi. Tedavileri yap\u0131lan \u00e7ocuklar daha sonra \u00e7ocuk yuvas\u0131na yerle\u015ftirildi. Bug\u00fcne kadar okuldan uzak b\u0131rak\u0131lan \u00e7ocuklar\u0131n psikolojik deste\u011fin ard\u0131ndan okula g\u00f6nderilece\u011fi bildirildi.<\/p>\n<p style=\"text-align: justify;\"><strong>Baba kay\u0131p<\/strong><br \/>\nAnne Kaya, psikiyatri hastas\u0131 olmas\u0131 nedeniyle tedavi i\u00e7in hastaneye y\u00f6nlendirilirken aileden ayr\u0131 ya\u015fayan ve kendisine ula\u015f\u0131lamayan baba hakk\u0131nda da &#8216;aile bireylerine k\u00f6t\u00fc muamelede bulunmak&#8217; su\u00e7undan soru\u015fturma ba\u015flat\u0131ld\u0131.<\/p>\n<p style=\"text-align: justify;\"><span style=\"color: #888888;\">AA<\/span><\/p>\n","protected":false},"excerpt":{"rendered":"<p style=\"text-align: center;\">\n<p style=\"text-align: justify;\">Diyarbak\u0131r&#8217;da bir &#8216;\u00e7\u00f6p ev&#8217;den \u00fc\u00e7 \u00e7ocuk \u00e7\u0131kt\u0131. Dilencilik yapan psikolojik sorunlu anne tedaviye al\u0131n\u0131rken \u00e7ocuklar yuvaya verildi.<\/p>\n<p style=\"text-align: justify;\">\u00c7\u00f6p evde ya\u015fayan \u00fc\u00e7 karde\u015fin dram\u0131, savc\u0131l\u0131\u011fa ihbarla ortaya \u00e7\u0131kt\u0131. Diyarbak\u0131r&#8217;\u0131n Sur il\u00e7esinde bir vatanda\u015f, Bal\u0131k\u00e7\u0131larba\u015f\u0131 1. Sokak&#8217;taki harabede \u00e7\u00f6pler i\u00e7inde ya\u015fayan \u00fc\u00e7 \u00e7ocu\u011fun dram\u0131n\u0131 Cumhuriyet Ba\u015fsavc\u0131l\u0131\u011f\u0131&#8217;na bildirdi. Savc\u0131l\u0131\u011f\u0131n talimat\u0131 \u00fczerine <\/p>\n","protected":false},"author":1,"featured_media":0,"comment_status":"open","ping_status":"closed","sticky":false,"template":"","format":"standard","meta":{"footnotes":""},"categories":[7],"tags":[],"class_list":["post-4590","post","type-post","status-publish","format-standard","hentry","category-ekonomi","odd"],"_links":{"self":[{"href":"http:\/\/www.korhanyilmaz.com\/index.php?rest_route=\/wp\/v2\/posts\/4590","targetHints":{"allow":["GET"]}}],"collection":[{"href":"http:\/\/www.korhanyilmaz.com\/index.php?rest_route=\/wp\/v2\/posts"}],"about":[{"href":"http:\/\/www.korhanyilmaz.com\/index.php?rest_route=\/wp\/v2\/types\/post"}],"author":[{"embeddable":true,"href":"http:\/\/www.korhanyilmaz.com\/index.php?rest_route=\/wp\/v2\/users\/1"}],"replies":[{"embeddable":true,"href":"http:\/\/www.korhanyilmaz.com\/index.php?rest_route=%2Fwp%2Fv2%2Fcomments&post=4590"}],"version-history":[{"count":0,"href":"http:\/\/www.korhanyilmaz.com\/index.php?rest_route=\/wp\/v2\/posts\/4590\/revisions"}],"wp:attachment":[{"href":"http:\/\/www.korhanyilmaz.com\/index.php?rest_route=%2Fwp%2Fv2%2Fmedia&parent=4590"}],"wp:term":[{"taxonomy":"category","embeddable":true,"href":"http:\/\/www.korhanyilmaz.com\/index.php?rest_route=%2Fwp%2Fv2%2Fcategories&post=4590"},{"taxonomy":"post_tag","embeddable":true,"href":"http:\/\/www.korhanyilmaz.com\/index.php?rest_route=%2Fwp%2Fv2%2Ftags&post=4590"}],"curies":[{"name":"wp","href":"https:\/\/api.w.org\/{rel}","templated":true}]}}