{"id":45892,"date":"2012-01-07T10:31:04","date_gmt":"2012-01-07T08:31:04","guid":{"rendered":"http:\/\/www.korhanyilmaz.com\/?p=45892"},"modified":"2012-01-07T10:44:57","modified_gmt":"2012-01-07T08:44:57","slug":"bulbul-olurken-yaninda-biri-varmis","status":"publish","type":"post","link":"http:\/\/www.korhanyilmaz.com\/?p=45892","title":{"rendered":"B\u00fclb\u00fcl \u00f6l\u00fcrken yan\u0131nda biri varm\u0131\u015f!"},"content":{"rendered":"<p style=\"text-align: center;\"><a href=\"http:\/\/www.korhanyilmaz.com\/wp-content\/uploads\/2012\/01\/8973.jpg\"  class=\"lightview\"><img loading=\"lazy\" decoding=\"async\" class=\"aligncenter  wp-image-45893\" src=\"http:\/\/www.korhanyilmaz.com\/wp-content\/uploads\/2012\/01\/8973.jpg\" alt=\"\" width=\"320\" height=\"214\" \/><\/a><\/p>\n<p style=\"text-align: justify;\">Hayat\u0131n\u0131 kaybeden \u015fark\u0131c\u0131 Azer B\u00fclb\u00fcl hastaland\u0131\u011f\u0131nda yan\u0131nda bulunan kad\u0131n g\u00f6zalt\u0131na al\u0131nd\u0131. Kad\u0131n ifadesinde &#8216;Fenala\u015f\u0131nca korkup odadan ka\u00e7t\u0131m&#8217; dedi.<\/p>\n<p style=\"text-align: justify;\">ANTALYA &#8211; Azer B\u00fclb\u00fcl bir otel odas\u0131nda \u00f6l\u00fc bulundu. Sanat\u00e7\u0131n\u0131n \u00f6l\u00fcm\u00fc \u00fczerine polis, olay ile ilgili olarak soru\u015fturma ba\u015flatt\u0131. Sanat\u00e7\u0131 Azer B\u00fclb\u00fcl&#8217;\u00fcn \u00f6l\u00fc bulunmas\u0131yla ilgili bir \u015f\u00fcpheli g\u00f6zalt\u0131na al\u0131nd\u0131.\u00a0<!--more--><\/p>\n<p style=\"text-align: justify;\">Antalya&#8217;daki otel odas\u0131nda \u00f6l\u00fc bulunan arabesk fantezi m\u00fczik sanat\u00e7\u0131s\u0131 Azer B\u00fclb\u00fcl&#8217;\u00fcn (S\u00fcbutay Kesgin) ilk belirlemelere g\u00f6re kalp krizi sonucu hayat\u0131n\u0131 kaybetmi\u015f olabilece\u011fi ileri s\u00fcr\u00fcld\u00fc. \u00d6\u011fle yeme\u011fi i\u00e7in otelden ayr\u0131lan B\u00fclb\u00fcl, saat 15.00 s\u0131ralar\u0131nda bir kad\u0131nla 4&#8217;\u00fcnc\u00fc kattaki 408 numaral\u0131 odaya \u00e7\u0131kt\u0131. Ak\u015fam saatlerinde ise yan\u0131nda bulunan gen\u00e7 kad\u0131n otel lobisini arayarak sanat\u00e7\u0131n\u0131n fenala\u015ft\u0131\u011f\u0131n\u0131 s\u00f6yledi. Odaya ko\u015fan g\u00f6revliler, Azer B\u00fclb\u00fcl (43) i\u00e7in ambulans \u00e7a\u011f\u0131rd\u0131. \u0130hbar \u00fczerine gelen sa\u011fl\u0131k g\u00f6revlileri, sanat\u00e7\u0131 B\u00fclb\u00fcl&#8217;\u00fcn hayat\u0131n\u0131 kaybetti\u011fini belirledi. Azer B\u00fclb\u00fcl&#8217;\u00fcn fenala\u015ft\u0131\u011f\u0131nda yata\u011f\u0131nda \u00e7\u0131plak oldu\u011fu iddia edildi. Polis, Azer B\u00fclb\u00fcl&#8217;\u00fcn odas\u0131na \u00e7\u0131kan ve lobiyi arayan ismi a\u00e7\u0131klanmayan kad\u0131n\u0131 ifadesine ba\u015fvurmak \u00fczere Asayi\u015f \u015eube M\u00fcd\u00fcrl\u00fc\u011f\u00fc Cinayet B\u00fcro Amirli\u011fi&#8217;ne g\u00f6t\u00fcrd\u00fc.<\/p>\n<p style=\"text-align: justify;\"><strong>&#8220;FENALA\u015eINCA KORKUP ODADAN KA\u00c7TIM&#8221;\u00a0<\/strong><\/p>\n<p style=\"text-align: justify;\">Antalya\u2019da kald\u0131\u011f\u0131 otel odas\u0131nda \u00f6l\u00fc bulunan sanat\u00e7\u0131 Azer B\u00fclb\u00fcl\u2019\u00fcn yap\u0131lan otopsisinde yakla\u015f\u0131k 13 saat \u00f6nce hayat\u0131n\u0131 kaybetti\u011fi ortaya \u00e7\u0131kt\u0131. Polisin odada yapt\u0131\u011f\u0131 ara\u015ft\u0131rmada cinsel g\u00fcc\u00fc art\u0131r\u0131c\u0131 \u00f6zelli\u011fi bulunan hap kutusu bulundu\u011fu iddia edildi. Bu arada B\u00fclb\u00fcl\u2019\u00fcn kendisini dinlemeye gelen ve programdan sonra sanat\u00e7\u0131yla birlikte otele giden 24 ya\u015f\u0131ndaki Sibel A.\u2019<\/p>\n<p style=\"text-align: justify;\">Antalya Emniyeti Asayi\u015f \u015eube M\u00fcd\u00fcrl\u00fc\u011f\u00fc Cinayet B\u00fcro Amirli\u011finde ifadesine ba\u015fvurulan Sibel A.\u2019n\u0131n, &#8220;Ben bir sosyal yard\u0131mla\u015fma ve dayan\u0131\u015fma derne\u011finde garson olarak \u00e7al\u0131\u015f\u0131yorum. Azer B\u00fclb\u00fcl\u2019\u00fcn tavernada program yapt\u0131\u011f\u0131n\u0131 duyunca kendisini dinlemek i\u00e7in oraya gittim. Orada kendisiyle tan\u0131\u015ft\u0131k ve hayran\u0131 oldu\u011fumu s\u00f6yledim. Sonra arkada\u015f olduk ve programdan sonra birlikte ayr\u0131l\u0131p otele gittik. Burada kendisi ne oldu\u011funu bilmedi\u011fim bir hap kulland\u0131. Sonras\u0131nda birlikte olduk. Bir s\u00fcre sonra fenala\u015ft\u0131. Bende korktu\u011fum i\u00e7in hemen giyinip odadan h\u0131zla ayr\u0131ld\u0131m. \u00d6ld\u00fc\u011f\u00fcn\u00fc bilmiyordum&#8221; dedi.<\/p>\n<p style=\"text-align: justify;\">Gen\u00e7 kad\u0131n\u0131n sorgusu s\u00fcrerken cinayet b\u00fcrosu ekipleri otelin g\u00fcvenlik kamera kay\u0131tlar\u0131n\u0131 inceledi. G\u00f6r\u00fcnt\u00fclerde sabah saat 04.30 s\u0131ralar\u0131nda Sibel A.\u2019n\u0131n h\u0131zl\u0131 ad\u0131mlarla otelden ayr\u0131ld\u0131\u011f\u0131 g\u00f6r\u00fcld\u00fc. \u0130hmal sonucu \u00f6l\u00fcme sebebiyet vermek su\u00e7lamas\u0131yla g\u00f6zalt\u0131nda tutulan Sibel A., sa\u011fl\u0131k kontrol\u00fcnden ge\u00e7irildi.<\/p>\n<p style=\"text-align: justify;\"><strong>CENAZES\u0130 KALDIRILDI\u00a0<\/strong><\/p>\n<p style=\"text-align: justify;\">\u015earampol Caddesi&#8217;ndeki 3 y\u0131ld\u0131zl\u0131 Mostar Otel&#8217;in 4&#8217;\u00fcnc\u00fc kat\u0131ndaki odas\u0131nda \u00f6l\u00fc bulunan Azer B\u00fclb\u00fcl&#8217;\u00fcn cesedi, cumhuriyet savc\u0131s\u0131 ve polis ekiplerinin incelemesinin ard\u0131ndan otelden \u00e7\u0131kart\u0131larak cenaze arac\u0131na konuldu. Cenazesi Adli T\u0131p Kurumu morguna kald\u0131r\u0131lan B\u00fclb\u00fcl&#8217;\u00fcn, kesin \u00f6l\u00fcm nedeninin yap\u0131lacak otopsiden sonra belirlenece\u011fi bildirildi.<\/p>\n<p style=\"text-align: justify;\"><strong>SEVENLER\u0130 OTELE KO\u015eTU\u00a0<\/strong><\/p>\n<p style=\"text-align: justify;\">Di\u011fer yandan sanat\u00e7\u0131n\u0131n \u00f6l\u00fcm haberini alan sevenleri otele ak\u0131n etti. Ge\u00e7en y\u0131llarda Akdeniz \u00dcniversitesi\u2019nde \u00e7\u0131kan olaylara kar\u0131\u015ft\u0131\u011f\u0131 gazeteciler taraf\u0131ndan g\u00f6r\u00fcnt\u00fclenen \u00d6mer Ulusoy\u2019un da otele gelenler aras\u0131nda oldu\u011fu g\u00f6r\u00fcld\u00fc. Otel \u00f6n\u00fcnde bekleyen hayranlar\u0131, savc\u0131l\u0131k ve polis incelemesinin ard\u0131ndan Adli T\u0131p Kurumu morguna kald\u0131r\u0131lan B\u00fclb\u00fcl&#8217;\u00fcn tabutunu ta\u015f\u0131nmas\u0131na da yard\u0131m etti.<\/p>\n<p style=\"text-align: justify;\"><strong>SON R\u00d6PORTAJI OLDU\u00a0<\/strong><\/p>\n<p style=\"text-align: justify;\">Sanat\u00e7\u0131 Azer B\u00fclb\u00fcl, \u00f6nceki gece program\u0131ndan \u00f6nce yerel bir gazeteciyle yapt\u0131\u011f\u0131 s\u00f6yle\u015fide, &#8216;Antalya\u2019y\u0131 tercih etmemin nedeni de\u011ferli dostlar\u0131m, aile b\u00fcy\u00fcklerim oldu\u011fu i\u00e7in ve Antalya\u2019y\u0131 \u00e7ok be\u011fendi\u011fim i\u00e7in buraday\u0131m&#8217; demi\u015fti. \u015eimdiye kadar 21 kaset \u00e7\u0131karan Azer B\u00fclb\u00fcl &#8216;Duygular\u0131m&#8217; isimli son kasetinin m\u00fcjdesini vermi\u015fti.<\/p>\n<p style=\"text-align: justify;\"><a href=\"http:\/\/www.radikal.com.tr\/Radikal.aspx?aType=RadikalDetayV3&amp;ArticleID=1074838&amp;Date=07.01.2012&amp;CategoryID=79\" target=\"_blank\">Kaynak : Radikal.com.tr<\/a><\/p>\n","protected":false},"excerpt":{"rendered":"<p style=\"text-align: center;\">\n<p style=\"text-align: justify;\">Hayat\u0131n\u0131 kaybeden \u015fark\u0131c\u0131 Azer B\u00fclb\u00fcl hastaland\u0131\u011f\u0131nda yan\u0131nda bulunan kad\u0131n g\u00f6zalt\u0131na al\u0131nd\u0131. Kad\u0131n ifadesinde &#8216;Fenala\u015f\u0131nca korkup odadan ka\u00e7t\u0131m&#8217; dedi.<\/p>\n<p style=\"text-align: justify;\">ANTALYA &#8211; Azer B\u00fclb\u00fcl bir otel odas\u0131nda \u00f6l\u00fc bulundu. Sanat\u00e7\u0131n\u0131n \u00f6l\u00fcm\u00fc \u00fczerine polis, olay ile ilgili olarak soru\u015fturma ba\u015flatt\u0131. Sanat\u00e7\u0131 Azer B\u00fclb\u00fcl&#8217;\u00fcn \u00f6l\u00fc bulunmas\u0131yla ilgili bir \u015f\u00fcpheli g\u00f6zalt\u0131na al\u0131nd\u0131. <\/p>\n","protected":false},"author":1,"featured_media":0,"comment_status":"open","ping_status":"open","sticky":false,"template":"","format":"standard","meta":{"footnotes":""},"categories":[105],"tags":[636],"class_list":["post-45892","post","type-post","status-publish","format-standard","hentry","category-gundem","tag-azer-bulbul","odd"],"_links":{"self":[{"href":"http:\/\/www.korhanyilmaz.com\/index.php?rest_route=\/wp\/v2\/posts\/45892","targetHints":{"allow":["GET"]}}],"collection":[{"href":"http:\/\/www.korhanyilmaz.com\/index.php?rest_route=\/wp\/v2\/posts"}],"about":[{"href":"http:\/\/www.korhanyilmaz.com\/index.php?rest_route=\/wp\/v2\/types\/post"}],"author":[{"embeddable":true,"href":"http:\/\/www.korhanyilmaz.com\/index.php?rest_route=\/wp\/v2\/users\/1"}],"replies":[{"embeddable":true,"href":"http:\/\/www.korhanyilmaz.com\/index.php?rest_route=%2Fwp%2Fv2%2Fcomments&post=45892"}],"version-history":[{"count":0,"href":"http:\/\/www.korhanyilmaz.com\/index.php?rest_route=\/wp\/v2\/posts\/45892\/revisions"}],"wp:attachment":[{"href":"http:\/\/www.korhanyilmaz.com\/index.php?rest_route=%2Fwp%2Fv2%2Fmedia&parent=45892"}],"wp:term":[{"taxonomy":"category","embeddable":true,"href":"http:\/\/www.korhanyilmaz.com\/index.php?rest_route=%2Fwp%2Fv2%2Fcategories&post=45892"},{"taxonomy":"post_tag","embeddable":true,"href":"http:\/\/www.korhanyilmaz.com\/index.php?rest_route=%2Fwp%2Fv2%2Ftags&post=45892"}],"curies":[{"name":"wp","href":"https:\/\/api.w.org\/{rel}","templated":true}]}}