{"id":45885,"date":"2012-01-07T02:05:47","date_gmt":"2012-01-07T00:05:47","guid":{"rendered":"http:\/\/www.korhanyilmaz.com\/?p=45885"},"modified":"2012-01-07T10:29:02","modified_gmt":"2012-01-07T08:29:02","slug":"beni-148le-yargila","status":"publish","type":"post","link":"http:\/\/www.korhanyilmaz.com\/?p=45885","title":{"rendered":"Beni 148&#8217;le yarg\u0131la!"},"content":{"rendered":"<p style=\"text-align: center;\"><a href=\"http:\/\/www.korhanyilmaz.com\/wp-content\/uploads\/2012\/01\/8972.jpg\"  class=\"lightview\"><img loading=\"lazy\" decoding=\"async\" class=\"aligncenter  wp-image-45886\" src=\"http:\/\/www.korhanyilmaz.com\/wp-content\/uploads\/2012\/01\/8972.jpg\" alt=\"\" width=\"324\" height=\"216\" \/><\/a><\/p>\n<p style=\"text-align: justify;\">Ba\u015fbu\u011f&#8217;un sorgusunda s\u0131k s\u0131k sinirlendi\u011fi ve &#8220;Ben Genelkurmay Ba\u015fkan\u0131y\u0131m&#8221; dedi\u011fi \u00f6\u011frenildi. Avukat\u0131 Sezer de anayasan\u0131n 148. maddesine g\u00f6re, yarg\u0131laman\u0131n Y\u00fcce Divan&#8217;da olmas\u0131n\u0131 talep etti.<\/p>\n<p style=\"text-align: justify;\">\u0130STANBUL- Ter\u00f6r \u00f6rg\u00fct\u00fc y\u00f6neticili\u011fi ve darbe yapmaya te\u015febb\u00fcs iddias\u0131yla tutuklanan 26. Genelkurmay Ba\u015fkan\u0131 Orgeneral \u0130lker Ba\u015fbu\u011f\u2019un yedi saatlik sorgusunda sinirli bir \u015fekilde savunma yapt\u0131\u011f\u0131 \u00f6\u011frenildi.<!--more--><\/p>\n<p style=\"text-align: justify;\">Savc\u0131lar\u0131n sorular\u0131 kar\u015f\u0131s\u0131nda zaman zaman k\u0131zan Ba\u015fbu\u011f\u2019un, y\u00fcksek sesle, \u201cBen Genelkurmay Ba\u015fkan\u0131y\u0131m\u201d dedi\u011fi bildirildi. Ba\u015fbu\u011f\u2019un avukat\u0131 \u0130lkay Sezer, mahkemedeki sorguda m\u00fcvekkilinin Y\u00fcce Divan\u2019da yarg\u0131lanmas\u0131 gerekti\u011fini s\u00f6yledi. Sezer, \u201cAnayasada 148. madde de\u011fi\u015fikli\u011fi ile yarg\u0131lanman\u0131n Y\u00fcce Divan\u2019da yap\u0131lmas\u0131 ve dosyan\u0131n bu hali ile derhal oraya g\u00f6nderilmesi gerekti\u011fi kanaatindeyiz. G\u00f6reve ili\u015fkin itirazlar\u0131m\u0131z savc\u0131l\u0131\u011fa da en ba\u015fta iletilmi\u015ftir\u201d dedi. Ge\u00e7en per\u015fembe gecesi tutuklanan Ba\u015fbu\u011f\u2019un Cumhuriyet Savc\u0131l\u0131\u011f\u0131\u2019nda verdi\u011fi ifadenin ayr\u0131nt\u0131lar\u0131 ortaya \u00e7\u0131k\u0131yor. 7 saat s\u00fcren sorguda \u00d6zel Yetkili Cumhuriyet Savc\u0131s\u0131 Cihan Kans\u0131z, emekli orgenerale yakla\u015f\u0131k 50 soru y\u00f6neltti. Ba\u015fbu\u011f sorulara genellikle sert yan\u0131tlar verdi.<\/p>\n<p style=\"text-align: justify;\"><strong>Sorguda s\u0131k s\u0131k k\u0131zd\u0131<\/strong><\/p>\n<p style=\"text-align: justify;\">Ba\u015fbu\u011f\u2019a savc\u0131l\u0131kta y\u00f6neltilen sorular\u0131n ba\u015f\u0131nda T\u00fcrkiye Cumhuriyeti H\u00fck\u00fcmeti\u2019ni y\u0131kmak i\u00e7in \u00f6rg\u00fct kurmak ve y\u00f6netmek su\u00e7unu i\u015fleyip i\u015flemedi\u011fi geldi. Ba\u015fbu\u011f bu iddialara \u015fu yan\u0131t\u0131 verdi: \u201cBu su\u00e7u reddediyorum. Bu su\u00e7la itham edilen ki\u015fi TC Devleti\u2019nin 26. Genelkurmay Ba\u015fkan\u0131\u2019d\u0131r. Bunu tarihe not olarak d\u00fc\u015fmekte yarar g\u00f6r\u00fcyorum. Ben genelkurmay Ba\u015fkan\u0131 olarak TSK\u2019n\u0131n komutan\u0131y\u0131m ki bu T\u00fcrk Silahl\u0131 Kuvvetleri d\u00fcnyan\u0131n say\u0131l\u0131 g\u00fc\u00e7l\u00fc ordular\u0131ndan bir tanesidir. B\u00f6yle bir orduya komuta eden birisinin silahl\u0131 ter\u00f6r \u00f6rg\u00fct\u00fc kurmak ve y\u00f6netmek ile su\u00e7lanmas\u0131na ger\u00e7ekten trajikomik diyebiliriz.\u201d Siyasi iktidar taraf\u0131ndan Genelkurmay Ba\u015fkanl\u0131\u011f\u0131\u2019na atand\u0131\u011f\u0131n\u0131 ifade eden Ba\u015fbu\u011f, bu d\u00f6nemde Cumhurba\u015fkan\u0131 ve Ba\u015fbakan ile \u00e7ok kez \u00e7al\u0131\u015fmalar\u0131n\u0131n oldu\u011funu vurgulad\u0131.<\/p>\n<p style=\"text-align: justify;\"><strong>\u2018Siteleri ben kapatt\u0131m\u2019<\/strong><\/p>\n<p style=\"text-align: justify;\">\u0130nternet and\u0131c\u0131 davas\u0131n\u0131n temelini olu\u015fturan \u00e7ok say\u0131da internet sitesinin y\u00f6netiminden sorumlu oldu\u011fu iddias\u0131n\u0131 ise kesin dille reddeden Ba\u015fbu\u011f, s\u00f6z konusu siteler hakk\u0131nda kendisini savundu. Silivri Cezaevi\u2019nde tutuklu bulunan and\u0131\u00e7 san\u0131klar\u0131n\u0131n beyanlar\u0131nda \u201cAnd\u0131\u00e7 siteleri emir komuta zinciri\u201d alt\u0131nda yap\u0131ld\u0131 ifadelerinin tersine Ba\u015fbu\u011f, 42 internet sitesinin hukuka uygun olmad\u0131\u011f\u0131n\u0131 belirterek, kapatma karar\u0131 verildi\u011fini ifade etti. Ba\u015fbu\u011f, \u201c4 \u015eubat 2009 tarihinde bu internet siteleriyle ilgili olarak bir haber yay\u0131mland\u0131. Bu haber \u00fczerine konunun derhal incelenmesini istedik ve o haberlerde sadece site adresleri vard\u0131, herhangi bir i\u00e7erik yoktu. \u0130lk inceleme sonucunda \u015fekil ve teknik a\u00e7\u0131s\u0131ndan bu sitelerin kanuna uygun olmad\u0131\u011f\u0131 bilgisi bana verildi\u011finde ben bu siteleri kapatt\u0131rd\u0131m. Asl\u0131nda bana te\u015fekk\u00fcr edilmesi gerekir ki ben bu siteleri kapatt\u0131ran ki\u015fiyim\u201d diye konu\u015ftu.<\/p>\n<p style=\"text-align: justify;\"><strong>\u2018Boru\u2019 ifadesi soruldu<\/strong><\/p>\n<p style=\"text-align: justify;\">Ba\u015fbu\u011f\u2019a y\u00f6neltilen sorulardan bir di\u011feri de and\u0131\u00e7 belgesinin ak\u0131beti oldu. \u00dczerinde, \u201cSay\u0131n komutana arz\u201d ifadesinin yer ald\u0131\u011f\u0131 resmi belgenin Ba\u015fbu\u011f\u2019a ula\u015f\u0131p ula\u015fmad\u0131\u011f\u0131 da tart\u0131\u015fma konusu olmu\u015ftu. Savc\u0131, Ba\u015fbu\u011f\u2019a resmi belgedeki parafta yer alan \u2018Say\u0131n Komutan\u2019\u0131n kim oldu\u011funu sordu. Ba\u015fbu\u011f bu soru \u00fczerine, \u201c2. Ba\u015fkan taraf\u0131ndan \u2018Say\u0131n komutana arz\u2019 diye sunulan bir belge normal \u015fartlarda bana arz edilmesi gerekir. Ancak kesinlikle arz edilmedi. Arz edilmi\u015f olsa bir imza bir paraf mutlaka konulurdu\u201d yan\u0131t\u0131n\u0131 verdi. Ba\u015fbu\u011f\u2019a \u2018k\u00e2\u011f\u0131t par\u00e7as\u0131\u2019 ve \u2018boru\u2019 a\u00e7\u0131klamalar\u0131n\u0131n da soruldu\u011fu \u00f6\u011frenildi. Savc\u0131n\u0131n \u201cBu a\u00e7\u0131klamalardaki amac\u0131n\u0131z nedir?\u201d \u015feklinde soru y\u00f6neltti\u011fi \u00f6\u011frenildi. Ba\u015fbu\u011f\u2019un ise bu soruya kar\u015f\u0131l\u0131k, \u201cBen TSK\u2019n\u0131n ba\u015fkan\u0131yd\u0131m. Komutan olarak TSK\u2019ya moral vermek niyetinde yap\u0131lm\u0131\u015f a\u00e7\u0131klamad\u0131r\u201d dedi\u011fi ifade edildi.<\/p>\n<p style=\"text-align: justify;\"><strong>148. madde nedir?<\/strong><\/p>\n<p style=\"text-align: justify;\">\u201cCumhurba\u015fkan\u0131, TBMM Ba\u015fkan\u0131, Bakanlar Kurulu \u00fcyeleri, Anayasa Mahkemesi, Yarg\u0131tay, Dan\u0131\u015ftay, Asker\u00ee Yarg\u0131tay, Askeri Y\u00fcksek \u0130dare Mahkemesi ba\u015fkan ve \u00fcyeleri, ba\u015fsavc\u0131lar, cumhuriyet ba\u015fsavc\u0131 vekili, HSYK ve Say\u0131\u015ftay ba\u015fkan ve \u00fcyeleri g\u00f6revleriyle ilgili su\u00e7lardan dolay\u0131 Y\u00fcce Divan\u2019da yarg\u0131lan\u0131r. Genelkurmay Ba\u015fkan\u0131 ve kuvvet komutanlar\u0131 da Y\u00fcce Divan\u2019da yarg\u0131lan\u0131rlar.\u201d<\/p>\n<p style=\"text-align: justify;\"><strong>\u2018And\u0131\u00e7\u2019 davas\u0131 nedir?<\/strong><\/p>\n<p style=\"text-align: justify;\">\u2018\u0130rticayla M\u00fccadele Eylem Plan\u0131\u2019 belgesini savc\u0131lara g\u00f6nderen \u2018me\u00e7hul asker\u2019, Kas\u0131m 2009\u2019da elektronik posta yoluyla ikinci bir mektup yollam\u0131\u015f ve Genelkurmay\u2019\u0131n psikolojik harek\u00e2t faaliyetleri \u00e7er\u00e7evesinde 42 internet sitesi kurarak, \u2018kara propaganda\u2019 yapt\u0131\u011f\u0131n\u0131 belirtmi\u015fti. Bunun \u00fczerine and\u0131\u00e7 soru\u015fturmas\u0131 ba\u015flat\u0131ld\u0131. \u0130lker Ba\u015fbu\u011f da bu soru\u015fturma kapsam\u0131nda tutukland\u0131.<\/p>\n<p style=\"text-align: justify;\"><span style=\"color: #800000;\"><strong>Hukuk\u00e7ular ne diyor?<\/strong><\/span><\/p>\n<p style=\"text-align: justify;\"><strong>Ankara Barosu Ba\u015fkan\u0131 Metin Feyzio\u011flu<\/strong><\/p>\n<p style=\"text-align: justify;\">Anayasa gayet a\u00e7\u0131k de\u011fil mi, Genelkurmay Ba\u015fkan\u0131 olmas\u0131 nedeniyle Ba\u015fbu\u011f, Y\u00fcce Divan\u2019da yarg\u0131lan\u0131r. Y\u00fcce Divan\u2019da dava a\u00e7ma yetkisi de sadece Yarg\u0131tay Cumhuriyet Ba\u015fsavc\u0131l\u0131\u011f\u0131\u2019na aittir.<\/p>\n<p style=\"text-align: justify;\"><strong>Avukat Turgut Kazan<\/strong><\/p>\n<p style=\"text-align: justify;\">Anayasan\u0131n 148. maddesi gayet a\u00e7\u0131kt\u0131r. Genelkurmay Ba\u015fkan\u0131, g\u00f6reviyle ilgili su\u00e7lardan dolay\u0131, ancak Y\u00fcce Divan\u2019da yarg\u0131lanabilir. Dolay\u0131s\u0131yla, \u00d6zel Yetkili Mahkeme Genelkurmay Ba\u015fkan\u0131 i\u00e7in tutuklama karar\u0131 veremez.<\/p>\n<p style=\"text-align: justify;\"><strong>Eski Adalet Bakan\u0131 Hikmet Sami T\u00fcrk<\/strong><\/p>\n<p style=\"text-align: justify;\"><strong><\/strong>\u00a0Anayasada 12 Eyl\u00fcl 2010 g\u00fcn\u00fc referandum ile baz\u0131 de\u011fi\u015fiklikler yap\u0131ld\u0131. Genelkurmay ba\u015fkanlar\u0131 ve kuvvet komutanlar\u0131 i\u015fledikleri su\u00e7larda Y\u00fcce Divan\u2019da yarg\u0131lan\u0131r. G\u00f6revli \u0130stanbul \u00d6zel Yetkili Savc\u0131s\u0131 de\u011fil.<\/p>\n<p style=\"text-align: justify;\"><strong>\u0130stanbul Barosu Ba\u015fkan\u0131 \u00dcmit Kocasakal<\/strong><\/p>\n<p style=\"text-align: justify;\">Eski Genelkurmay Ba\u015fkan\u0131 \u0130lker Ba\u015fbu\u011f\u2019un i\u015fledi\u011fi iddia edilen su\u00e7 i\u015fgal etti\u011fi makam ve ona ba\u011fl\u0131 faaliyetler \u00e7er\u00e7evesinde o s\u0131rada i\u015flenmi\u015ftir. Su\u00e7lama darbeye te\u015febb\u00fcs etmek. Bu g\u00f6reviyle ilgili bir su\u00e7tur. Yarg\u0131 yeri Y\u00fcce Divan\u2019d\u0131r.<\/p>\n<p style=\"text-align: justify;\"><strong>TBMM Anayasa Komisyonu Ba\u015fkan\u0131 Burhan Kuzu<\/strong><\/p>\n<p style=\"text-align: justify;\">Eski Genelkurmay Ba\u015fkan\u0131 \u0130lker Ba\u015fbu\u011f hakk\u0131ndaki iddia \u2018g\u00f6revi olmayan bir i\u015f yapm\u0131\u015f olmas\u0131\u2019 olarak ifade ediliyor. Bu nedenle Y\u00fcce Divan\u2019da de\u011fil de \u00f6zel yetkili mahkemelerde yarg\u0131lanmas\u0131n\u0131n do\u011fru oldu\u011funu d\u00fc\u015f\u00fcn\u00fcyorum.<\/p>\n<p style=\"text-align: justify;\"><a href=\"http:\/\/www.radikal.com.tr\/Radikal.aspx?aType=RadikalDetayV3&amp;ArticleID=1074817&amp;Date=07.01.2012&amp;CategoryID=77\" target=\"_blank\">Kaynak : Radikal.com.tr<\/a><\/p>\n","protected":false},"excerpt":{"rendered":"<p style=\"text-align: center;\">\n<p style=\"text-align: justify;\">Ba\u015fbu\u011f&#8217;un sorgusunda s\u0131k s\u0131k sinirlendi\u011fi ve &#8220;Ben Genelkurmay Ba\u015fkan\u0131y\u0131m&#8221; dedi\u011fi \u00f6\u011frenildi. Avukat\u0131 Sezer de anayasan\u0131n 148. maddesine g\u00f6re, yarg\u0131laman\u0131n Y\u00fcce Divan&#8217;da olmas\u0131n\u0131 talep etti.<\/p>\n<p style=\"text-align: justify;\">\u0130STANBUL- Ter\u00f6r \u00f6rg\u00fct\u00fc y\u00f6neticili\u011fi ve darbe yapmaya te\u015febb\u00fcs iddias\u0131yla tutuklanan 26. Genelkurmay Ba\u015fkan\u0131 Orgeneral \u0130lker Ba\u015fbu\u011f\u2019un yedi saatlik sorgusunda sinirli bir \u015fekilde savunma yapt\u0131\u011f\u0131 <\/p>\n","protected":false},"author":1,"featured_media":0,"comment_status":"open","ping_status":"open","sticky":false,"template":"","format":"standard","meta":{"footnotes":""},"categories":[105],"tags":[],"class_list":["post-45885","post","type-post","status-publish","format-standard","hentry","category-gundem","odd"],"_links":{"self":[{"href":"http:\/\/www.korhanyilmaz.com\/index.php?rest_route=\/wp\/v2\/posts\/45885","targetHints":{"allow":["GET"]}}],"collection":[{"href":"http:\/\/www.korhanyilmaz.com\/index.php?rest_route=\/wp\/v2\/posts"}],"about":[{"href":"http:\/\/www.korhanyilmaz.com\/index.php?rest_route=\/wp\/v2\/types\/post"}],"author":[{"embeddable":true,"href":"http:\/\/www.korhanyilmaz.com\/index.php?rest_route=\/wp\/v2\/users\/1"}],"replies":[{"embeddable":true,"href":"http:\/\/www.korhanyilmaz.com\/index.php?rest_route=%2Fwp%2Fv2%2Fcomments&post=45885"}],"version-history":[{"count":0,"href":"http:\/\/www.korhanyilmaz.com\/index.php?rest_route=\/wp\/v2\/posts\/45885\/revisions"}],"wp:attachment":[{"href":"http:\/\/www.korhanyilmaz.com\/index.php?rest_route=%2Fwp%2Fv2%2Fmedia&parent=45885"}],"wp:term":[{"taxonomy":"category","embeddable":true,"href":"http:\/\/www.korhanyilmaz.com\/index.php?rest_route=%2Fwp%2Fv2%2Fcategories&post=45885"},{"taxonomy":"post_tag","embeddable":true,"href":"http:\/\/www.korhanyilmaz.com\/index.php?rest_route=%2Fwp%2Fv2%2Ftags&post=45885"}],"curies":[{"name":"wp","href":"https:\/\/api.w.org\/{rel}","templated":true}]}}