{"id":45881,"date":"2012-01-06T22:37:14","date_gmt":"2012-01-06T20:37:14","guid":{"rendered":"http:\/\/www.korhanyilmaz.com\/?p=45881"},"modified":"2012-01-07T10:22:31","modified_gmt":"2012-01-07T08:22:31","slug":"abdden-turkiyeye-basbug-cagrisi","status":"publish","type":"post","link":"http:\/\/www.korhanyilmaz.com\/?p=45881","title":{"rendered":"ABD&#8217;den T\u00fcrkiye&#8217;ye &#8216;Ba\u015fbu\u011f&#8217; \u00e7a\u011fr\u0131s\u0131"},"content":{"rendered":"<div id=\"attachment_45882\" style=\"width: 370px\" class=\"wp-caption aligncenter\"><a href=\"http:\/\/www.korhanyilmaz.com\/wp-content\/uploads\/2012\/01\/8971.jpg\"  class=\"lightview\"><img loading=\"lazy\" decoding=\"async\" aria-describedby=\"caption-attachment-45882\" class=\" wp-image-45882 \" src=\"http:\/\/www.korhanyilmaz.com\/wp-content\/uploads\/2012\/01\/8971.jpg\" alt=\"\" width=\"360\" height=\"239\" \/><\/a><p id=\"caption-attachment-45882\" class=\"wp-caption-text\">ABD D\u0131\u015fi\u015fleri Bakan\u0131 Hillary Clinton (solda) ve s\u00f6zc\u00fcs\u00fc Victoria Nuland<\/p><\/div>\n<p style=\"text-align: justify;\">T\u00fcrkiye&#8217;deki s\u00fcreci izlediklerini s\u00f6yleyen ABD D\u0131\u015fi\u015fleri Bakanl\u0131\u011f\u0131 S\u00f6zc\u00fcs\u00fc, &#8216;t\u00fcm san\u0131klar\u0131n uluslararas\u0131 standartlara uygun olarak adil bir s\u00fcrece tabi tutulmas\u0131 \u00e7a\u011fr\u0131s\u0131nda bulunduklar\u0131n\u0131&#8217; s\u00f6yledi.<\/p>\n<p style=\"text-align: justify;\">WASHINGTON &#8211; ABD D\u0131\u015fi\u015fleri Bakanl\u0131\u011f\u0131 S\u00f6zc\u00fcs\u00fc Victoria Nuland, eski Genelkurmay Ba\u015fkan\u0131 emekli Orgeneral \u0130lker Ba\u015fbu\u011f&#8217;un tutuklanmas\u0131yla ilgili geli\u015fmeleri izlediklerini belirterek, T\u00fcrk h\u00fck\u00fcmetine, bu s\u00fcre\u00e7teki davalarla ilgili inceleme ve adli kovu\u015fturmalar\u0131n \u015feffaf bi\u00e7imde ilerlemesi ve t\u00fcm san\u0131klar\u0131n uluslararas\u0131 standartlara uygun olarak adil bir s\u00fcrece tabi tutulmas\u0131 \u00e7a\u011fr\u0131s\u0131nda bulunduklar\u0131n\u0131 s\u00f6yledi.\u00a0<!--more--><\/p>\n<p style=\"text-align: justify;\">Nuland, g\u00fcnl\u00fck bas\u0131n brifinginde konuyla ilgili bir soru \u00fczerine, \u201cBu konuyla ilgili geli\u015fmeleri de tabii ki takip ediyoruz. Devam etmekte olan &#8216;Ergenekon&#8217; davas\u0131ndaki epey y\u00fcksek profilli bir dava. T\u00fcrk h\u00fck\u00fcmetine, bu davalarla ilgili inceleme ve adli kovu\u015fturmalar\u0131n \u015feffaf bi\u00e7imde ilerlemesi ve t\u00fcm san\u0131klar\u0131n uluslararas\u0131 standartlara uygun olarak adil bir s\u00fcrece tabi tutulmas\u0131n\u0131n sa\u011flanmas\u0131 \u00e7a\u011fr\u0131s\u0131nda bulunduk. Bu tabii ki, eski Genelkurmay Ba\u015fkan\u0131 (emekli Orgeneral \u0130lker Ba\u015fbu\u011f) i\u00e7in de ge\u00e7erli olmal\u0131\u201d diye konu\u015ftu.<\/p>\n<p style=\"text-align: justify;\">\u201cT\u00fcrk h\u00fck\u00fcmetine ne zaman \u00e7a\u011fr\u0131da bulundunuz? Bug\u00fcn m\u00fc?\u201d y\u00f6n\u00fcndeki bir soru \u00fczerine Nuland, \u201cBu davalar\u0131n ilk ba\u015flang\u0131c\u0131ndan beri bu \u00e7a\u011fr\u0131lar\u0131m\u0131z\u0131 yapmaktay\u0131z. Spesifik bir detay\u0131m yok ama b\u00fcy\u00fckel\u00e7i\u011fin (ABD&#8217;nin Ankara B\u00fcy\u00fckel\u00e7ili\u011fi) bu t\u00fcr giri\u015fimleri son g\u00fcnlerde T\u00fcrk h\u00fck\u00fcmeti nezdinde yapt\u0131\u011f\u0131na eminim\u201d dedi.<\/p>\n<p style=\"text-align: justify;\">Nuland, \u201cAld\u0131\u011f\u0131n\u0131z yan\u0131tlara ili\u015fkin bir yorum yapabilir misiniz?\u201d sorusunu ise, \u201cT\u00fcrk h\u00fck\u00fcmetinin, bu konuyu yak\u0131ndan takip etti\u011fimizi ve T\u00fcrk anayasas\u0131na, uluslararas\u0131 standartlara uyuldu\u011funu g\u00f6rmek istedi\u011fimizi bildi\u011fini d\u00fc\u015f\u00fcn\u00fcyorum\u201d diye yan\u0131tlad\u0131.<\/p>\n<p style=\"text-align: justify;\"><a href=\"http:\/\/www.radikal.com.tr\/Radikal.aspx?aType=RadikalDetayV3&amp;ArticleID=1074798&amp;Date=07.01.2012&amp;CategoryID=81\" target=\"_blank\">Kaynak : Radikal.com.tr<\/a><\/p>\n","protected":false},"excerpt":{"rendered":"<p id=\"caption-attachment-45882\" class=\"wp-caption-text\">ABD D\u0131\u015fi\u015fleri Bakan\u0131 Hillary Clinton (solda) ve s\u00f6zc\u00fcs\u00fc Victoria Nuland<\/p>\n<p style=\"text-align: justify;\">T\u00fcrkiye&#8217;deki s\u00fcreci izlediklerini s\u00f6yleyen ABD D\u0131\u015fi\u015fleri Bakanl\u0131\u011f\u0131 S\u00f6zc\u00fcs\u00fc, &#8216;t\u00fcm san\u0131klar\u0131n uluslararas\u0131 standartlara uygun olarak adil bir s\u00fcrece tabi tutulmas\u0131 \u00e7a\u011fr\u0131s\u0131nda bulunduklar\u0131n\u0131&#8217; s\u00f6yledi.<\/p>\n<p style=\"text-align: justify;\">WASHINGTON &#8211; ABD D\u0131\u015fi\u015fleri Bakanl\u0131\u011f\u0131 S\u00f6zc\u00fcs\u00fc Victoria Nuland, eski Genelkurmay Ba\u015fkan\u0131 emekli Orgeneral \u0130lker Ba\u015fbu\u011f&#8217;un tutuklanmas\u0131yla ilgili <\/p>\n","protected":false},"author":1,"featured_media":0,"comment_status":"open","ping_status":"open","sticky":false,"template":"","format":"standard","meta":{"footnotes":""},"categories":[105],"tags":[],"class_list":["post-45881","post","type-post","status-publish","format-standard","hentry","category-gundem","odd"],"_links":{"self":[{"href":"http:\/\/www.korhanyilmaz.com\/index.php?rest_route=\/wp\/v2\/posts\/45881","targetHints":{"allow":["GET"]}}],"collection":[{"href":"http:\/\/www.korhanyilmaz.com\/index.php?rest_route=\/wp\/v2\/posts"}],"about":[{"href":"http:\/\/www.korhanyilmaz.com\/index.php?rest_route=\/wp\/v2\/types\/post"}],"author":[{"embeddable":true,"href":"http:\/\/www.korhanyilmaz.com\/index.php?rest_route=\/wp\/v2\/users\/1"}],"replies":[{"embeddable":true,"href":"http:\/\/www.korhanyilmaz.com\/index.php?rest_route=%2Fwp%2Fv2%2Fcomments&post=45881"}],"version-history":[{"count":0,"href":"http:\/\/www.korhanyilmaz.com\/index.php?rest_route=\/wp\/v2\/posts\/45881\/revisions"}],"wp:attachment":[{"href":"http:\/\/www.korhanyilmaz.com\/index.php?rest_route=%2Fwp%2Fv2%2Fmedia&parent=45881"}],"wp:term":[{"taxonomy":"category","embeddable":true,"href":"http:\/\/www.korhanyilmaz.com\/index.php?rest_route=%2Fwp%2Fv2%2Fcategories&post=45881"},{"taxonomy":"post_tag","embeddable":true,"href":"http:\/\/www.korhanyilmaz.com\/index.php?rest_route=%2Fwp%2Fv2%2Ftags&post=45881"}],"curies":[{"name":"wp","href":"https:\/\/api.w.org\/{rel}","templated":true}]}}