{"id":45877,"date":"2012-01-06T16:05:56","date_gmt":"2012-01-06T14:05:56","guid":{"rendered":"http:\/\/www.korhanyilmaz.com\/?p=45877"},"modified":"2012-01-07T00:35:53","modified_gmt":"2012-01-06T22:35:53","slug":"vahim-bir-durum","status":"publish","type":"post","link":"http:\/\/www.korhanyilmaz.com\/?p=45877","title":{"rendered":"&#8220;Vahim bir durum&#8221;"},"content":{"rendered":"<p style=\"text-align: center;\"><a href=\"http:\/\/www.korhanyilmaz.com\/wp-content\/uploads\/2012\/01\/8970.jpg\"  class=\"lightview\"><img loading=\"lazy\" decoding=\"async\" class=\"aligncenter  wp-image-45878\" src=\"http:\/\/www.korhanyilmaz.com\/wp-content\/uploads\/2012\/01\/8970.jpg\" alt=\"\" width=\"396\" height=\"180\" \/><\/a><\/p>\n<p style=\"text-align: justify;\">MHP lideri Bah\u00e7eli, \u0130lker Ba\u015fbu\u011f&#8217;un tutuklanmas\u0131n\u0131 &#8220;vahim&#8221; olarak nitelendirerek, &#8220;Art\u0131k iyice \u015firazesinden \u00e7\u0131kan darbe soru\u015fturma ve iddialar\u0131n\u0131n nerede duraca\u011f\u0131 ve kimleri kapsam\u0131na alaca\u011f\u0131 belirsiz ve \u015faibeli bir duruma gelmi\u015ftir&#8221; dedi.<!--more--><\/p>\n<p style=\"text-align: justify;\">ANKARA &#8211; MHP Genel Ba\u015fkan\u0131 Devlet Bah\u00e7eli, Eski Genelkurmay Ba\u015fkan\u0131 Emekli Orgeneral \u0130lker Ba\u015fbu\u011f&#8217;un tutuklanmas\u0131n\u0131 &#8221;vahim&#8221; olarak nitelendirerek, &#8221;Art\u0131k iyice \u015firazesinden \u00e7\u0131kan darbe soru\u015fturma ve iddialar\u0131n\u0131n nerede duraca\u011f\u0131 ve kimleri kapsam\u0131na alaca\u011f\u0131 belirsiz ve \u015faibeli bir duruma gelmi\u015ftir&#8221; iddias\u0131nda bulundu.<\/p>\n<p style=\"text-align: justify;\">Bah\u00e7eli, yapt\u0131\u011f\u0131 yaz\u0131l\u0131 a\u00e7\u0131klamada, Ba\u015fbu\u011f&#8217;un tutuklanmas\u0131n\u0131 T\u00fcrkiye&#8217;nin kar\u015f\u0131la\u015ft\u0131\u011f\u0131 en \u00f6nemli sorunlardan birisi oldu\u011funu savunarak, \u015funlar\u0131 kaydetti:<\/p>\n<p style=\"text-align: justify;\">&#8221;Eski Genelkurmay Ba\u015fkan\u0131 Emekli Orgeneral \u0130lker Ba\u015fbu\u011f&#8217;un internet and\u0131c\u0131 isimli darbe plan ve haz\u0131rl\u0131\u011f\u0131 kapsam\u0131nda tutuklanmas\u0131 T\u00fcrkiye&#8217;nin kar\u015f\u0131la\u015ft\u0131\u011f\u0131 en \u00f6nemli sorunlar\u0131ndan birisi olmu\u015ftur. T\u00fcrk Silahl\u0131 Kuvvetleri komuta kademesinin zirvesinde iki y\u0131l g\u00f6rev yapan bir \u015fahsiyetin, ter\u00f6r \u00f6rg\u00fct\u00fc kurmaktan ve y\u00f6netmekten dolay\u0131 b\u00f6ylesi bir yapt\u0131r\u0131ma maruz kalmas\u0131 \u00e7ok vahim bir hadise olarak g\u00fcndeme damgas\u0131n\u0131 vurmu\u015ftur.<\/p>\n<p style=\"text-align: justify;\">Elbette su\u00e7u kesinle\u015fmeden hi\u00e7 kimseye su\u00e7lu muamelesi yap\u0131lamayaca\u011f\u0131 y\u00fcr\u00fcrl\u00fckteki hukuk kaidelerinden birisi ve \u00f6n \u00f6nemlilerindendir. Masumiyet karinesi esas al\u0131narak tutuklulu\u011fun hak kay\u0131plar\u0131na ortam haz\u0131rlamamas\u0131, pe\u015fin h\u00fck\u00fcmler ve \u00f6n yarg\u0131lar\u0131n s\u00fcrecin y\u00f6n\u00fcn\u00fc ve i\u00e7eri\u011fini tayin etmemesi esas olmal\u0131d\u0131r. Art\u0131k iyice \u015firazesinden \u00e7\u0131kan darbe soru\u015fturma ve iddialar\u0131n\u0131n nerede duraca\u011f\u0131 ve kimleri kapsam\u0131na alaca\u011f\u0131 belirsiz ve \u015faibeli bir duruma gelmi\u015ftir.&#8221;<\/p>\n<p style=\"text-align: justify;\">&#8221;Uzayan mahkeme safahatlar\u0131n\u0131n hala bir sonuca ula\u015famamas\u0131, ger\u00e7ek anlamda darbeci ya da darbe niyetli ki\u015filerin sa\u011fl\u0131kl\u0131 ve tarafs\u0131z bir \u015fekilde ay\u0131klanamamas\u0131 b\u00fcy\u00fck bir karamsarl\u0131k ve karga\u015fa ortam\u0131na davetiye \u00e7\u0131karmaktad\u0131r&#8221; iddias\u0131nda bulunan Bah\u00e7eli, a\u00e7\u0131klamas\u0131nda \u015funlar\u0131 kaydetti:<\/p>\n<p style=\"text-align: justify;\">&#8221;Milliyet\u00e7i Hareket Partisi, AKP&#8217;nin m\u00fcdahale ve tesiriyle iyice siyasile\u015fen yarg\u0131 s\u00fcre\u00e7lerinden son derece rahats\u0131z olup, \u00f6n\u00fcne gelenin ter\u00f6r \u00f6rg\u00fct\u00fc kurmakla itham edilmesini \u00e7ok tehlikeli ve marazi bir geli\u015fme olarak g\u00f6rmektedir.<\/p>\n<p style=\"text-align: justify;\">B\u00f6l\u00fcc\u00fc ter\u00f6rle m\u00fccadelede e\u015fsiz kahramanl\u0131klar sergileyen TSK&#8217;n\u0131n en \u00fcst mevkilerinde bulunmu\u015f komutanlar\u0131 ter\u00f6r ve \u00f6rg\u00fct kavramlar\u0131yla ili\u015fkilendirmek ve as\u0131l fail gibi sunmak ay\u0131p ve vebal olarak AKP&#8217;nin lekeli siciline eklenecektir. TSK&#8217;n\u0131n ve mensuplar\u0131n\u0131n ter\u00f6r \u00f6rg\u00fct\u00fc kurman\u0131n \u00fcss\u00fc olarak takdim edilmesi, \u00f6n\u00fc al\u0131namayacak kriz ve kaoslara meydan verecektir.&#8221;<\/p>\n<p style=\"text-align: justify;\">Yarg\u0131 s\u00fcre\u00e7lerinin bir an \u00f6nce sonu\u00e7lanmas\u0131n\u0131 isteyen Bah\u00e7eli, \u015f\u00f6yle devam etti:<\/p>\n<p style=\"text-align: justify;\">&#8221;T\u00fcrkiye bu sanc\u0131l\u0131, sisli ve puslu s\u00fcre\u00e7ten s\u00fcratle \u00e7\u0131kmal\u0131 ve ger\u00e7ek anlamda bir normalle\u015fmeye kavu\u015fmal\u0131d\u0131r. Bununla birlikte aziz milletimiz i\u015fleyen yarg\u0131 s\u00fcre\u00e7lerinin sonu\u00e7lanmas\u0131n\u0131 ve adaletin ortaya \u00e7\u0131kar\u0131lmas\u0131n\u0131 acilen beklemektedir.<\/p>\n<p style=\"text-align: justify;\">Herkes bundan b\u00f6yle elini vicdan\u0131na koyup d\u00fc\u015f\u00fcnmelidir: Ter\u00f6r \u00fcretti\u011fi su\u00e7lamas\u0131na maruz kalan ve h\u00fck\u00fcmeti devirme planlar\u0131n\u0131n merkez \u00fcss\u00fc haline geldi\u011fiyle itham edilen TSK&#8217;n\u0131n; milletimizin, son yurdumuzdaki g\u00fcvenli\u011fini, birli\u011fini ve bekas\u0131n\u0131 nas\u0131l sa\u011flayaca\u011f\u0131 iyi analiz edilmeli ve ahlakl\u0131 bir muhasebesi yap\u0131lmal\u0131d\u0131r.<\/p>\n<p style=\"text-align: justify;\">AKP H\u00fck\u00fcmeti, meseleyi kendi kin ve geleneksel \u00f6fkesi \u00e7er\u00e7evesinde g\u00f6rmekten uzakla\u015fmad\u0131\u011f\u0131 s\u00fcrece ihtilaflar ve ayr\u0131l\u0131klar kemikle\u015fecek, T\u00fcrkiye b\u00fcy\u00fck bir tuza\u011f\u0131n i\u00e7ine \u00e7ekilecektir. \u00d6ncelikle bu buhranl\u0131 s\u00fcrece son verilmesi ve geciken adaletin adalet olmad\u0131\u011f\u0131n\u0131 herkesin, bilhassa AKP H\u00fck\u00fcmeti&#8217;nin anlamas\u0131 b\u00fcy\u00fck bir gereklilik ve aciliyet haline gelmi\u015ftir.&#8221;<\/p>\n<p style=\"text-align: justify;\"><strong>AKLISEL\u0130M\u0130N TERC\u0130H ED\u0130LMES\u0130<\/strong><\/p>\n<p style=\"text-align: justify;\">&#8221;Milliyet\u00e7i Hareket Partisi, k\u00f6kle\u015fen s\u0131k\u0131nt\u0131 ve sorun yuma\u011f\u0131ndan \u00e7\u0131k\u0131lmas\u0131 i\u00e7in akl\u0131selimin tercih edilmesinde ve tarafs\u0131z bir bak\u0131\u015f\u0131n hakim olmas\u0131nda sonsuz yararlar g\u00f6rmektedir&#8221; ifadesini kullanan Bah\u00e7eli, a\u00e7\u0131klamas\u0131nda \u015fu g\u00f6r\u00fc\u015flere yer verdi:<\/p>\n<p style=\"text-align: justify;\">&#8221;Unutulmamal\u0131d\u0131r ki konumu ve g\u00f6revi ne olursa olsun, hi\u00e7 kimsenin T\u00fcrk Silahl\u0131 Kuvvetlerinin \u015ferefli mensuplar\u0131n\u0131 ter\u00f6r \u00f6rg\u00fct\u00fc \u00fcyesi ya da y\u00f6neticisi gibi g\u00f6stermeye hakk\u0131 ve haddi yoktur.<\/p>\n<p style=\"text-align: justify;\">Etnik ter\u00f6rle ba\u015far\u0131l\u0131, etkili ve kahramanca m\u00fccadele veren TSK&#8217;ya aziz milletimiz i\u00e7tenlikle destek olmakta ve ba\u011fr\u0131na basmaktad\u0131r. Bilinmelidir ki T\u00fcrk ordusunu ter\u00f6rle ayn\u0131 kategoriye sokanlar b\u00f6l\u00fcc\u00fc emellere katk\u0131 verdiklerini ve hain hedeflerine hizmet ettiklerini asla unutmamal\u0131d\u0131rlar. \u015eayet ter\u00f6r\u00fcn kanl\u0131 ortaklar\u0131, i\u015fbirlik\u00e7ileri ve karanl\u0131k y\u00fczleri g\u00f6r\u00fclmek isteniyorsa Kandil&#8217;e, \u0130mral\u0131&#8217;ya, siyasi b\u00f6l\u00fcc\u00fclere ve Irak&#8217;\u0131n kuzeyine bak\u0131lmas\u0131 yerinde olacakt\u0131r.&#8221;<\/p>\n<p style=\"text-align: justify;\"><a href=\"http:\/\/www.gazeteport.com.tr\/haber\/72344\/vahim_bir_durum\" target=\"_blank\">Kaynak : GAZETEPORT<\/a><\/p>\n","protected":false},"excerpt":{"rendered":"<p style=\"text-align: center;\">\n<p style=\"text-align: justify;\">MHP lideri Bah\u00e7eli, \u0130lker Ba\u015fbu\u011f&#8217;un tutuklanmas\u0131n\u0131 &#8220;vahim&#8221; olarak nitelendirerek, &#8220;Art\u0131k iyice \u015firazesinden \u00e7\u0131kan darbe soru\u015fturma ve iddialar\u0131n\u0131n nerede duraca\u011f\u0131 ve kimleri kapsam\u0131na alaca\u011f\u0131 belirsiz ve \u015faibeli bir duruma gelmi\u015ftir&#8221; dedi.<\/p>\n","protected":false},"author":1,"featured_media":0,"comment_status":"open","ping_status":"open","sticky":false,"template":"","format":"standard","meta":{"footnotes":""},"categories":[105],"tags":[],"class_list":["post-45877","post","type-post","status-publish","format-standard","hentry","category-gundem","odd"],"_links":{"self":[{"href":"http:\/\/www.korhanyilmaz.com\/index.php?rest_route=\/wp\/v2\/posts\/45877","targetHints":{"allow":["GET"]}}],"collection":[{"href":"http:\/\/www.korhanyilmaz.com\/index.php?rest_route=\/wp\/v2\/posts"}],"about":[{"href":"http:\/\/www.korhanyilmaz.com\/index.php?rest_route=\/wp\/v2\/types\/post"}],"author":[{"embeddable":true,"href":"http:\/\/www.korhanyilmaz.com\/index.php?rest_route=\/wp\/v2\/users\/1"}],"replies":[{"embeddable":true,"href":"http:\/\/www.korhanyilmaz.com\/index.php?rest_route=%2Fwp%2Fv2%2Fcomments&post=45877"}],"version-history":[{"count":0,"href":"http:\/\/www.korhanyilmaz.com\/index.php?rest_route=\/wp\/v2\/posts\/45877\/revisions"}],"wp:attachment":[{"href":"http:\/\/www.korhanyilmaz.com\/index.php?rest_route=%2Fwp%2Fv2%2Fmedia&parent=45877"}],"wp:term":[{"taxonomy":"category","embeddable":true,"href":"http:\/\/www.korhanyilmaz.com\/index.php?rest_route=%2Fwp%2Fv2%2Fcategories&post=45877"},{"taxonomy":"post_tag","embeddable":true,"href":"http:\/\/www.korhanyilmaz.com\/index.php?rest_route=%2Fwp%2Fv2%2Ftags&post=45877"}],"curies":[{"name":"wp","href":"https:\/\/api.w.org\/{rel}","templated":true}]}}