{"id":45873,"date":"2012-01-06T09:45:03","date_gmt":"2012-01-06T07:45:03","guid":{"rendered":"http:\/\/www.korhanyilmaz.com\/?p=45873"},"modified":"2012-01-06T21:52:16","modified_gmt":"2012-01-06T19:52:16","slug":"nagehan-alci-siradaki-iki-ismi-acikladi","status":"publish","type":"post","link":"http:\/\/www.korhanyilmaz.com\/?p=45873","title":{"rendered":"Nagehan Al\u00e7\u0131, s\u0131radaki iki ismi a\u00e7\u0131klad\u0131"},"content":{"rendered":"<p style=\"text-align: center;\"><a href=\"http:\/\/www.korhanyilmaz.com\/wp-content\/uploads\/2012\/01\/8969.jpg\"  class=\"lightview\"><img loading=\"lazy\" decoding=\"async\" class=\"aligncenter  wp-image-45874\" src=\"http:\/\/www.korhanyilmaz.com\/wp-content\/uploads\/2012\/01\/8969.jpg\" alt=\"\" width=\"312\" height=\"206\" \/><\/a><\/p>\n<p style=\"text-align: justify;\">Eski Genelkurmay Ba\u015fkan\u0131 \u0130lker Ba\u015fbu\u011f\u2019un mahkemeye sevikinin ard\u0131ndan \u2018tutuklu yarg\u0131lanmal\u0131\u2019 diyen Nagehan Al\u00e7\u0131, iki isim i\u00e7in daha \u2018mutlaka tutuklanmal\u0131\u2019 dedi.<\/p>\n<p style=\"text-align: justify;\">Genelkurmay Eski Ba\u015fkan\u0131 emekli Orgeneral \u0130lker Ba\u015fbu\u011f tutukland\u0131. Cumhuriyet tarihinde ilk kez eski bir genelkurmay ba\u015fkan\u0131 tutukland\u0131.\u00a0<!--more--><\/p>\n<p style=\"text-align: justify;\"><strong>NAGEHAN AL\u00c7I \u0130K\u0130 \u0130SM\u0130 DAHA VERD\u0130<\/strong><\/p>\n<p style=\"text-align: justify;\">\u0130lker Ba\u015fbu\u011f\u2019un tutuklanma talebi ile N\u00f6bet\u00e7i \u0130stanbul 12. A\u011f\u0131r Ceza Mahkemesi\u2019ne sevk edildi\u011fi saatlerde CNN T\u00fcrk\u2019te yay\u0131nlanan \u2018D\u00f6rt Bir Taraf\u2019 program\u0131nda Nagehan Al\u00e7\u0131 ilgin\u00e7 a\u00e7\u0131klamalarda bulundu.<\/p>\n<p style=\"text-align: justify;\">Ba\u015fbu\u011f\u2019un tutuklama talebi ile mahkemeye sevk edilmesinin sevindirici bir durum oldu\u011funu s\u00f6yleyen Al\u00e7\u0131, \u201cBence \u0130lker Ba\u015fbu\u011f tutuklanmal\u0131d\u0131r. Ayr\u0131ca Ya\u015far B\u00fcy\u00fckan\u0131t ve Abdurrahman Yal\u00e7\u0131nkaya da bana g\u00f6re tutuklanmal\u0131d\u0131r\u201d dedi.<\/p>\n<p style=\"text-align: justify;\">Al\u00e7\u0131\u2019n\u0131n bu s\u00f6zleri s\u00f6ylemesinin \u00fczerinden yakla\u015f\u0131k 2 saat sonra Ba\u015fbu\u011f\u2019un tutuklanmas\u0131 \u00fczerine, &#8220;S\u0131ra B\u00fcy\u00fckan\u0131t ve Yal\u00e7\u0131nkaya\u2019da m\u0131?\u201d sorusu ak\u0131llara geldi.<\/p>\n<p style=\"text-align: justify;\">Eski Genelkurmay Ba\u015fkan\u0131 emekli Orgeneral Ya\u015far B\u00fcy\u00fckan\u0131t, kamuoyu taraf\u0131ndan \u2018e-muht\u0131ra\u2019 olarak adland\u0131r\u0131lan 27 Nisan e-bildirisini kaleme alm\u0131\u015ft\u0131.<\/p>\n<p style=\"text-align: justify;\">Yarg\u0131tay Eski Ba\u015fsavc\u0131s\u0131 Abdurrahman Yal\u00e7\u0131nkaya ise AK Parti hakk\u0131nda kapatma davas\u0131 a\u00e7m\u0131\u015ft\u0131.<\/p>\n<p style=\"text-align: justify;\">[flv]http:\/\/www.focushaber.com\/video_dosya\/flv\/sira-buyukanit-ve-yalcinkaya-da-mi&#8211;12896.mp4[\/flv]<\/p>\n<p style=\"text-align: justify;\"><a href=\"http:\/\/focushaber.com\/nagehan-alci-siradaki-iki-ismi-acikladi-h-101217.html\" target=\"_blank\">Kaynak :\u00a0focushaber.com<\/a><\/p>\n","protected":false},"excerpt":{"rendered":"<p style=\"text-align: center;\">\n<p style=\"text-align: justify;\">Eski Genelkurmay Ba\u015fkan\u0131 \u0130lker Ba\u015fbu\u011f\u2019un mahkemeye sevikinin ard\u0131ndan \u2018tutuklu yarg\u0131lanmal\u0131\u2019 diyen Nagehan Al\u00e7\u0131, iki isim i\u00e7in daha \u2018mutlaka tutuklanmal\u0131\u2019 dedi.<\/p>\n<p style=\"text-align: justify;\">Genelkurmay Eski Ba\u015fkan\u0131 emekli Orgeneral \u0130lker Ba\u015fbu\u011f tutukland\u0131. Cumhuriyet tarihinde ilk kez eski bir genelkurmay ba\u015fkan\u0131 tutukland\u0131. <\/p>\n","protected":false},"author":1,"featured_media":0,"comment_status":"open","ping_status":"open","sticky":false,"template":"","format":"standard","meta":{"footnotes":""},"categories":[105],"tags":[],"class_list":["post-45873","post","type-post","status-publish","format-standard","hentry","category-gundem","odd"],"_links":{"self":[{"href":"http:\/\/www.korhanyilmaz.com\/index.php?rest_route=\/wp\/v2\/posts\/45873","targetHints":{"allow":["GET"]}}],"collection":[{"href":"http:\/\/www.korhanyilmaz.com\/index.php?rest_route=\/wp\/v2\/posts"}],"about":[{"href":"http:\/\/www.korhanyilmaz.com\/index.php?rest_route=\/wp\/v2\/types\/post"}],"author":[{"embeddable":true,"href":"http:\/\/www.korhanyilmaz.com\/index.php?rest_route=\/wp\/v2\/users\/1"}],"replies":[{"embeddable":true,"href":"http:\/\/www.korhanyilmaz.com\/index.php?rest_route=%2Fwp%2Fv2%2Fcomments&post=45873"}],"version-history":[{"count":0,"href":"http:\/\/www.korhanyilmaz.com\/index.php?rest_route=\/wp\/v2\/posts\/45873\/revisions"}],"wp:attachment":[{"href":"http:\/\/www.korhanyilmaz.com\/index.php?rest_route=%2Fwp%2Fv2%2Fmedia&parent=45873"}],"wp:term":[{"taxonomy":"category","embeddable":true,"href":"http:\/\/www.korhanyilmaz.com\/index.php?rest_route=%2Fwp%2Fv2%2Fcategories&post=45873"},{"taxonomy":"post_tag","embeddable":true,"href":"http:\/\/www.korhanyilmaz.com\/index.php?rest_route=%2Fwp%2Fv2%2Ftags&post=45873"}],"curies":[{"name":"wp","href":"https:\/\/api.w.org\/{rel}","templated":true}]}}