{"id":45861,"date":"2012-01-06T17:35:01","date_gmt":"2012-01-06T15:35:01","guid":{"rendered":"http:\/\/www.korhanyilmaz.com\/?p=45861"},"modified":"2012-01-06T17:48:43","modified_gmt":"2012-01-06T15:48:43","slug":"basbug-tek-kisilik-kogusta-kaliyor","status":"publish","type":"post","link":"http:\/\/www.korhanyilmaz.com\/?p=45861","title":{"rendered":"Ba\u015fbu\u011f tek ki\u015filik ko\u011fu\u015fta kal\u0131yor!"},"content":{"rendered":"<p style=\"text-align: center;\"><a href=\"http:\/\/www.korhanyilmaz.com\/wp-content\/uploads\/2012\/01\/8966.jpg\"  class=\"lightview\"><img loading=\"lazy\" decoding=\"async\" class=\"aligncenter  wp-image-45862\" src=\"http:\/\/www.korhanyilmaz.com\/wp-content\/uploads\/2012\/01\/8966.jpg\" alt=\"\" width=\"343\" height=\"266\" \/><\/a><\/p>\n<p style=\"text-align: justify;\">\u0130nternet and\u0131c\u0131 soru\u015fturmas\u0131 kapsam\u0131nda tutuklanan eski Genelkurmay Ba\u015fkan\u0131 Emekli Orgeneral \u0130lker Ba\u015fbu\u011f&#8217;un, yerle\u015ftirildi\u011fi Silivri 5 nolu cezaevinde tek ki\u015filik ge\u00e7ici ko\u011fu\u015fta kald\u0131\u011f\u0131 \u00f6\u011frenildi.<\/p>\n<p style=\"text-align: justify;\">Ba\u015fbu\u011f&#8217;un avukat\u0131 olan \u0130lkay Sezer, Ba\u015fbu\u011f&#8217;u o\u011flu ve k\u0131z\u0131n\u0131n ziyarete geldi\u011fini s\u00f6yledi.<!--more--><\/p>\n<p style=\"text-align: justify;\">\u0130lkay, Ba\u015fbu\u011f&#8217;un psikolojik durumunun gayet iyi oldu\u011funu belirtirken, mahkemenin Yetkili \u0130stanbul Cumhuriyet Ba\u015fsavc\u0131l\u0131\u011f\u0131&#8217;na su\u00e7 duyurusunda bulunulmas\u0131 i\u00e7in yaza yazma karar\u0131 ald\u0131\u011f\u0131 ilk g\u00fcn kendisini arayarak, &#8220;Savc\u0131lara ilk f\u0131rsatta gelip ifade vermek iste\u011fimi s\u00f6yle&#8221; dedi\u011fini ifade etti.<\/p>\n<p style=\"text-align: justify;\">Bu arada cezaevindeki ziyaret prosed\u00fcr\u00fcne g\u00f6re Ba\u015fbu\u011f&#8217;u, ailesi ve yak\u0131n akrabalar\u0131 ziyaret edebilecek. Ayr\u0131ca Ba\u015fbu\u011f, g\u00f6r\u00fc\u015fmek istedi\u011fi 3 ki\u015finin ad\u0131n\u0131 cezaevi yetkililerine bildirmesi halinde bu ki\u015filerle de g\u00f6r\u00fc\u015febilecek.<\/p>\n<p style=\"text-align: justify;\"><strong>Yarg\u0131lama s\u00fcreci\u00a0<\/strong><\/p>\n<p style=\"text-align: justify;\">\u00d6te yandan, Ba\u015fbu\u011f&#8217;un yarg\u0131lanmas\u0131yla ilgili s\u00fcre\u00e7te \u00f6nce soru\u015fturmay\u0131 y\u00fcr\u00fcten \u00d6zel Yetkili \u0130stanbul Cumhuriyet Savc\u0131s\u0131 Cihan Kans\u0131z taraf\u0131ndan iddianame haz\u0131rlanmas\u0131 bekleniyor.<\/p>\n<p style=\"text-align: justify;\">Bu iddianame, halen devam eden &#8220;\u0130rtica ile M\u00fccadele Eylem Plan\u0131&#8221; davas\u0131n\u0131n g\u00f6r\u00fcld\u00fc\u011f\u00fc \u0130stanbul 13. A\u011f\u0131r Ceza Mahkemesine g\u00f6nderilecek.<\/p>\n<p style=\"text-align: justify;\">Mahkeme, inceledi\u011fi iddianameyi kabul ederse Ba\u015fbu\u011f hakk\u0131nda dava a\u00e7\u0131lm\u0131\u015f olacak.<\/p>\n<p style=\"text-align: justify;\">Mahkeme, ard\u0131ndan ya duru\u015fma tarihi verecek ya da davay\u0131 &#8220;\u0130rtica ile M\u00fccadele Eylem Plan\u0131&#8221; davas\u0131yla birle\u015ftirecek.<\/p>\n<p style=\"text-align: justify;\">Mahkemenin ayr\u0131 bir duru\u015fma tarihi vermesi halinde de Ba\u015fbu\u011f&#8217;un yarg\u0131lamas\u0131n\u0131n yap\u0131laca\u011f\u0131 ilk duru\u015fmada, davan\u0131n birle\u015ftirilmesine karar vererek, dosyay\u0131 &#8220;\u0130rtica ile M\u00fccadele Eylem Plan\u0131&#8221; davas\u0131yla birlikte y\u00fcr\u00fctecek.<\/p>\n<p style=\"text-align: justify;\">Bu s\u00fcrecin yeteri kadar h\u0131zl\u0131 olmas\u0131 durumunda \u0130lker Ba\u015fbu\u011f, 9 \u015eubat 2012 tarihine ertelenen 29 san\u0131kl\u0131 &#8220;\u0130rtica ile M\u00fccadele Eylem Plan\u0131&#8221; davas\u0131nda san\u0131k olarak yer alacak.<\/p>\n<p style=\"text-align: justify;\"><a href=\"http:\/\/www.cnnturk.com\/2012\/turkiye\/01\/06\/basbug.tek.kisilik.kogusta.kaliyor\/643649.0\/index.html\" target=\"_blank\">Kaynak : CNN T\u00dcRK<\/a><\/p>\n","protected":false},"excerpt":{"rendered":"<p style=\"text-align: center;\">\n<p style=\"text-align: justify;\">\u0130nternet and\u0131c\u0131 soru\u015fturmas\u0131 kapsam\u0131nda tutuklanan eski Genelkurmay Ba\u015fkan\u0131 Emekli Orgeneral \u0130lker Ba\u015fbu\u011f&#8217;un, yerle\u015ftirildi\u011fi Silivri 5 nolu cezaevinde tek ki\u015filik ge\u00e7ici ko\u011fu\u015fta kald\u0131\u011f\u0131 \u00f6\u011frenildi.<\/p>\n<p style=\"text-align: justify;\">Ba\u015fbu\u011f&#8217;un avukat\u0131 olan \u0130lkay Sezer, Ba\u015fbu\u011f&#8217;u o\u011flu ve k\u0131z\u0131n\u0131n ziyarete geldi\u011fini s\u00f6yledi.<\/p>\n","protected":false},"author":1,"featured_media":0,"comment_status":"open","ping_status":"open","sticky":false,"template":"","format":"standard","meta":{"footnotes":""},"categories":[105],"tags":[],"class_list":["post-45861","post","type-post","status-publish","format-standard","hentry","category-gundem","odd"],"_links":{"self":[{"href":"http:\/\/www.korhanyilmaz.com\/index.php?rest_route=\/wp\/v2\/posts\/45861","targetHints":{"allow":["GET"]}}],"collection":[{"href":"http:\/\/www.korhanyilmaz.com\/index.php?rest_route=\/wp\/v2\/posts"}],"about":[{"href":"http:\/\/www.korhanyilmaz.com\/index.php?rest_route=\/wp\/v2\/types\/post"}],"author":[{"embeddable":true,"href":"http:\/\/www.korhanyilmaz.com\/index.php?rest_route=\/wp\/v2\/users\/1"}],"replies":[{"embeddable":true,"href":"http:\/\/www.korhanyilmaz.com\/index.php?rest_route=%2Fwp%2Fv2%2Fcomments&post=45861"}],"version-history":[{"count":0,"href":"http:\/\/www.korhanyilmaz.com\/index.php?rest_route=\/wp\/v2\/posts\/45861\/revisions"}],"wp:attachment":[{"href":"http:\/\/www.korhanyilmaz.com\/index.php?rest_route=%2Fwp%2Fv2%2Fmedia&parent=45861"}],"wp:term":[{"taxonomy":"category","embeddable":true,"href":"http:\/\/www.korhanyilmaz.com\/index.php?rest_route=%2Fwp%2Fv2%2Fcategories&post=45861"},{"taxonomy":"post_tag","embeddable":true,"href":"http:\/\/www.korhanyilmaz.com\/index.php?rest_route=%2Fwp%2Fv2%2Ftags&post=45861"}],"curies":[{"name":"wp","href":"https:\/\/api.w.org\/{rel}","templated":true}]}}