{"id":45858,"date":"2012-01-06T16:13:08","date_gmt":"2012-01-06T14:13:08","guid":{"rendered":"http:\/\/www.korhanyilmaz.com\/?p=45858"},"modified":"2012-01-06T17:45:06","modified_gmt":"2012-01-06T15:45:06","slug":"abden-basbug-yorumu","status":"publish","type":"post","link":"http:\/\/www.korhanyilmaz.com\/?p=45858","title":{"rendered":"AB&#8217;den Ba\u015fbu\u011f yorumu"},"content":{"rendered":"<p style=\"text-align: center;\"><a href=\"http:\/\/www.korhanyilmaz.com\/wp-content\/uploads\/2012\/01\/8965.jpg\"  class=\"lightview\"><img loading=\"lazy\" decoding=\"async\" class=\"aligncenter  wp-image-45859\" src=\"http:\/\/www.korhanyilmaz.com\/wp-content\/uploads\/2012\/01\/8965.jpg\" alt=\"\" width=\"313\" height=\"216\" \/><\/a><\/p>\n<p style=\"text-align: justify;\">AB Komisyonu Ergenekon dahil darbe plan\u0131 iddialar\u0131na y\u00f6nelik soru\u015fturmalar\u0131 f\u0131rsat olarak g\u00f6rd\u00fc\u011f\u00fcn\u00fc bildirdi.<\/p>\n<p style=\"text-align: justify;\">Eski Genelkurmay Ba\u015fkan\u0131 emekli Orgeneral \u0130lker Ba\u015fbu\u011f&#8217;un tutuklanmas\u0131n\u0131 de\u011ferlendiren AB Komisyonu&#8217;nun geni\u015flemeden sorumlu \u00fcyesi Stefan F\u00fcle&#8217;nin s\u00f6zc\u00fcs\u00fc Peter Stano, &#8220;Komisyon bir\u00e7ok f\u0131rsatta darbe planlamakla su\u00e7lanan Ergenekon su\u00e7 \u00f6rg\u00fct\u00fc ve di\u011fer yap\u0131lanmalara y\u00f6nelik soru\u015fturmalar\u0131 T\u00fcrkiye&#8217;de demokratik kurumlar\u0131n uygun i\u015fleyi\u015fini ve hukukun \u00fcst\u00fcnl\u00fc\u011f\u00fcn\u00fc g\u00fc\u00e7lendirmek i\u00e7in f\u0131rsat olarak g\u00f6rd\u00fc\u011f\u00fcn\u00fc vurgulam\u0131\u015ft\u0131r&#8221; dedi.<!--more--><\/p>\n<p style=\"text-align: justify;\">Buna kar\u015f\u0131n AB Komisyonu&#8217;nun yarg\u0131lama s\u00fcrecinde san\u0131k haklar\u0131n\u0131n ihlal edilmemesi gere\u011fine de dikkat \u00e7ekti\u011fini hat\u0131rlatan s\u00f6zc\u00fc Stano, &#8220;Tutuklu yarg\u0131lama tedbirinin sadece zorunlu durumlarda kullan\u0131lmas\u0131 i\u00e7in azami \u00e7aba g\u00f6sterilmelidir. Adli s\u00fcrecin kalitesi ve san\u0131k haklar\u0131na sayg\u0131 a\u00e7\u0131s\u0131ndan tutuklu yarg\u0131lama s\u00fcreleri asgariye indirilmelidir. Kamuoyunun b\u00fcy\u00fck ilgisini \u00e7eken bu t\u00fcr durumlarda bilgiler savc\u0131l\u0131k ya da mahkemelerce sa\u011flanmal\u0131d\u0131r. Bu t\u00fcr endi\u015felerin giderilmemesi halkta davalar\u0131n me\u015fruiyetinin sorgulanmas\u0131na neden olabilir&#8221; ifadesini kulland\u0131.<\/p>\n<p style=\"text-align: justify;\"><a href=\"http:\/\/www.cnnturk.com\/2012\/dunya\/01\/06\/abden.basbug.yorumu\/643662.0\/index.html\" target=\"_blank\">Kaynak : CNN T\u00dcRK<\/a><\/p>\n<p style=\"text-align: justify;\">\n","protected":false},"excerpt":{"rendered":"<p style=\"text-align: center;\">\n<p style=\"text-align: justify;\">AB Komisyonu Ergenekon dahil darbe plan\u0131 iddialar\u0131na y\u00f6nelik soru\u015fturmalar\u0131 f\u0131rsat olarak g\u00f6rd\u00fc\u011f\u00fcn\u00fc bildirdi.<\/p>\n<p style=\"text-align: justify;\">Eski Genelkurmay Ba\u015fkan\u0131 emekli Orgeneral \u0130lker Ba\u015fbu\u011f&#8217;un tutuklanmas\u0131n\u0131 de\u011ferlendiren AB Komisyonu&#8217;nun geni\u015flemeden sorumlu \u00fcyesi Stefan F\u00fcle&#8217;nin s\u00f6zc\u00fcs\u00fc Peter Stano, &#8220;Komisyon bir\u00e7ok f\u0131rsatta darbe planlamakla su\u00e7lanan Ergenekon su\u00e7 \u00f6rg\u00fct\u00fc ve di\u011fer yap\u0131lanmalara y\u00f6nelik soru\u015fturmalar\u0131 T\u00fcrkiye&#8217;de demokratik <\/p>\n","protected":false},"author":1,"featured_media":0,"comment_status":"open","ping_status":"open","sticky":false,"template":"","format":"standard","meta":{"footnotes":""},"categories":[105],"tags":[],"class_list":["post-45858","post","type-post","status-publish","format-standard","hentry","category-gundem","odd"],"_links":{"self":[{"href":"http:\/\/www.korhanyilmaz.com\/index.php?rest_route=\/wp\/v2\/posts\/45858","targetHints":{"allow":["GET"]}}],"collection":[{"href":"http:\/\/www.korhanyilmaz.com\/index.php?rest_route=\/wp\/v2\/posts"}],"about":[{"href":"http:\/\/www.korhanyilmaz.com\/index.php?rest_route=\/wp\/v2\/types\/post"}],"author":[{"embeddable":true,"href":"http:\/\/www.korhanyilmaz.com\/index.php?rest_route=\/wp\/v2\/users\/1"}],"replies":[{"embeddable":true,"href":"http:\/\/www.korhanyilmaz.com\/index.php?rest_route=%2Fwp%2Fv2%2Fcomments&post=45858"}],"version-history":[{"count":0,"href":"http:\/\/www.korhanyilmaz.com\/index.php?rest_route=\/wp\/v2\/posts\/45858\/revisions"}],"wp:attachment":[{"href":"http:\/\/www.korhanyilmaz.com\/index.php?rest_route=%2Fwp%2Fv2%2Fmedia&parent=45858"}],"wp:term":[{"taxonomy":"category","embeddable":true,"href":"http:\/\/www.korhanyilmaz.com\/index.php?rest_route=%2Fwp%2Fv2%2Fcategories&post=45858"},{"taxonomy":"post_tag","embeddable":true,"href":"http:\/\/www.korhanyilmaz.com\/index.php?rest_route=%2Fwp%2Fv2%2Ftags&post=45858"}],"curies":[{"name":"wp","href":"https:\/\/api.w.org\/{rel}","templated":true}]}}