{"id":45854,"date":"2012-01-06T14:51:23","date_gmt":"2012-01-06T12:51:23","guid":{"rendered":"http:\/\/www.korhanyilmaz.com\/?p=45854"},"modified":"2012-01-06T17:41:07","modified_gmt":"2012-01-06T15:41:07","slug":"demirtastan-basbug-degerlendirmesi","status":"publish","type":"post","link":"http:\/\/www.korhanyilmaz.com\/?p=45854","title":{"rendered":"Demirta\u015f&#8217;tan Ba\u015fbu\u011f de\u011ferlendirmesi"},"content":{"rendered":"<p style=\"text-align: center;\"><a href=\"http:\/\/www.korhanyilmaz.com\/wp-content\/uploads\/2012\/01\/8964.jpg\"  class=\"lightview\"><img loading=\"lazy\" decoding=\"async\" class=\"aligncenter  wp-image-45855\" src=\"http:\/\/www.korhanyilmaz.com\/wp-content\/uploads\/2012\/01\/8964.jpg\" alt=\"\" width=\"342\" height=\"260\" \/><\/a><\/p>\n<p style=\"text-align: justify;\">BDP Genel Ba\u015fkan\u0131 Selahattin Demirta\u015f eski Genelkurmay Ba\u015fkan\u0131 emekli Orgeneral \u0130lker Ba\u015fbu\u011f&#8217;un tutuklanmas\u0131n\u0131n s\u0131radan bir olay olmad\u0131\u011f\u0131n\u0131 belirterek, &#8220;H\u00fck\u00fcmet bir ta\u015fla birka\u00e7 ku\u015f vurmaya \u00e7al\u0131\u015f\u0131yor. Derin yap\u0131lardan hesap sorarken, kendi derin yap\u0131s\u0131n\u0131 olu\u015fturuyor&#8221; dedi.<!--more--><\/p>\n<p style=\"text-align: justify;\">&#8220;Makam\u0131 ne olursa olsun su\u00e7 i\u015fleyenlerden adil bir yarg\u0131lama ile hesap sorulmas\u0131 da elbetteki gereklidir. Fakat b\u00fct\u00fcn bunlar iktidar\u0131n siyasi ama\u00e7lar\u0131 ve \u00e7\u0131karlar\u0131 i\u00e7inde kullan\u0131lamaz&#8221; diyen Demirta\u015f, \u0130lker Ba\u015fbu\u011f&#8217;un \u00f6zellikle b\u00f6lgede g\u00f6rev yapt\u0131\u011f\u0131 y\u0131llarda k\u00f6y yakmalar ve faili me\u00e7hul cinayetlerin yayg\u0131n oldu\u011funu, dolay\u0131s\u0131yla o d\u00f6nemde o su\u00e7larla ilgili sorumlulu\u011funun da soru\u015fturulmas\u0131 gerekti\u011fini d\u00fc\u015f\u00fcnd\u00fcklerini belirtti.<\/p>\n<p style=\"text-align: justify;\">Demirta\u015f \u015f\u00f6yle konu\u015ftu:<\/p>\n<p style=\"text-align: justify;\">&#8220;Fakat, Savc\u0131lar\u0131n elinde y\u0131llardan beri \u0130lker Ba\u015fbu\u011f ile ilgili bu bilgiler olmas\u0131na ra\u011fmen konunun bekletildi\u011fini, Uludere katliam\u0131ndan bir hafta sonra hayata ge\u00e7irilmesi de dikkate de\u011ferdir. H\u00fck\u00fcmet, b\u00fct\u00fcn bu s\u00fcre\u00e7leri kendisi y\u00f6netiyor. Biz b\u00fct\u00fcn derin yap\u0131lardan hesap sorulmas\u0131n\u0131 destekleriz ama, h\u00fck\u00fcmet bir ta\u015fla bir ka\u00e7 ku\u015f vurmaya \u00e7al\u0131\u015f\u0131yor.<\/p>\n<p style=\"text-align: justify;\">Derin yap\u0131lardan hesap sorarken, kendi derin yap\u0131s\u0131n\u0131 olu\u015fturuyor. Ayr\u0131ca iddianameyi haz\u0131rlayan savc\u0131lara \u00f6zellikle b\u00f6lgede k\u00f6y\u00fc yak\u0131lan ve faili me\u00e7hul cinayetlerin kurban gidenlerin gidip ba\u015fvuru yapmas\u0131 gerekir, davaya m\u00fcdahil olmalar\u0131 ve savc\u0131n\u0131n bunlar\u0131 da soru\u015fturmaya dahil etmesi gerekir. \u00d6zellikle Diyarbak\u0131r&#8217;\u0131n Kulp il\u00e7esi Alaca k\u00f6y\u00fcnden kaybedilen ve sonra kemikleri bulunun k\u00f6yl\u00fclerin bu davaya m\u00fcdahil olmas\u0131 gerekir. Savc\u0131da soru\u015fturmay\u0131 geni\u015fletmelidir.&#8221;<\/p>\n<p style=\"text-align: justify;\">BDP lideri Demirta\u015f, &#8220;Ger\u00e7ekten diyelim ki bir ter\u00f6r \u00f6rg\u00fct\u00fc kurup y\u00f6netmi\u015fse bunun bir \u00f6rg\u00fct\u00fcn\u00fcn de olmas\u0131 laz\u0131md\u0131r. \u00d6rg\u00fct\u00fc a\u00e7\u0131\u011fa \u00e7\u0131kart\u0131lmas\u0131 gerekir. Bir de hem Genelkurmay ba\u015fkanl\u0131\u011f\u0131, hem ter\u00f6r \u00f6rg\u00fct\u00fc y\u00f6neticili\u011fi yapm\u0131s\u015fa Genelkurmay ba\u015fkanl\u0131\u011f\u0131 d\u00f6neminde yapt\u0131\u011f\u0131 b\u00fct\u00fcn faliyetlerin sorgulanmas\u0131 gerekir ve me\u015fruyetinin tart\u0131\u015f\u0131lmas\u0131 gerekir&#8221; diye konu\u015ftu.<\/p>\n<p style=\"text-align: justify;\"><a href=\"http:\/\/www.cnnturk.com\/2012\/turkiye\/01\/06\/demirtastan.basbug.degerlendirmesi\/643620.0\/index.html\" target=\"_blank\">Kaynak : CNN T\u00dcRK<\/a><\/p>\n","protected":false},"excerpt":{"rendered":"<p style=\"text-align: center;\">\n<p style=\"text-align: justify;\">BDP Genel Ba\u015fkan\u0131 Selahattin Demirta\u015f eski Genelkurmay Ba\u015fkan\u0131 emekli Orgeneral \u0130lker Ba\u015fbu\u011f&#8217;un tutuklanmas\u0131n\u0131n s\u0131radan bir olay olmad\u0131\u011f\u0131n\u0131 belirterek, &#8220;H\u00fck\u00fcmet bir ta\u015fla birka\u00e7 ku\u015f vurmaya \u00e7al\u0131\u015f\u0131yor. Derin yap\u0131lardan hesap sorarken, kendi derin yap\u0131s\u0131n\u0131 olu\u015fturuyor&#8221; dedi.<\/p>\n","protected":false},"author":1,"featured_media":0,"comment_status":"open","ping_status":"open","sticky":false,"template":"","format":"standard","meta":{"footnotes":""},"categories":[105],"tags":[],"class_list":["post-45854","post","type-post","status-publish","format-standard","hentry","category-gundem","odd"],"_links":{"self":[{"href":"http:\/\/www.korhanyilmaz.com\/index.php?rest_route=\/wp\/v2\/posts\/45854","targetHints":{"allow":["GET"]}}],"collection":[{"href":"http:\/\/www.korhanyilmaz.com\/index.php?rest_route=\/wp\/v2\/posts"}],"about":[{"href":"http:\/\/www.korhanyilmaz.com\/index.php?rest_route=\/wp\/v2\/types\/post"}],"author":[{"embeddable":true,"href":"http:\/\/www.korhanyilmaz.com\/index.php?rest_route=\/wp\/v2\/users\/1"}],"replies":[{"embeddable":true,"href":"http:\/\/www.korhanyilmaz.com\/index.php?rest_route=%2Fwp%2Fv2%2Fcomments&post=45854"}],"version-history":[{"count":0,"href":"http:\/\/www.korhanyilmaz.com\/index.php?rest_route=\/wp\/v2\/posts\/45854\/revisions"}],"wp:attachment":[{"href":"http:\/\/www.korhanyilmaz.com\/index.php?rest_route=%2Fwp%2Fv2%2Fmedia&parent=45854"}],"wp:term":[{"taxonomy":"category","embeddable":true,"href":"http:\/\/www.korhanyilmaz.com\/index.php?rest_route=%2Fwp%2Fv2%2Fcategories&post=45854"},{"taxonomy":"post_tag","embeddable":true,"href":"http:\/\/www.korhanyilmaz.com\/index.php?rest_route=%2Fwp%2Fv2%2Ftags&post=45854"}],"curies":[{"name":"wp","href":"https:\/\/api.w.org\/{rel}","templated":true}]}}