{"id":45850,"date":"2012-01-06T13:25:03","date_gmt":"2012-01-06T11:25:03","guid":{"rendered":"http:\/\/www.korhanyilmaz.com\/?p=45850"},"modified":"2012-01-06T17:33:35","modified_gmt":"2012-01-06T15:33:35","slug":"dis-basinda-basbug-soku","status":"publish","type":"post","link":"http:\/\/www.korhanyilmaz.com\/?p=45850","title":{"rendered":"D\u0131\u015f bas\u0131nda Ba\u015fbu\u011f \u015foku!"},"content":{"rendered":"<p style=\"text-align: center;\"><a href=\"http:\/\/www.korhanyilmaz.com\/wp-content\/uploads\/2012\/01\/8963.jpg\"  class=\"lightview\"><img loading=\"lazy\" decoding=\"async\" class=\"aligncenter  wp-image-45851\" src=\"http:\/\/www.korhanyilmaz.com\/wp-content\/uploads\/2012\/01\/8963.jpg\" alt=\"\" width=\"345\" height=\"265\" \/><\/a><\/p>\n<p style=\"text-align: justify;\">Eski Genelkurmay Ba\u015fkan\u0131 emekli Orgeneral \u0130lker Ba\u015fbu\u011f&#8217;un tutuklanmas\u0131 uluslararas\u0131 bas\u0131nda da geni\u015f yer buldu. \u0130ngiliz yay\u0131n kurulu\u015fu BBC, Ba\u015fbu\u011f&#8217;un Ergenekon soru\u015fturmas\u0131nda tutuklanan en \u00fcst d\u00fczey isim olmas\u0131na dikkat \u00e7ekti, Katar merkezli El Cezire televizyonu da &#8220;Tutuklama iktidardaki AK Parti ile orduyu da kapsayan laik \u00e7evreler aras\u0131ndaki g\u00fc\u00e7 m\u00fccadelesinde ya\u015fanan son sava\u015f&#8221; diye niteledi.<!--more--><\/p>\n<p style=\"text-align: justify;\">Gece saatlerinde gelen haber sadece T\u00fcrkiye&#8217;nin de\u011fil d\u00fcnya bas\u0131n\u0131n da g\u00fcndemine oturdu.<\/p>\n<p style=\"text-align: justify;\">Uluslararas\u0131 ajanslar eski Genelkurmay Ba\u015fkan\u0131 \u0130lker Ba\u015fbu\u011f&#8217;un tutuklanmas\u0131n\u0131 &#8220;fla\u015f geli\u015fme&#8221; olarak duyurdu.<\/p>\n<p style=\"text-align: justify;\">Reuters haber ajans\u0131, tutuklamay\u0131 &#8220;T\u00fcrkiye&#8217;de ordu ile h\u00fck\u00fcmet aras\u0131ndaki gerilimi t\u0131rmand\u0131rmas\u0131 muhtemel bir geli\u015fme&#8221; olarak de\u011ferlendirdi.<\/p>\n<p style=\"text-align: justify;\">Ajans, Ba\u015fbu\u011f&#8217;un &#8220;T\u00fcrkiye Cumhuriyeti&#8217;nin 26. Genelkurmay Ba\u015fkan\u0131 ter\u00f6r \u00f6rg\u00fct\u00fc y\u00f6netmekle su\u00e7lan\u0131yor. Takdir y\u00fcce T\u00fcrk milletinin&#8221; s\u00f6zlerine de yer verdi.<\/p>\n<p style=\"text-align: justify;\">Haberlerde, Ba\u015fbu\u011f&#8217;un tutuklanmas\u0131n\u0131n gazetece Ahmet \u015e\u0131k ve Nedim \u015eener&#8217;in savunmalar\u0131n\u0131 yapmalar\u0131n\u0131n ard\u0131ndan gelmesine dikkat \u00e7ekildi.<\/p>\n<p style=\"text-align: justify;\">Associted Press (AP) haber ajans\u0131 da ba\u015fbu\u011fun saatler s\u00fcren sorgusunun ard\u0131ndan Silivri&#8217;ye g\u00f6nderildi\u011fini belirtti, Ba\u015fbu\u011f&#8217;un kendisine y\u00f6nelik su\u00e7lamalar\u0131 trajikomik s\u00f6zleriyle niteldi\u011fine yer verdi.<\/p>\n<p style=\"text-align: justify;\">\n<p style=\"text-align: justify;\">AP, Ba\u015fbu\u011f&#8217;un tutuklan\u0131p cezaevine konulmas\u0131n\u0131 &#8220;birka\u00e7 y\u0131l \u00f6nce vuku bulmas\u0131 tahayy\u00fcl edilemez bir geli\u015fme&#8221; olarak de\u011ferlendirdi.<\/p>\n<p style=\"text-align: justify;\">Ajans, tutuklaman\u0131n \u00fc\u00e7 d\u00f6nem \u00fcst\u00fcste iktidar olan h\u00fck\u00fcmetin ordunun g\u00fcc\u00fcn\u00fc azaltt\u0131\u011f\u0131 bir d\u00f6nemde ger\u00e7ekle\u015fti\u011fine de dikkat \u00e7ekti.<\/p>\n<p style=\"text-align: justify;\">\u0130ngiliz yay\u0131n kurulu\u015fu BBC de internet sitesinden verdi\u011fi haberde; Ba\u015fbu\u011f&#8217;un Ergenekon soru\u015fturmas\u0131nda tutuklanan en \u00fcst d\u00fczey isim olmas\u0131na vurgu yapt\u0131.<\/p>\n<p style=\"text-align: justify;\">T\u00fcrk bas\u0131n\u0131nda eski bir Genelkurmay Ba\u015fkan\u0131&#8217;n\u0131n ilk kez yarg\u0131land\u0131\u011f\u0131na dair yer alan haberlere at\u0131fta bulunuldu.<\/p>\n<p style=\"text-align: justify;\">Katar merkezli El Cezire televizyonu da internet sitesinde Ba\u015fbu\u011f&#8217;un tutuklanmas\u0131n\u0131 &#8220;iktidardaki AK Parti ile orduyu da kapsayan laik \u00e7evreler aras\u0131ndaki g\u00fc\u00e7 m\u00fccadelesinde ya\u015fanan son sava\u015f&#8221; diye niteledi.<\/p>\n<p style=\"text-align: justify;\">Eski Genelkurmay Ba\u015fkan\u0131&#8217;n\u0131n tutuklanmas\u0131 Amerikan bas\u0131n\u0131nda da yer ald\u0131. \u00c7\u0131kan haberlerde sivil bir mahkemenin ba\u015fbu\u011fun tutuklanmas\u0131n\u0131 talep etti\u011finin alt\u0131 \u00e7izildi.<\/p>\n<p style=\"text-align: justify;\">Ba\u015fbu\u011f&#8217;un &#8220;\u00dcz\u00fcc\u00fc ve anla\u015f\u0131lmas\u0131 zor olan, e\u011fer ki benim bu faaliyetleri aktif g\u00f6revim esnas\u0131nda yapt\u0131\u011f\u0131m iddia ediliyorsa ve bu faaliyetlerim o zaman devletin yetkili makamlar\u0131nca anla\u015f\u0131lmam\u0131\u015fsa bunu da anlamak m\u00fcmk\u00fcn de\u011fildir&#8221; s\u00f6zlerine yer verildi.<\/p>\n<p style=\"text-align: justify;\"><a href=\"http:\/\/www.cnnturk.com\/2012\/dunya\/01\/06\/dis.basinda.basbug.soku\/643608.0\/index.html\" target=\"_blank\">Kaynak : CNN T\u00dcRK<\/a><\/p>\n","protected":false},"excerpt":{"rendered":"<p style=\"text-align: center;\">\n<p style=\"text-align: justify;\">Eski Genelkurmay Ba\u015fkan\u0131 emekli Orgeneral \u0130lker Ba\u015fbu\u011f&#8217;un tutuklanmas\u0131 uluslararas\u0131 bas\u0131nda da geni\u015f yer buldu. \u0130ngiliz yay\u0131n kurulu\u015fu BBC, Ba\u015fbu\u011f&#8217;un Ergenekon soru\u015fturmas\u0131nda tutuklanan en \u00fcst d\u00fczey isim olmas\u0131na dikkat \u00e7ekti, Katar merkezli El Cezire televizyonu da &#8220;Tutuklama iktidardaki AK Parti ile orduyu da kapsayan laik \u00e7evreler aras\u0131ndaki g\u00fc\u00e7 m\u00fccadelesinde ya\u015fanan son <\/p>\n","protected":false},"author":1,"featured_media":0,"comment_status":"open","ping_status":"open","sticky":false,"template":"","format":"standard","meta":{"footnotes":""},"categories":[105],"tags":[],"class_list":["post-45850","post","type-post","status-publish","format-standard","hentry","category-gundem","odd"],"_links":{"self":[{"href":"http:\/\/www.korhanyilmaz.com\/index.php?rest_route=\/wp\/v2\/posts\/45850","targetHints":{"allow":["GET"]}}],"collection":[{"href":"http:\/\/www.korhanyilmaz.com\/index.php?rest_route=\/wp\/v2\/posts"}],"about":[{"href":"http:\/\/www.korhanyilmaz.com\/index.php?rest_route=\/wp\/v2\/types\/post"}],"author":[{"embeddable":true,"href":"http:\/\/www.korhanyilmaz.com\/index.php?rest_route=\/wp\/v2\/users\/1"}],"replies":[{"embeddable":true,"href":"http:\/\/www.korhanyilmaz.com\/index.php?rest_route=%2Fwp%2Fv2%2Fcomments&post=45850"}],"version-history":[{"count":0,"href":"http:\/\/www.korhanyilmaz.com\/index.php?rest_route=\/wp\/v2\/posts\/45850\/revisions"}],"wp:attachment":[{"href":"http:\/\/www.korhanyilmaz.com\/index.php?rest_route=%2Fwp%2Fv2%2Fmedia&parent=45850"}],"wp:term":[{"taxonomy":"category","embeddable":true,"href":"http:\/\/www.korhanyilmaz.com\/index.php?rest_route=%2Fwp%2Fv2%2Fcategories&post=45850"},{"taxonomy":"post_tag","embeddable":true,"href":"http:\/\/www.korhanyilmaz.com\/index.php?rest_route=%2Fwp%2Fv2%2Ftags&post=45850"}],"curies":[{"name":"wp","href":"https:\/\/api.w.org\/{rel}","templated":true}]}}