{"id":45847,"date":"2012-01-06T15:11:34","date_gmt":"2012-01-06T13:11:34","guid":{"rendered":"http:\/\/www.korhanyilmaz.com\/?p=45847"},"modified":"2012-01-06T17:30:01","modified_gmt":"2012-01-06T15:30:01","slug":"kilicdaroglu-yuce-divani-isaret-etti","status":"publish","type":"post","link":"http:\/\/www.korhanyilmaz.com\/?p=45847","title":{"rendered":"K\u0131l\u0131\u00e7daro\u011flu Y\u00fcce Divan&#8217;\u0131 i\u015faret etti!"},"content":{"rendered":"<p style=\"text-align: justify;\"><a href=\"http:\/\/www.korhanyilmaz.com\/wp-content\/uploads\/2012\/01\/8962.jpg\"  class=\"lightview\"><img loading=\"lazy\" decoding=\"async\" class=\"aligncenter size-full wp-image-45848\" title=\"\" src=\"http:\/\/www.korhanyilmaz.com\/wp-content\/uploads\/2012\/01\/8962.jpg\" alt=\"\" width=\"292\" height=\"195\" \/><\/a><\/p>\n<p style=\"text-align: justify;\">CHP Genel Ba\u015fkan\u0131 Kemal K\u0131l\u0131\u00e7daro\u011flu, eski Genelkurmay Ba\u015fkan\u0131 emekli Orgeneral \u0130lker Ba\u015fbu\u011f&#8217;un tutuklanmas\u0131na ili\u015fkin, &#8220;Anayasa&#8217;da Genelkurmay Ba\u015fkanlar\u0131n\u0131n Y\u00fcce Divan&#8217;da yarg\u0131lanaca\u011f\u0131na ili\u015fkin madde bile atlan\u0131yor&#8221; dedi.\u00a0<!--more--><\/p>\n<p style=\"text-align: justify;\">Meclis&#8217;ten ayr\u0131l\u0131rken gazetecilerin, eski Genelkurmay Ba\u015fkan\u0131 \u0130lker Ba\u015fbu\u011f&#8217;un tutuklanmas\u0131na ili\u015fkin sorular\u0131n\u0131 yan\u0131tlayan K\u0131l\u0131\u00e7daro\u011flu, yarg\u0131lama s\u00fcrecine herkesin sayg\u0131 duymas\u0131 gerekti\u011fini, ancak \u00f6zel yetkili mahkemelerin &#8220;siyasi iktidar\u0131n sopas\u0131&#8221; gibi kullan\u0131ld\u0131\u011f\u0131n\u0131 belirtti.<\/p>\n<p style=\"text-align: justify;\">Bu mahkemelerin adalet da\u011f\u0131tmad\u0131\u011f\u0131n\u0131 s\u00f6yleyen K\u0131l\u0131\u00e7daro\u011flu, &#8220;Kald\u0131 ki Anayasa&#8217;n\u0131n bir maddesi var, Genelkurmay Ba\u015fkanlar\u0131n\u0131n Y\u00fcce Divan&#8217;da yarg\u0131lanaca\u011f\u0131na ili\u015fkin. Bu bile atlan\u0131yor. Burada katledilen bir hukuk. \u00d6yle bakmam\u0131z laz\u0131m&#8221; dedi.<\/p>\n<p style=\"text-align: justify;\">Herkesin yarg\u0131lanabilece\u011fini, ifadesinin al\u0131nabilece\u011fini belirten K\u0131l\u0131\u00e7daro\u011flu, ancak ger\u00e7ek anlamda hukukun oldu\u011fu yerlerde bu kavramlar\u0131n bir anlam ta\u015f\u0131d\u0131\u011f\u0131n\u0131 s\u00f6yledi. K\u0131l\u0131\u00e7daro\u011flu, \u00f6zel yetkili mahkemelere sivil mahkeme demenin m\u00fcmk\u00fcn olmad\u0131\u011f\u0131n\u0131 ifade etti.<\/p>\n<p style=\"text-align: justify;\">K\u0131l\u0131\u00e7daro\u011flu, bunlar\u0131n, siyasi iktidar\u0131n istedi\u011fi zaman, istedi\u011fi \u015fekilde y\u00f6nlendirebilece\u011fi, istedi\u011fi karar\u0131 ald\u0131rabilece\u011fi mahkemeler oldu\u011funu vurgulad\u0131.<\/p>\n<p style=\"text-align: justify;\">Kemal K\u0131l\u0131\u00e7daro\u011flu, &#8220;Uludere&#8217;yi perdeleme amac\u0131 ta\u015f\u0131d\u0131\u011f\u0131 y\u00f6n\u00fcnde iddialar var?&#8221; sorusuna, &#8220;Uludere&#8217;nin perdelenmesi i\u00e7in bunun yap\u0131ld\u0131\u011f\u0131 belli&#8221; yan\u0131t\u0131n\u0131 verdi.<\/p>\n<p style=\"text-align: justify;\">Bug\u00fcne kadar AK Parti&#8217;nin aleyhine geli\u015fen bir olay\u0131n ard\u0131ndan buna benzer operasyonlar\u0131n ortaya \u00e7\u0131kt\u0131\u011f\u0131n\u0131 iddia eden K\u0131l\u0131\u00e7daro\u011flu, &#8220;Bu bir tek \u00f6rnek de\u011fil ki onlarca \u00f6rnek var. Uludere&#8217;nin perdelenmesi i\u00e7in bunun yap\u0131ld\u0131\u011f\u0131 belli&#8221; dedi.<\/p>\n<p style=\"text-align: justify;\">K\u0131l\u0131\u00e7daro\u011flu, \u015funlar\u0131 s\u00f6yledi:<\/p>\n<p style=\"text-align: justify;\">&#8220;Bu s\u00fcrecin nerede bitece\u011fi belli de\u011fil zaten. Bu s\u00fcreci belirleyen iktidar, H\u00fck\u00fcmet&#8230; Hat\u0131rlars\u0131n\u0131z Say\u0131n Ba\u015fbakan &#8216;Ben bu davalar\u0131n savc\u0131s\u0131y\u0131m&#8217; demi\u015fti. Dolay\u0131s\u0131yla bu s\u00fcre\u00e7 nerede biter, kimi kapsar? AKP&#8217;ye y\u00f6nelik, AKP&#8217;yi s\u0131k\u0131\u015ft\u0131ran, AKP&#8217;nin aleyhine olaylar oldu\u011fu zaman, AKP belli noktalarda k\u00f6\u015feye s\u0131k\u0131\u015ft\u0131\u011f\u0131 zaman, Devlet G\u00fcvenlik Mahkemeleri, savc\u0131lar harekete ge\u00e7ecek, birilerini daha i\u00e7eriye alacakt\u0131r. Zamanlamaya \u00f6yle bakmam\u0131z gerekiyor.&#8221;<\/p>\n<p style=\"text-align: justify;\">Bir gazetecinin, &#8220;Milli Savunma Bakan\u0131&#8217;n\u0131n da \u0130nternet And\u0131c\u0131&#8217;nda bir onay\u0131 vard\u0131&#8221; s\u00f6zlerine K\u0131l\u0131\u00e7daro\u011flu, &#8220;Bir bakan imza atm\u0131\u015fsa, onay al\u0131nm\u0131\u015fsa, bakan o sorumluluktan ka\u00e7\u0131namaz. \u00c7\u00fcnk\u00fc b\u00fcrokraside bir olay\u0131n ger\u00e7ekle\u015fmesi, bakan makam\u0131n\u0131n onay\u0131na ba\u011fl\u0131ysa, bakan onaylamad\u0131\u011f\u0131 s\u00fcrece o olay\u0131 b\u00fcrokrasi ger\u00e7ekle\u015ftiremez. Ancak bakan onaylay\u0131p &#8216;evet bunu yapabilirsiniz&#8217; dedikten sonra, b\u00fcrokrasi harekete ge\u00e7er. Milli Savunma Bakan\u0131n\u0131n bundan ka\u00e7\u0131nma \u015fans\u0131 da yoktur&#8221; kar\u015f\u0131l\u0131\u011f\u0131n\u0131 verdi.<\/p>\n<p style=\"text-align: justify;\"><a href=\"http:\/\/www.cnnturk.com\/2012\/turkiye\/01\/06\/kilicdaroglu.yuce.divani.isaret.etti\/643647.0\/index.html\" target=\"_blank\">Kaynak : CNN T\u00dcRK<\/a><\/p>\n","protected":false},"excerpt":{"rendered":"<p style=\"text-align: justify;\">\n<p style=\"text-align: justify;\">CHP Genel Ba\u015fkan\u0131 Kemal K\u0131l\u0131\u00e7daro\u011flu, eski Genelkurmay Ba\u015fkan\u0131 emekli Orgeneral \u0130lker Ba\u015fbu\u011f&#8217;un tutuklanmas\u0131na ili\u015fkin, &#8220;Anayasa&#8217;da Genelkurmay Ba\u015fkanlar\u0131n\u0131n Y\u00fcce Divan&#8217;da yarg\u0131lanaca\u011f\u0131na ili\u015fkin madde bile atlan\u0131yor&#8221; dedi. <\/p>\n","protected":false},"author":1,"featured_media":0,"comment_status":"open","ping_status":"open","sticky":false,"template":"","format":"standard","meta":{"footnotes":""},"categories":[105],"tags":[],"class_list":["post-45847","post","type-post","status-publish","format-standard","hentry","category-gundem","odd"],"_links":{"self":[{"href":"http:\/\/www.korhanyilmaz.com\/index.php?rest_route=\/wp\/v2\/posts\/45847","targetHints":{"allow":["GET"]}}],"collection":[{"href":"http:\/\/www.korhanyilmaz.com\/index.php?rest_route=\/wp\/v2\/posts"}],"about":[{"href":"http:\/\/www.korhanyilmaz.com\/index.php?rest_route=\/wp\/v2\/types\/post"}],"author":[{"embeddable":true,"href":"http:\/\/www.korhanyilmaz.com\/index.php?rest_route=\/wp\/v2\/users\/1"}],"replies":[{"embeddable":true,"href":"http:\/\/www.korhanyilmaz.com\/index.php?rest_route=%2Fwp%2Fv2%2Fcomments&post=45847"}],"version-history":[{"count":0,"href":"http:\/\/www.korhanyilmaz.com\/index.php?rest_route=\/wp\/v2\/posts\/45847\/revisions"}],"wp:attachment":[{"href":"http:\/\/www.korhanyilmaz.com\/index.php?rest_route=%2Fwp%2Fv2%2Fmedia&parent=45847"}],"wp:term":[{"taxonomy":"category","embeddable":true,"href":"http:\/\/www.korhanyilmaz.com\/index.php?rest_route=%2Fwp%2Fv2%2Fcategories&post=45847"},{"taxonomy":"post_tag","embeddable":true,"href":"http:\/\/www.korhanyilmaz.com\/index.php?rest_route=%2Fwp%2Fv2%2Ftags&post=45847"}],"curies":[{"name":"wp","href":"https:\/\/api.w.org\/{rel}","templated":true}]}}