{"id":45841,"date":"2012-01-06T02:32:25","date_gmt":"2012-01-06T00:32:25","guid":{"rendered":"http:\/\/www.korhanyilmaz.com\/?p=45841"},"modified":"2012-01-06T03:36:26","modified_gmt":"2012-01-06T01:36:26","slug":"em-org-ilker-basbug-silivride","status":"publish","type":"post","link":"http:\/\/www.korhanyilmaz.com\/?p=45841","title":{"rendered":"Em. Org. \u0130lker Ba\u015fbu\u011f Silivri&#8217;de"},"content":{"rendered":"<p style=\"text-align: center;\"><a href=\"http:\/\/www.korhanyilmaz.com\/wp-content\/uploads\/2012\/01\/8961.jpg\"  class=\"lightview\"><img loading=\"lazy\" decoding=\"async\" class=\"aligncenter  wp-image-45842\" src=\"http:\/\/www.korhanyilmaz.com\/wp-content\/uploads\/2012\/01\/8961.jpg\" alt=\"\" width=\"322\" height=\"241\" \/><\/a><\/p>\n<p style=\"text-align: justify;\">\u0130stanbul \u00d6zel yetkili Cumhuriyet Ba\u015fsavc\u0131vekilli\u011fi taraf\u0131ndan hakk\u0131nda ba\u015flat\u0131lan soru\u015fturma kapsam\u0131nda d\u00fcn &#8220;\u015f\u00fcpheli&#8221; s\u0131fat\u0131yla ifadesine ba\u015fvurulan eski Genelkurmay Ba\u015fkan\u0131 emekli Orgeneral \u0130lker Ba\u015fbu\u011f, tutukland\u0131. Ba\u015fbu\u011f, Silivri cezaevine konuldu.\u00a0\u00a0<!--more--><\/p>\n<p style=\"text-align: justify;\">\u0130stanbul- Eski Genelkurmay Ba\u015fkan\u0131 emekli Orgeneral \u0130lker Ba\u015fbu\u011f, \u00f6zel yetkili \u0130stanbul Cumhuriyet Ba\u015fsavc\u0131vekilli\u011fince, hakk\u0131nda ba\u015flat\u0131lan soru\u015fturma kapsam\u0131nda &#8221;\u015f\u00fcpheli&#8221; s\u0131fat\u0131yla ifade vermek \u00fczere d\u00fcn Be\u015fikta\u015f&#8217;taki \u0130stanbul Adliyesi&#8217;ne geldi.<\/p>\n<p style=\"text-align: justify;\">Soru\u015fturmay\u0131 y\u00fcr\u00fcten \u00f6zel yetkili \u0130stanbul Cumhuriyet Savc\u0131s\u0131 Cihan Kans\u0131z taraf\u0131ndan &#8221;\u015f\u00fcpheli&#8221; s\u0131fat\u0131yla ifadesi al\u0131nan Ba\u015fbu\u011f, TCK&#8217;n\u0131n 314\/1. maddesi gere\u011fince &#8221;\u00f6rg\u00fct y\u00f6neticili\u011fi&#8221; ve 312\/1. maddesi gere\u011fince de &#8221;cebir ve \u015fiddet kullanarak T\u00fcrkiye Cumhuriyeti H\u00fck\u00fcmetini ortadan kald\u0131rmaya veya g\u00f6revlerini yapmas\u0131n\u0131 k\u0131smen veya tamamen engellemeye te\u015febb\u00fcs&#8221; su\u00e7lar\u0131ndan tutuklanmas\u0131 istemiyle \u0130stanbul N\u00f6bet\u00e7i 12. A\u011f\u0131r Ceza Mahkemesine sevk edildi.<\/p>\n<p style=\"text-align: justify;\">Ba\u015fbu\u011f, savc\u0131l\u0131k sorgusunun ard\u0131ndan \u0130stanbul 12. A\u011f\u0131r Ceza Mahkemesi n\u00f6bet\u00e7i hakimi kar\u015f\u0131s\u0131na \u00e7\u0131kt\u0131. Ba\u015fbu\u011f\u2019un mahkemedeki sorgusu 23.00\u2019te ba\u015flad\u0131. \u0130stanbul 12. A\u011f\u0131r Ceza Mahkemesi Hakimi Vedat Dalda, Ba\u015fbu\u011f\u2019un duru\u015fma salonunda ifadesini ald\u0131.<\/p>\n<p style=\"text-align: justify;\">Yakla\u015f\u0131k 1.5 saat ifade veren eski Genelkurmay Ba\u015fkan\u0131 emekli Orgeneral \u0130lker Ba\u015fbu\u011f \u201c\u00d6rg\u00fct y\u00f6neticisi olmak ve darbeye te\u015febb\u00fcs&#8221; su\u00e7lamas\u0131yla tutukland\u0131.<\/p>\n<p style=\"text-align: justify;\"><strong>Ba\u015fbu\u011f Silivri&#8217;de\u00a0<\/strong><\/p>\n<p style=\"text-align: justify;\">Adli T\u0131p Kurumu&#8217;nda sa\u011fl\u0131k kontrol\u00fcnden ge\u00e7irilen Ba\u015fbu\u011f, Silivri cezaevine konuldu. Ba\u015fbu\u011f&#8217;un cezaevine getirilmesi s\u0131ras\u0131nda bir grup yurtta\u015f\u0131n T\u00fcrk bayraklar\u0131yla destek verdi\u011fi g\u00f6r\u00fcld\u00fc.<\/p>\n<p style=\"text-align: justify;\"><a href=\"http:\/\/cumhuriyet.com.tr\/?hn=305526&amp;kw=Em.+Org.+%DDlker+Ba%FEbu%F0+Silivri'de\" target=\"_blank\">Kaynak : Cumhuriyet Haber Portal\u0131<\/a><\/p>\n","protected":false},"excerpt":{"rendered":"<p style=\"text-align: center;\">\n<p style=\"text-align: justify;\">\u0130stanbul \u00d6zel yetkili Cumhuriyet Ba\u015fsavc\u0131vekilli\u011fi taraf\u0131ndan hakk\u0131nda ba\u015flat\u0131lan soru\u015fturma kapsam\u0131nda d\u00fcn &#8220;\u015f\u00fcpheli&#8221; s\u0131fat\u0131yla ifadesine ba\u015fvurulan eski Genelkurmay Ba\u015fkan\u0131 emekli Orgeneral \u0130lker Ba\u015fbu\u011f, tutukland\u0131. Ba\u015fbu\u011f, Silivri cezaevine konuldu. <\/p>\n","protected":false},"author":1,"featured_media":0,"comment_status":"open","ping_status":"open","sticky":false,"template":"","format":"standard","meta":{"footnotes":""},"categories":[105],"tags":[],"class_list":["post-45841","post","type-post","status-publish","format-standard","hentry","category-gundem","odd"],"_links":{"self":[{"href":"http:\/\/www.korhanyilmaz.com\/index.php?rest_route=\/wp\/v2\/posts\/45841","targetHints":{"allow":["GET"]}}],"collection":[{"href":"http:\/\/www.korhanyilmaz.com\/index.php?rest_route=\/wp\/v2\/posts"}],"about":[{"href":"http:\/\/www.korhanyilmaz.com\/index.php?rest_route=\/wp\/v2\/types\/post"}],"author":[{"embeddable":true,"href":"http:\/\/www.korhanyilmaz.com\/index.php?rest_route=\/wp\/v2\/users\/1"}],"replies":[{"embeddable":true,"href":"http:\/\/www.korhanyilmaz.com\/index.php?rest_route=%2Fwp%2Fv2%2Fcomments&post=45841"}],"version-history":[{"count":0,"href":"http:\/\/www.korhanyilmaz.com\/index.php?rest_route=\/wp\/v2\/posts\/45841\/revisions"}],"wp:attachment":[{"href":"http:\/\/www.korhanyilmaz.com\/index.php?rest_route=%2Fwp%2Fv2%2Fmedia&parent=45841"}],"wp:term":[{"taxonomy":"category","embeddable":true,"href":"http:\/\/www.korhanyilmaz.com\/index.php?rest_route=%2Fwp%2Fv2%2Fcategories&post=45841"},{"taxonomy":"post_tag","embeddable":true,"href":"http:\/\/www.korhanyilmaz.com\/index.php?rest_route=%2Fwp%2Fv2%2Ftags&post=45841"}],"curies":[{"name":"wp","href":"https:\/\/api.w.org\/{rel}","templated":true}]}}