{"id":45837,"date":"2012-01-06T01:12:02","date_gmt":"2012-01-05T23:12:02","guid":{"rendered":"http:\/\/www.korhanyilmaz.com\/?p=45837"},"modified":"2012-01-06T03:30:51","modified_gmt":"2012-01-06T01:30:51","slug":"takdir-yuce-turk-milletinindir","status":"publish","type":"post","link":"http:\/\/www.korhanyilmaz.com\/?p=45837","title":{"rendered":"&#8220;Takdir y\u00fcce T\u00fcrk milletinindir&#8221;"},"content":{"rendered":"<p style=\"text-align: center;\"><a href=\"http:\/\/www.korhanyilmaz.com\/wp-content\/uploads\/2012\/01\/8960.jpg\"  class=\"lightview\"><img loading=\"lazy\" decoding=\"async\" class=\"aligncenter  wp-image-45838\" src=\"http:\/\/www.korhanyilmaz.com\/wp-content\/uploads\/2012\/01\/8960.jpg\" alt=\"\" width=\"322\" height=\"241\" \/><\/a><\/p>\n<p style=\"text-align: justify;\">\u00d6zel yetkili \u0130stanbul Cumhuriyet Ba\u015fsavc\u0131vekilli\u011fince ba\u015flat\u0131lan soru\u015fturma kapsam\u0131nda tutuklanan eski Genelkurmay Ba\u015fkan\u0131 emekli Orgeneral \u0130lker Ba\u015fbu\u011f, adliye \u00e7\u0131k\u0131\u015f\u0131nda &#8220;T\u00fcrkiye Cumhuriyeti&#8217;nin 26. Genelkurmay Ba\u015fkan\u0131, ter\u00f6r \u00f6rg\u00fct\u00fc kurmaktan ve y\u00f6netmekten tutukland\u0131. Takdir y\u00fcce T\u00fcrk milletinindir&#8221; dedi.<!--more--><\/p>\n<p style=\"text-align: justify;\">\u0130stanbul- Eski Genelkurmay Ba\u015fkan\u0131 emekli Orgeneral \u0130lker Ba\u015fbu\u011f, mahkemede t\u00fcm su\u00e7lamalar\u0131 reddederek \u015fu savunmay\u0131 yapt\u0131:<\/p>\n<p style=\"text-align: justify;\">\u201cBu su\u00e7u reddediyorum. Bu su\u00e7la itham edilen ki\u015fi T\u00fcrkiye Cumhuriyeti Devleti\u2019nin 26\u2019nc\u0131 Genelkurmay Ba\u015fkan\u0131\u2019d\u0131r. Bunu tarihe not olarak d\u00fc\u015fmekte yarar g\u00f6r\u00fcyorum. Ben Genelkurmay Ba\u015fkan\u0131 olarak TSK\u2019n\u0131n komutan\u0131y\u0131m ki bu T\u00fcrk Silahl\u0131 Kuvvetleri d\u00fcnyan\u0131n say\u0131l\u0131 en g\u00fc\u00e7l\u00fc ordular\u0131ndan bir tanesidir. B\u00f6yle bir orduya komuta eden birisinin silahl\u0131 ter\u00f6r \u00f6rg\u00fct\u00fc kurmak, y\u00f6netmek ile su\u00e7lanmas\u0131 ger\u00e7ekten trajikomik diyebiliriz.<\/p>\n<p style=\"text-align: justify;\">Ben 2002 y\u0131l\u0131 30 A\u011fustos\u2019unda orgeneralli\u011fe terfi ettim. Ve 2003 y\u0131l\u0131 A\u011fustos itibariyle Genelkurmay 2\u2019nci Ba\u015fkanl\u0131\u011f\u0131 g\u00f6revine atand\u0131m, \u015fu andaki siyasi iktidar taraf\u0131ndan. Bu g\u00f6revi yapt\u0131\u011f\u0131m 2003-2005 y\u0131llar\u0131 aras\u0131nda \u00e7e\u015fitli vesilelerle Say\u0131n Cumhurba\u015fkan\u0131 ve gerekse Say\u0131n Ba\u015fbakan ile \u00e7al\u0131\u015fmalar\u0131m\u0131z oldu. Yine bu siyasi iktidar taraf\u0131ndan 2006 y\u0131l\u0131nda Kara Kuvvetleri Komutan\u0131 olarak atand\u0131m. Yine \u015fu anki h\u00fck\u00fcmetimiz taraf\u0131ndan 2008-2010 y\u0131llar\u0131 aras\u0131nda Genelkurmay Ba\u015fkanl\u0131\u011f\u0131 g\u00f6revine atand\u0131m.<\/p>\n<p style=\"text-align: justify;\">Say\u0131n Cumhurba\u015fkan\u0131, Say\u0131n Ba\u015fbakan, Milli G\u00fcvenlik Kurulu \u00fcyesi olarak bu h\u00fck\u00fcmetin bakanlar\u0131yla birlikte \u00e7al\u0131\u015ft\u0131k. \u015eimdi elbette devletimizin istihbarat olanak ve imk\u00e2nlar\u0131 var. Bu kadar sene beraber \u00e7al\u0131\u015f\u0131yoruz ki siyasi otoritenin en b\u00fcy\u00fck makamlar\u0131yla o d\u00f6nemlerde benim bir silahl\u0131 ter\u00f6r \u00f6rg\u00fct\u00fc kurmam ve y\u00f6netmem tespit edilememi\u015ftir ki bu \u00fczerinde durulmas\u0131 gereken bir nokta. Tespit edilmi\u015f ve bu g\u00f6revde tutulmu\u015fsa bu da ayr\u0131 bir nokta.<\/p>\n<p style=\"text-align: justify;\">Ben 30 A\u011fustos 2010 y\u0131l\u0131nda emekli olduktan 1.5 y\u0131l sonra ben b\u00f6yle bir su\u00e7lamayla kar\u015f\u0131 kar\u015f\u0131ya kald\u0131m. \u00c7ok \u00fcz\u00fcc\u00fc, anla\u015f\u0131lmas\u0131 zor. Netice olarak b\u00f6yle bir iddiay\u0131 duymak, i\u015fitmek silahl\u0131 kuvvetlere, \u00fclkeye, \u015ferefiyle, onuruyla g\u00f6rev vermi\u015f birisi i\u00e7in \u00e7ok a\u011f\u0131r bir iddia. Bu iddian\u0131n bu \u015fekilde dile getirilmesi bile benim i\u00e7in en a\u011f\u0131r cezad\u0131r. Bundan sonra ne ceza verilirse bu beni daha fazla \u00fczmez. Bu kanaate nas\u0131l ula\u015f\u0131lm\u0131\u015ft\u0131r. Savc\u0131l\u0131k sorgum esnas\u0131nda ciddi bir soru ile muhatap olmad\u0131m. E\u011fer bunlarla bu sonuca var\u0131larak su\u00e7lan\u0131yorsam bu ger\u00e7ekten \u00e7ok ac\u0131d\u0131r.<\/p>\n<p style=\"text-align: justify;\">Bir iki bas\u0131n a\u00e7\u0131klamas\u0131, ve bir iki internet sitesi haberiyle h\u00fck\u00fcmeti y\u0131kmakla itham ediliyorsam bu \u00e7ok ac\u0131d\u0131r. Benim b\u00f6yle k\u00f6t\u00fc bir amac\u0131m olsa 700 bin ki\u015filik g\u00fcc\u00fc elinde tutan bir komutan olarak bunu yapman\u0131n ba\u015fka yollar\u0131 da olabilirdi. Ben g\u00f6rev hayat\u0131m boyunca her zaman kanunlar\u0131n ve anayasan\u0131n \u00e7izgisinde oldum. Ancak bug\u00fcn iddia edilen su\u00e7lar ve bu su\u00e7lamaya giden de\u011ferlendirmeler dosyadan vak\u0131f oldu\u011funuz \u00fczere benim d\u00f6nemimle ilgili internet siteleriyle bir ilgim olmad\u0131\u011f\u0131 da savunmalar\u0131mda mevcuttur.\u201d<\/p>\n<p style=\"text-align: justify;\">N\u00f6bet\u00e7i hakim taraf\u0131ndan sorulan soru \u00fczerine Ba\u015fbu\u011f, \u201c2008 y\u0131l\u0131 30 A\u011fustos tarihinde Genelkurmay Ba\u015fkanl\u0131\u011f\u0131 g\u00f6revime ba\u015flad\u0131m. 4 \u015eubat 2009\u2019da bu internet siteleriyle ilgili olarak bir haber yay\u0131mland\u0131. Bu haber \u00fczerine konunun derhal incelenmesini istedik ve o haberde sadece site adresleri vard\u0131. Herhangi bir i\u00e7erik yoktu. \u0130lk inceleme sonucunda \u015fekil ve teknik a\u00e7\u0131dan bu sitelerin kanuna uygun olmad\u0131\u011f\u0131 bilgisi bana verildi\u011finde bu siteleri kapatt\u0131rd\u0131m.<\/p>\n<p style=\"text-align: justify;\">Asl\u0131nda bana te\u015fekk\u00fcr edilmesi gerekir ki ben bu siteleri kapatt\u0131ran ki\u015fiyim. Ayr\u0131ca 30 A\u011fustos 2008-\u015eubat 2009 tarihleri aras\u0131nda da bu sitelerde hi\u00e7bir i\u015flem yoktur. Bu sitelerin son g\u00fcncelleme tarihlerine bak\u0131ld\u0131\u011f\u0131nda benim g\u00f6rev s\u00fcremden \u00f6ncesidir. \u015eubat 2009 tarihinden sonra 4 sitenin kurulmas\u0131 konusu bu and\u0131c\u0131n temel konusudur. Bu and\u0131\u00e7 bana arzedilmedi. Arzedilmi\u015f olsa muhakkak \u00fczerinde imzam ya da parafem olurdu. Bir ki\u015fi \u00e7\u0131k\u0131p bu and\u0131c\u0131n \u00fczerinde komutan\u0131n imzas\u0131n\u0131 ya da paraf\u0131n\u0131 g\u00f6rd\u00fcm diyen bir ki\u015fi dahi yoktur. Haz\u0131rl\u0131k a\u015famas\u0131nda olan bu siteler de 19 Haziran 2009 tarihinde kapat\u0131ld\u0131.<\/p>\n<p style=\"text-align: justify;\">Bu siteler aktif dahi edilmemi\u015f, bir haber dahi yap\u0131lmam\u0131\u015ft\u0131r. Bu sitelerde ifade etti\u011fim gibi 19 Haziran 2009\u2019da kapat\u0131ld\u0131, internet and\u0131c\u0131yla ilgili bilgim 4 Kas\u0131m 2009 tarihinde oldu. Haberin yay\u0131mlanmas\u0131na m\u00fcteakip \u015eubat 2009\u2019da kapatt\u0131\u011f\u0131m\u0131z sitelerin i\u00e7erikleri nedir, burada ne yap\u0131lm\u0131\u015ft\u0131r konusunun cevab\u0131n\u0131 veya bu konuyla ilgili bilgileri de ancak internet and\u0131c\u0131yla ilgili iddianamenin 2011 y\u0131l\u0131n\u0131n a\u011fustos ay\u0131nda iddianame \u00e7\u0131kt\u0131\u011f\u0131 zaman k\u0131smen \u00f6\u011frendim. Bu durumda devletin asl\u0131nda bana te\u015fekk\u00fcr etmesi gerekirken bug\u00fcn bu konuyla su\u00e7lanmam tarihin ac\u0131 bir cilvesidir. Yani \u015funu demek istiyorum; benim d\u00f6nemimde bu internet sitelerinde su\u00e7 te\u015fkil eden bir tane olay ortaya konulmu\u015fsa ki yoktur, bunu da a\u00e7\u0131klam\u0131\u015f olmak isterim.<\/p>\n<p style=\"text-align: justify;\">\u0130kinci ba\u015fkan taraf\u0131ndan say\u0131n komutana arz diye sunulan bir belge normal \u015fartlarda bana arz edilmesi gerekir. Ancak kesinlikle arz edilmedi. Arz edilmi\u015f olsa bir imza, bir paraf mutlaka konulurdu. Bu and\u0131\u00e7 2\u2019nci ba\u015fkan taraf\u0131ndan 1 Nisan 2009 tarihinde paraflanm\u0131\u015ft\u0131r. \u0130ddialara g\u00f6re bu and\u0131c\u0131n bana 14 Nisan 2009 tarihinde arz edildi\u011fi iddia ediliyor. Ancak bu and\u0131c\u0131n 2 Nisan 2009 tarihinde karargah i\u00e7inde i\u015fleme girdi\u011fini de g\u00f6r\u00fcyoruz.<\/p>\n<p style=\"text-align: justify;\">Bu bana okumu\u015f oldu\u011funuz \u0130stanbul 13\u2019\u00fcnc\u00fc A\u011f\u0131r Ceza Mahkemesi tutanaklar\u0131ndaki komutan\u0131n imzas\u0131n\u0131 g\u00f6rd\u00fcm. Komutan imzalad\u0131 y\u00f6n\u00fcndeki beyanlar sadece de\u011ferlendirmedir. Hatta ayn\u0131 ki\u015filerin daha sonraki beyanlar\u0131nda bu kez de imzay\u0131 g\u00f6rmedim \u015feklinde savc\u0131ya beyanlar\u0131 vard\u0131r. Y\u00fczba\u015f\u0131 Murat Usluk\u0131l\u0131\u00e7 (And\u0131\u00e7 Davas\u0131 san\u0131\u011f\u0131) ve Mehmet Er\u00f6z\u2019\u00fcn 29 Aral\u0131k 2011 tarihli duru\u015fmadaki beyanlar\u0131 komutandan veya Genelkurmay Ba\u015fkan\u0131\u2019ndan evrak\u0131n geldi\u011finin s\u00f6ylendi\u011fi, ancak s\u00f6z konusu internet and\u0131c\u0131 \u00fczerinde komutan\u0131n imzas\u0131n\u0131 g\u00f6rd\u00fcn\u00fcz m\u00fc sorusuna ikisinin de verdi\u011fi net cevap \u2018g\u00f6rmedim\u2019 \u015feklindedir.<\/p>\n<p style=\"text-align: justify;\">Hatta daha sonra Y\u00fczba\u015f\u0131 Murat Usluk\u0131l\u0131\u00e7 ifadesinde \u015f\u00f6yle devam etmi\u015ftir; 2 evrak geldi, evraklardan birisi Ermenistan ile ilgili bir evrak ve internet and\u0131c\u0131 evrak\u0131. Ermenistan evrak\u0131nda komutan\u0131n imzas\u0131 vard\u0131, di\u011ferinde yoktu. Bu Y\u00fczba\u015f\u0131 Murat Usluk\u0131l\u0131\u00e7\u2019\u0131n ifadesidir. Di\u011ferleri sadece de\u011ferlendirmedir. 2\u2019nci ba\u015fkan say\u0131n komutana arz yazd\u0131\u011f\u0131 zaman o evrak\u0131n komutana arz edilmesi gerekir, ancak kesinlikle arz edilmemi\u015ftir. \u015eunu da ekleyebiliriz ki and\u0131\u00e7 bir karargahtaki faaliyetleri ba\u015flatan bir eylemdir. Bu and\u0131\u00e7 ile 4 sitenin kurulmas\u0131 i\u015flemi ba\u015flat\u0131lm\u0131\u015ft\u0131r. Ancak bu sitelerin aktif hale gelmesi i\u00e7in and\u0131\u00e7 yeterli olmaz. Bunun olmas\u0131 i\u00e7in uygulama emri yay\u0131mlanmas\u0131 gerekir. Ancak bu konuda \u00f6yle bir \u015fey de s\u00f6z konusu olmam\u0131\u015ft\u0131r. \u00dczerime at\u0131l\u0131 su\u00e7lamay\u0131 kabul etmiyorum, serbest b\u0131rak\u0131lmam\u0131 talep ediyorum.<\/p>\n<p style=\"text-align: justify;\">Mahkeme hakimi Vedat Dalda, tutuklama karar\u0131nda \u015funlara yer verdi:<\/p>\n<p style=\"text-align: justify;\">\u015e\u00fcpheli Mehmet \u0130lker Ba\u015fbu\u011f&#8217;un \u00fczerine at\u0131l\u0131 silahl\u0131 ter\u00f6r \u00f6rg\u00fct\u00fc kurmak veya y\u00f6netme ve T\u00fcrkiye Cumhuriyeti h\u00fck\u00fcmetini ortadan kald\u0131rmaya veya g\u00f6revini yapmas\u0131na engellemeye te\u015febb\u00fcs etme su\u00e7lar\u0131n\u0131n vas\u0131f ve mahiyeti \u015f\u00fcphelinin \u00fczerine at\u0131l\u0131 su\u00e7lar\u0131 i\u015fledi\u011fine ili\u015fkin kuvvetli su\u00e7 \u015f\u00fcphesinin varl\u0131\u011f\u0131n\u0131 g\u00f6steren olgular\u0131n bulunmas\u0131 su\u00e7lar\u0131n ceza muhakemesi kanununun 103\/3 say\u0131l\u0131 katalog su\u00e7lardan olmas\u0131 nedeniyle \u015f\u00fcphelinin \u00fczerine at\u0131l\u0131 bu su\u00e7lardan ayr\u0131 ayr\u0131 tutuklanmas\u0131na karar verildi.<\/p>\n<p style=\"text-align: justify;\"><a href=\"http:\/\/cumhuriyet.com.tr\/?hn=305762\" target=\"_blank\">Kaynak : Cumhuriyet Haber Portal\u0131<\/a><\/p>\n","protected":false},"excerpt":{"rendered":"<p style=\"text-align: center;\">\n<p style=\"text-align: justify;\">\u00d6zel yetkili \u0130stanbul Cumhuriyet Ba\u015fsavc\u0131vekilli\u011fince ba\u015flat\u0131lan soru\u015fturma kapsam\u0131nda tutuklanan eski Genelkurmay Ba\u015fkan\u0131 emekli Orgeneral \u0130lker Ba\u015fbu\u011f, adliye \u00e7\u0131k\u0131\u015f\u0131nda &#8220;T\u00fcrkiye Cumhuriyeti&#8217;nin 26. Genelkurmay Ba\u015fkan\u0131, ter\u00f6r \u00f6rg\u00fct\u00fc kurmaktan ve y\u00f6netmekten tutukland\u0131. Takdir y\u00fcce T\u00fcrk milletinindir&#8221; dedi.<\/p>\n","protected":false},"author":1,"featured_media":0,"comment_status":"open","ping_status":"open","sticky":false,"template":"","format":"standard","meta":{"footnotes":""},"categories":[105],"tags":[],"class_list":["post-45837","post","type-post","status-publish","format-standard","hentry","category-gundem","odd"],"_links":{"self":[{"href":"http:\/\/www.korhanyilmaz.com\/index.php?rest_route=\/wp\/v2\/posts\/45837","targetHints":{"allow":["GET"]}}],"collection":[{"href":"http:\/\/www.korhanyilmaz.com\/index.php?rest_route=\/wp\/v2\/posts"}],"about":[{"href":"http:\/\/www.korhanyilmaz.com\/index.php?rest_route=\/wp\/v2\/types\/post"}],"author":[{"embeddable":true,"href":"http:\/\/www.korhanyilmaz.com\/index.php?rest_route=\/wp\/v2\/users\/1"}],"replies":[{"embeddable":true,"href":"http:\/\/www.korhanyilmaz.com\/index.php?rest_route=%2Fwp%2Fv2%2Fcomments&post=45837"}],"version-history":[{"count":0,"href":"http:\/\/www.korhanyilmaz.com\/index.php?rest_route=\/wp\/v2\/posts\/45837\/revisions"}],"wp:attachment":[{"href":"http:\/\/www.korhanyilmaz.com\/index.php?rest_route=%2Fwp%2Fv2%2Fmedia&parent=45837"}],"wp:term":[{"taxonomy":"category","embeddable":true,"href":"http:\/\/www.korhanyilmaz.com\/index.php?rest_route=%2Fwp%2Fv2%2Fcategories&post=45837"},{"taxonomy":"post_tag","embeddable":true,"href":"http:\/\/www.korhanyilmaz.com\/index.php?rest_route=%2Fwp%2Fv2%2Ftags&post=45837"}],"curies":[{"name":"wp","href":"https:\/\/api.w.org\/{rel}","templated":true}]}}