{"id":45834,"date":"2012-01-05T15:21:47","date_gmt":"2012-01-05T13:21:47","guid":{"rendered":"http:\/\/www.korhanyilmaz.com\/?p=45834"},"modified":"2012-01-06T02:34:00","modified_gmt":"2012-01-06T00:34:00","slug":"buyuk-tesaduf-denizliyi-karistirdi","status":"publish","type":"post","link":"http:\/\/www.korhanyilmaz.com\/?p=45834","title":{"rendered":"&#8216;B\u00fcy\u00fck tesad\u00fcf&#8217; Denizli&#8217;yi kar\u0131\u015ft\u0131rd\u0131!"},"content":{"rendered":"<p style=\"text-align: center;\"><a href=\"http:\/\/www.korhanyilmaz.com\/wp-content\/uploads\/2012\/01\/8959.jpg\"  class=\"lightview\"><img loading=\"lazy\" decoding=\"async\" class=\"aligncenter  wp-image-45835\" src=\"http:\/\/www.korhanyilmaz.com\/wp-content\/uploads\/2012\/01\/8959.jpg\" alt=\"\" width=\"336\" height=\"223\" \/><\/a><\/p>\n<p style=\"text-align: justify;\">AK Parti eski milletvekili Mithat Ekici&#8217;nin g\u00f6z doktoru k\u0131z\u0131 Feyzahan Ekici&#8217;nin kura \u00e7ekimi sonucu mecburi hizmetini; AK Parti \u0130l Ba\u015fkan\u0131 Avni \u00d6rki&#8217;nin de pratisyen doktor olan e\u015fi Nur \u00d6rki&#8217;nin ilk g\u00f6revini memleketleri Denizli&#8217;de yapmas\u0131 ele\u015ftiri konusu oldu.<!--more--><\/p>\n<p style=\"text-align: justify;\">DEN\u0130ZL\u0130 &#8211; Denizli Tabip Odas\u0131 Ba\u015fkan\u0131 Dr. Ersin \u00c7a\u011f\u0131rgan durumu &#8220;b\u00fcy\u00fck tesad\u00fcf&#8221; olarak nitelendirirken, eski milletvekili Ekici &#8220;K\u0131z\u0131m\u0131n atamas\u0131n\u0131 torpille, Denizli&#8217;ye yapt\u0131rmam m\u00fcmk\u00fcn de\u011fil. \u00c7\u00fcnk\u00fc, bilgisayar ortam\u0131nda noter huzurunda kura \u00e7ekimi oldu&#8221; dedi. AK Parti \u0130l Ba\u015fkan\u0131 Avni \u00d6rki de ataman\u0131n ihtiya\u00e7tan kaynakland\u0131\u011f\u0131n\u0131 s\u00f6yledi.<\/p>\n<p style=\"text-align: justify;\">G\u00fcneydo\u011fu ve Do\u011fu Anadolu b\u00f6lgeleri ba\u015fta olmak \u00fczere doktor eksi\u011fi olan yerlere atama i\u00e7in ge\u00e7en A\u011fustos ay\u0131nda kura \u00e7ekimi yap\u0131ld\u0131. Kura \u00e7ekimine T\u00fcrkiye genelinden kat\u0131lan 51 g\u00f6z doktorundan biri de \u00f6nceki d\u00f6nem AK Parti Denizli milletvekili Mithat Ekici&#8217;nin k\u0131z\u0131 Uzm. Dr. Feyzahan Ekici oldu. Hacettepe \u00dcniversitesi T\u0131p Fak\u00fcltesi G\u00f6z Hastal\u0131klar\u0131 B\u00f6l\u00fcm\u00fc&#8217;nden mezun olan Uzm. Dr. Feyzahan Ekici, kurada Denizli Tavas Devlet Hastanesi&#8217;ni \u00e7ekti. Burada g\u00f6reve ba\u015flayan Ekici, bunun yan\u0131s\u0131ra &#8220;ihtiya\u00e7 nedeniyle&#8221; haftan\u0131n iki g\u00fcn\u00fc de babas\u0131n\u0131n milletvekili olmadan \u00f6nce ba\u015fhekimlik yapt\u0131\u011f\u0131 Denizli Devlet Hastanesi&#8217;nde \u00e7al\u0131\u015fmaya ba\u015flad\u0131. 40&#8217;\u0131nc\u0131 D\u00f6nem Devlet Hizmet Y\u00fck\u00fcml\u00fcl\u00fc\u011f\u00fc Kuras\u0131&#8217;nda memleketi Denizli&#8217;yi \u00e7eken doktorun atamas\u0131n\u0131n 5 Eyl\u00fcl&#8217;de yap\u0131ld\u0131\u011f\u0131 \u00f6\u011frenildi.<\/p>\n<p style=\"text-align: justify;\">AK Parti Denizli \u0130l Ba\u015fkan\u0131 Avni \u00d6rki&#8217;nin pratisyen doktor olan e\u015fi Dr. Nur \u00d6rki&#8217;in de ilk g\u00f6rev yeri memleketi oldu. Denizli \u00d6zel Tekden Hastanesi&#8217;nde g\u00f6rev yapan \u00d6rki, kamu hizmetinde bulunmak i\u00e7in ba\u015fvuruda bulundu. 1 Temmuz 2005 \u00f6ncesi mezunu oldu\u011fu i\u00e7in de Devlet Hizmet Y\u00fck\u00fcml\u00fcl\u00fc\u011f\u00fc bulunmayan \u00d6rki&#8217;nin atamas\u0131 Sa\u011fl\u0131k Bakanl\u0131\u011f\u0131 taraf\u0131ndan Buldan Arif Cerit Devlet Hastanesi&#8217;ne yap\u0131ld\u0131. Denizli \u0130l Sa\u011fl\u0131k M\u00fcd\u00fcrl\u00fc\u011f\u00fc de, \u00d6rki&#8217;yi &#8220;doktor eksikli\u011fi&#8221; nedeniyle ge\u00e7ici g\u00f6revlendirme ile Ana \u00c7ocuk Sa\u011fl\u0131\u011f\u0131 Aile Planmas\u0131 Merkezi&#8217;nde g\u00f6revlendirdi.<\/p>\n<p style=\"text-align: justify;\"><strong>&#8220;B\u00dcY\u00dcK TESAD\u00dcF&#8221;\u00a0<\/strong><\/p>\n<p style=\"text-align: justify;\">Denizli Tabip Odas\u0131 Ba\u015fkan\u0131 Dr. Ersin \u00c7a\u011f\u0131rgan, eski milletvekilinin k\u0131z\u0131 ve iktidar partisinin il ba\u015fkan\u0131n\u0131n e\u015finin memleketlerinde g\u00f6rev yapmas\u0131n\u0131n &#8220;elbette \u00e7ok do\u011fal&#8221; olarak de\u011ferlendirilebilece\u011fini, ancak ikisinin de durumunun &#8220;b\u00fcy\u00fck tesad\u00fcf&#8221; oldu\u011funu s\u00f6yledi.<\/p>\n<p style=\"text-align: justify;\">Uzm. Dr. Feyzahan Ekici&#8217;nin mecburi hizmet zorunlulu\u011fu bulundu\u011funu belirten \u00c7a\u011f\u0131rgan, &#8220;Say\u0131n meslekta\u015f\u0131m\u0131z mecburi hizmetini yapmak zorundayd\u0131. Kura \u00e7ekimi bilgisayar ortam\u0131nda yap\u0131ld\u0131. Nas\u0131l oluyor da ilk atamas\u0131 Tavas&#8217;a \u00e7\u0131k\u0131yor? Bu \u00e7ok d\u00fc\u015f\u00fcnd\u00fcr\u00fcc\u00fc. Uzman doktor oldu\u011fu i\u00e7in mecburi hizmet zorunlulu\u011fu var. Mecburi hizmet birimi, Denizli&#8217;ye 46 km. uzakl\u0131ktaki Tavas&#8217;ta bulunuyor. Feyzahan Ekici haftan\u0131n iki g\u00fcn\u00fc de kent merkezinde \u00e7al\u0131\u015f\u0131yor. 11 Aral\u0131k 2007&#8217;de Resmi Gazete&#8217;de yay\u0131nlanarak y\u00fcr\u00fcrl\u00fc\u011fe giren mecburi hizmet yasas\u0131n\u0131 TBMM&#8217;den \u00e7\u0131kartan milletvekillerinden biri de Mithat Ekici idi. K\u0131z\u0131na ayr\u0131cal\u0131k tan\u0131nd\u0131\u011f\u0131n\u0131 d\u00fc\u015f\u00fcn\u00fcyorum&#8221; dedi.<\/p>\n<p style=\"text-align: justify;\">AK Parti \u0130l Ba\u015fkan\u0131&#8217;n\u0131n e\u015fini Nur \u00d6rki&#8217;nin de durumunu da de\u011ferlendiren \u00c7a\u011f\u0131rgan, &#8220;Denizli merkeze gelmek isteyen ve il\u00e7elerde g\u00f6rev yapan onlarca doktor var. Bunlar\u0131n her biri 10-20 y\u0131ll\u0131k doktor. Bunlar merkeze gelemezken AK parti il ba\u015fkan\u0131n\u0131n e\u015finin, Buldan&#8217;da hi\u00e7 g\u00f6reve ba\u015flamadan, Denizli merkezde \u00e7al\u0131\u015fmaya ba\u015flamas\u0131 etik de\u011fildir. Bu ba\u015fkalar\u0131n\u0131 ma\u011fdur etmek anlam\u0131na geliyor&#8221; dedi.<\/p>\n<p style=\"text-align: justify;\"><strong>&#8220;TORP\u0130L M\u00dcMK\u00dcN DE\u011e\u0130L&#8221;\u00a0<\/strong><\/p>\n<p style=\"text-align: justify;\">AK Parti Denizli eski milletvekili Mithat Ekici, Mecburi Hizmet Yasas\u0131&#8217;n\u0131n yasal ad\u0131yla devlet hizmeti y\u00fck\u00fcml\u00fcl\u00fc\u011f\u00fcn\u00fcn 11 Aral\u0131k 2007&#8217;de Resmi Gazete&#8217;de yay\u0131nlanarak y\u00fcr\u00fcrl\u00fc\u011fe girdi\u011fini hat\u0131rlatt\u0131. Ekici, &#8220;K\u0131z\u0131m\u0131n atamas\u0131n\u0131 torpille, Denizli&#8217;ye yapt\u0131rmam m\u00fcmk\u00fcn de\u011fil. \u00c7\u00fcnk\u00fc, bilgisayar ortam\u0131nda noter huzurunda kura \u00e7ekimi oldu. Ben kura \u00e7ekiminin nerede oldu\u011funu bile bilmiyorum. Bildi\u011fim tek \u015fey kura \u00e7ekimini Sa\u011fl\u0131k Bakanl\u0131\u011f\u0131&#8217;n\u0131n yapmas\u0131. Noter huzurunda yap\u0131lan kura \u00e7ekiminde isteseniz de, torpil yapt\u0131ramazs\u0131n\u0131z. K\u0131z\u0131m\u0131n atamas\u0131 tamamen kendi \u015fans\u0131d\u0131r&#8221; dedi.<\/p>\n<p style=\"text-align: justify;\"><strong>&#8220;\u0130HT\u0130YA\u00c7TAN KAYNAKLANDI&#8221;\u00a0<\/strong><\/p>\n<p style=\"text-align: justify;\">AK Parti \u0130l Ba\u015fkan\u0131 Avni \u00d6rki de e\u015finin Ana \u00c7ocuk Sa\u011fl\u0131\u011f\u0131 Aile Planlamas\u0131 Merkezi&#8217;ne atanmas\u0131n\u0131n ihtiya\u00e7tan kaynakland\u0131\u011f\u0131n\u0131 s\u00f6yledi. \u00d6rki, &#8220;B\u00f6yle bir olayda torpil olmas\u0131 imkans\u0131z. E\u015fim devlet memurlu\u011fu i\u00e7in \u00fc\u00e7\u00fcnc\u00fc kez ba\u015fvurdu. Daha \u00f6nceki ba\u015fvurular\u0131 olmad\u0131. Kendisinin Buldan&#8217;da g\u00f6reve ba\u015flamadan merkeze atanmas\u0131 \u0130l Sa\u011fl\u0131k M\u00fcd\u00fcrl\u00fc\u011f\u00fc&#8217;n\u00fcn karar\u0131d\u0131r. Ben m\u00fcdahale etmedim. E\u015fimle g\u00f6r\u00fc\u015ft\u00fcm. Bana, &#8216;merkezde ihtiya\u00e7 oldu\u011funu, bu nedenle g\u00f6revlindirildi\u011fini&#8217; s\u00f6yledi. Yani durumu ben de kendisinden \u00f6\u011frendim. E\u015fimin Denizli merkezde g\u00f6revlendirilmesinin polemik konusu yap\u0131lmas\u0131ndan rahats\u0131zl\u0131k duydum&#8221; dedi.<\/p>\n<p style=\"text-align: justify;\"><a href=\"http:\/\/www.radikal.com.tr\/Radikal.aspx?aType=RadikalDetayV3&amp;ArticleID=1074648&amp;Date=06.01.2012&amp;CategoryID=77\" target=\"_blank\">Kaynak : Radikal.com.tr<\/a><\/p>\n","protected":false},"excerpt":{"rendered":"<p style=\"text-align: center;\">\n<p style=\"text-align: justify;\">AK Parti eski milletvekili Mithat Ekici&#8217;nin g\u00f6z doktoru k\u0131z\u0131 Feyzahan Ekici&#8217;nin kura \u00e7ekimi sonucu mecburi hizmetini; AK Parti \u0130l Ba\u015fkan\u0131 Avni \u00d6rki&#8217;nin de pratisyen doktor olan e\u015fi Nur \u00d6rki&#8217;nin ilk g\u00f6revini memleketleri Denizli&#8217;de yapmas\u0131 ele\u015ftiri konusu oldu.<\/p>\n","protected":false},"author":1,"featured_media":0,"comment_status":"open","ping_status":"open","sticky":false,"template":"","format":"standard","meta":{"footnotes":""},"categories":[105],"tags":[],"class_list":["post-45834","post","type-post","status-publish","format-standard","hentry","category-gundem","odd"],"_links":{"self":[{"href":"http:\/\/www.korhanyilmaz.com\/index.php?rest_route=\/wp\/v2\/posts\/45834","targetHints":{"allow":["GET"]}}],"collection":[{"href":"http:\/\/www.korhanyilmaz.com\/index.php?rest_route=\/wp\/v2\/posts"}],"about":[{"href":"http:\/\/www.korhanyilmaz.com\/index.php?rest_route=\/wp\/v2\/types\/post"}],"author":[{"embeddable":true,"href":"http:\/\/www.korhanyilmaz.com\/index.php?rest_route=\/wp\/v2\/users\/1"}],"replies":[{"embeddable":true,"href":"http:\/\/www.korhanyilmaz.com\/index.php?rest_route=%2Fwp%2Fv2%2Fcomments&post=45834"}],"version-history":[{"count":0,"href":"http:\/\/www.korhanyilmaz.com\/index.php?rest_route=\/wp\/v2\/posts\/45834\/revisions"}],"wp:attachment":[{"href":"http:\/\/www.korhanyilmaz.com\/index.php?rest_route=%2Fwp%2Fv2%2Fmedia&parent=45834"}],"wp:term":[{"taxonomy":"category","embeddable":true,"href":"http:\/\/www.korhanyilmaz.com\/index.php?rest_route=%2Fwp%2Fv2%2Fcategories&post=45834"},{"taxonomy":"post_tag","embeddable":true,"href":"http:\/\/www.korhanyilmaz.com\/index.php?rest_route=%2Fwp%2Fv2%2Ftags&post=45834"}],"curies":[{"name":"wp","href":"https:\/\/api.w.org\/{rel}","templated":true}]}}