{"id":45830,"date":"2012-01-06T01:23:07","date_gmt":"2012-01-05T23:23:07","guid":{"rendered":"http:\/\/www.korhanyilmaz.com\/?p=45830"},"modified":"2012-01-06T02:08:57","modified_gmt":"2012-01-06T00:08:57","slug":"internet-andicinda-bugune-nasil-gelindi","status":"publish","type":"post","link":"http:\/\/www.korhanyilmaz.com\/?p=45830","title":{"rendered":"\u0130nternet And\u0131c\u0131&#8217;nda bug\u00fcne nas\u0131l gelindi?"},"content":{"rendered":"<p style=\"text-align: center;\"><a href=\"http:\/\/www.korhanyilmaz.com\/wp-content\/uploads\/2012\/01\/8958.jpg\"  class=\"lightview\"><img loading=\"lazy\" decoding=\"async\" class=\"aligncenter  wp-image-45831\" src=\"http:\/\/www.korhanyilmaz.com\/wp-content\/uploads\/2012\/01\/8958.jpg\" alt=\"\" width=\"462\" height=\"210\" \/><\/a><\/p>\n<p style=\"text-align: justify;\">Genelkurmay eski Ba\u015fkan\u0131 \u0130lker Ba\u015fbu\u011f&#8217;un tutukland\u0131\u011f\u0131 \u0130nternet And\u0131c\u0131 Davas\u0131 ile ilgili t\u00fcm detaylar.<\/p>\n<p style=\"text-align: justify;\">\u0130STANBUL &#8211; AK Parti h\u00fck\u00fcmetleri aleyhine kara propaganda ama\u00e7l\u0131 kuruldu\u011fu ve Genelkurmay Ba\u015fkanl\u0131\u011f\u0131 taraf\u0131ndan i\u015fletildi\u011fi belirtilen internet sitelerine ili\u015fkin y\u00fcr\u00fct\u00fclen \u0130nternet And\u0131c\u0131 soru\u015fturmas\u0131nda yarg\u0131 s\u00fcreci 29 Temmuz 2011&#8217;de iddianamenin kabul edilmesiyle ba\u015flad\u0131.\u00a0<!--more--><\/p>\n<p style=\"text-align: justify;\">Dava, 29 Nisan 2010&#8217;de kabul edilen iddianameyle ba\u015flayan \u0130rtica \u0130le M\u00fccadele Eylem Plan\u0131 Davas\u0131 ile birle\u015ftirildi.<\/p>\n<p style=\"text-align: justify;\">29 san\u0131kl\u0131 davada Albay Dursun \u00c7i\u00e7ek ve emekli orgeneral Hasan I\u011fs\u0131z dahil 15 ki\u015fi tutuklu bulunuyor. Hakk\u0131nda yakalama karar\u0131 olan Nusret Ta\u015fdeler hen\u00fcz teslim olmad\u0131. Mustafa Bak\u0131c\u0131 ve Bedrettin Dalan ise yurtd\u0131\u015f\u0131nda firari.<\/p>\n<p style=\"text-align: justify;\">\u0130rtica ile M\u00fccadele Eylem Plan\u0131 ve \u0130nternet And\u0131c\u0131 davalar\u0131n\u0131n birle\u015ftirilmesinin ard\u0131ndan yarg\u0131lamay\u0131 yapan \u0130stanbul 13. A\u011f\u0131r Ceza Mahkemesi, san\u0131k subaylar\u0131n savunmalar\u0131nda \u201cyetkili isim\u201d olarak i\u015faret etti\u011fi ve belgelerde ad\u0131 ge\u00e7en eski Genelkurmay Ba\u015fkan\u0131 emekli Orgeneral \u0130lker Ba\u015fbu\u011f hakk\u0131nda su\u00e7 duyurusunda bulunmu\u015ftu. Mahkemenin 30 Aral\u0131k 2011\u2019de ald\u0131\u011f\u0131 karar do\u011frultusunda emekli Orgeneral \u0130lker Ba\u015fbu\u011f hakk\u0131nda \u0130stanbul Cumhuriyet Savc\u0131l\u0131\u011f\u0131\u2019nca soru\u015fturma ba\u015flat\u0131lm\u0131\u015ft\u0131. \u0130stanbul Cumhuriyet Savc\u0131s\u0131 Cihan Kans\u0131z taraf\u0131ndan y\u00fcr\u00fct\u00fclen soru\u015fturma kapsam\u0131nda Ba\u015fbu\u011f\u2019a tebligat g\u00f6nderildi. Tebligatta Ba\u015fbu\u011f\u2019un \u201c\u015f\u00fcpheli\u201d s\u0131fat\u0131yla ifadeye gelmesi istenildi.<\/p>\n<p style=\"text-align: justify;\">Ba\u015fbu\u011f, Adliye&#8217;deki 7 saatlik sorgusunun ard\u0131ndan tutuklanmas\u0131 talebiyle mahkemeye sevk edildi. Ba\u015fbu\u011f, sevk edildi\u011fi mahkemece &#8220;darbeye te\u015febb\u00fcs ve \u00f6rg\u00fct y\u00f6neticili\u011fi&#8221; su\u00e7lamas\u0131yla tutukland\u0131.<\/p>\n<p style=\"text-align: justify;\"><span style=\"text-decoration: underline;\">\u0130\u015fte birle\u015ftirilen \u0130nternet And\u0131c\u0131 ve \u0130rtica ile M\u00fccadele Eylem Plan\u0131 davalar\u0131nda san\u0131klar\u0131n tam listesi:\u00a0<\/span><\/p>\n<p style=\"text-align: justify;\">BEDRETT\u0130N DALAN &#8211; Firari<\/p>\n<p style=\"text-align: justify;\">Albay DURSUN \u00c7\u0130\u00c7EK &#8211; Tutuklu<\/p>\n<p style=\"text-align: justify;\">SERDAR \u00d6ZT\u00dcRK &#8211; Tutuklu<\/p>\n<p style=\"text-align: justify;\">UFUK AKKAYA<\/p>\n<p style=\"text-align: justify;\">MEHMET DEN\u0130Z YILDIRIM &#8211; Tutuklu<\/p>\n<p style=\"text-align: justify;\">\u0130LHAM\u0130 \u00dcM\u0130T HANDAN<\/p>\n<p style=\"text-align: justify;\">\u00d6ZEL YILMAZ<\/p>\n<p style=\"text-align: justify;\">Emekli Org. HASAN I\u011eSIZ &#8211; Tutuklu<\/p>\n<p style=\"text-align: justify;\">Korg. MEHMET ER\u00d6Z &#8211; Tutuklu<\/p>\n<p style=\"text-align: justify;\">Emekli T\u00fcmg. MUSTAFA BAKICI &#8211; Firari<\/p>\n<p style=\"text-align: justify;\">Org. H\u00dcSEY\u0130N NUSRET TA\u015eDELER<\/p>\n<p style=\"text-align: justify;\">Emekli Albay FUAT SELV\u0130 &#8211; Tutuklu<\/p>\n<p style=\"text-align: justify;\">Albay Z\u0130YA \u0130LKER G\u00d6KTA\u015e &#8211; Tutuklu<\/p>\n<p style=\"text-align: justify;\">Emekli Albay HULUS\u0130 G\u00dcLBAHAR &#8211; Tutuklu<\/p>\n<p style=\"text-align: justify;\">Emekli Albay CEMAL G\u00d6K\u00c7EO\u011eLU &#8211; Tutuklu<\/p>\n<p style=\"text-align: justify;\">Albay SEDAT \u00d6Z\u00dcER &#8211; Tutuklu<\/p>\n<p style=\"text-align: justify;\">Korg. \u0130SMA\u0130L HAKKI PEK\u0130N &#8211; Tutuklu<\/p>\n<p style=\"text-align: justify;\">T\u00fcmg. HIFZI \u00c7UBUKLU &#8211; Tutuklu<\/p>\n<p style=\"text-align: justify;\">Kora. MEHMET OTUZB\u0130RO\u011eLU &#8211; Tutuklu<\/p>\n<p style=\"text-align: justify;\">Tu\u011fa. ALAETT\u0130N SEV\u0130M &#8211; Tutuklu<\/p>\n<p style=\"text-align: justify;\">ORHAN G\u00dc\u00c7L\u00dc &#8211; Tutuklu<\/p>\n<p style=\"text-align: justify;\">MEHMET B\u00dcLENT<\/p>\n<p style=\"text-align: justify;\">MURAT USLUKILI\u00c7<\/p>\n<p style=\"text-align: justify;\">MERYEM KUR\u015eUN<\/p>\n<p style=\"text-align: justify;\">HASAN ATAMAN<\/p>\n<p style=\"text-align: justify;\">CEM \u015e\u0130M\u015eEK<\/p>\n<p style=\"text-align: justify;\">ALTUNAY \u015eAH\u0130N<\/p>\n<p style=\"text-align: justify;\">FAT\u0130H KOCA<\/p>\n<p style=\"text-align: justify;\">RECA\u0130 ALKAN<\/p>\n<p style=\"text-align: justify;\"><a href=\"http:\/\/www.gazeteport.com.tr\/haber\/72189\/internet_andicinda_bugune_nasil_gelindi\" target=\"_blank\">Kaynak : GAZETEPORT<\/a><\/p>\n","protected":false},"excerpt":{"rendered":"<p style=\"text-align: center;\">\n<p style=\"text-align: justify;\">Genelkurmay eski Ba\u015fkan\u0131 \u0130lker Ba\u015fbu\u011f&#8217;un tutukland\u0131\u011f\u0131 \u0130nternet And\u0131c\u0131 Davas\u0131 ile ilgili t\u00fcm detaylar.<\/p>\n<p style=\"text-align: justify;\">\u0130STANBUL &#8211; AK Parti h\u00fck\u00fcmetleri aleyhine kara propaganda ama\u00e7l\u0131 kuruldu\u011fu ve Genelkurmay Ba\u015fkanl\u0131\u011f\u0131 taraf\u0131ndan i\u015fletildi\u011fi belirtilen internet sitelerine ili\u015fkin y\u00fcr\u00fct\u00fclen \u0130nternet And\u0131c\u0131 soru\u015fturmas\u0131nda yarg\u0131 s\u00fcreci 29 Temmuz 2011&#8217;de iddianamenin kabul edilmesiyle ba\u015flad\u0131. <\/p>\n","protected":false},"author":1,"featured_media":0,"comment_status":"open","ping_status":"open","sticky":false,"template":"","format":"standard","meta":{"footnotes":""},"categories":[105],"tags":[],"class_list":["post-45830","post","type-post","status-publish","format-standard","hentry","category-gundem","odd"],"_links":{"self":[{"href":"http:\/\/www.korhanyilmaz.com\/index.php?rest_route=\/wp\/v2\/posts\/45830","targetHints":{"allow":["GET"]}}],"collection":[{"href":"http:\/\/www.korhanyilmaz.com\/index.php?rest_route=\/wp\/v2\/posts"}],"about":[{"href":"http:\/\/www.korhanyilmaz.com\/index.php?rest_route=\/wp\/v2\/types\/post"}],"author":[{"embeddable":true,"href":"http:\/\/www.korhanyilmaz.com\/index.php?rest_route=\/wp\/v2\/users\/1"}],"replies":[{"embeddable":true,"href":"http:\/\/www.korhanyilmaz.com\/index.php?rest_route=%2Fwp%2Fv2%2Fcomments&post=45830"}],"version-history":[{"count":0,"href":"http:\/\/www.korhanyilmaz.com\/index.php?rest_route=\/wp\/v2\/posts\/45830\/revisions"}],"wp:attachment":[{"href":"http:\/\/www.korhanyilmaz.com\/index.php?rest_route=%2Fwp%2Fv2%2Fmedia&parent=45830"}],"wp:term":[{"taxonomy":"category","embeddable":true,"href":"http:\/\/www.korhanyilmaz.com\/index.php?rest_route=%2Fwp%2Fv2%2Fcategories&post=45830"},{"taxonomy":"post_tag","embeddable":true,"href":"http:\/\/www.korhanyilmaz.com\/index.php?rest_route=%2Fwp%2Fv2%2Ftags&post=45830"}],"curies":[{"name":"wp","href":"https:\/\/api.w.org\/{rel}","templated":true}]}}