{"id":45825,"date":"2012-01-06T00:36:45","date_gmt":"2012-01-05T22:36:45","guid":{"rendered":"http:\/\/www.korhanyilmaz.com\/?p=45825"},"modified":"2012-01-06T02:02:59","modified_gmt":"2012-01-06T00:02:59","slug":"ilker-basbug-tutuklandi","status":"publish","type":"post","link":"http:\/\/www.korhanyilmaz.com\/?p=45825","title":{"rendered":"\u0130lker Ba\u015fbu\u011f tutukland\u0131"},"content":{"rendered":"<p style=\"text-align: center;\"><a href=\"http:\/\/www.korhanyilmaz.com\/wp-content\/uploads\/2012\/01\/8957.jpg\"  class=\"lightview\"><img loading=\"lazy\" decoding=\"async\" class=\"aligncenter  wp-image-45826\" src=\"http:\/\/www.korhanyilmaz.com\/wp-content\/uploads\/2012\/01\/8957.jpg\" alt=\"\" width=\"384\" height=\"254\" \/><\/a><\/p>\n<p style=\"text-align: justify;\">Eski Genelkurmay Ba\u015fkan\u0131 emekli Orgeneral \u0130lker Ba\u015fbu\u011f &#8216;\u0130nternet And\u0131c\u0131&#8217; davas\u0131nda &#8220;h\u00fck\u00fcmeti y\u0131kmaya te\u015febb\u00fcs&#8221; ve &#8220;\u00f6rg\u00fct y\u00f6neticili\u011fi&#8221; su\u00e7lar\u0131ndan tutukland\u0131. Tarihte ilk kez Genelkurmay Ba\u015fkanl\u0131\u011f\u0131 g\u00f6revini y\u00fcr\u00fcten bir asker cezaevine g\u00f6nderildi.<!--more--><\/p>\n<p style=\"text-align: justify;\">STANBUL &#8211; Cumhuriyet tarihinde ilk kez bir eski genelkurmay ba\u015fkan\u0131 tutukland\u0131. Eski Genelkurmay Ba\u015fkan\u0131 emekli Orgeneral \u0130lker Ba\u015fbu\u011f, &#8216;\u0130nternet And\u0131c\u0131&#8217; davas\u0131 kapsam\u0131nda, \u00d6zel yetkili \u0130stanbul Cumhuriyet Savc\u0131s\u0131 Cihan Kans\u0131z&#8217;a ifade vermek \u00fczere d\u00fcn \u00f6\u011fle saatlerinde \u0130stanbul Adliyesine gitti.<\/p>\n<p style=\"text-align: justify;\">Yakla\u015f\u0131k 7 saat s\u00fcren ifade i\u015flemenin ard\u0131ndan savc\u0131 Kans\u0131z, Ba\u015fbu\u011f&#8217;u, &#8216;ter\u00f6r \u00f6rg\u00fct\u00fc \u00fcyesi olmak&#8217; su\u00e7undan tutuklanmas\u0131 i\u00e7in mahkemeye sevk etti. Mahkeme de, yakla\u015f\u0131k 1.5 saat s\u00fcren ifadenin ard\u0131ndan, gece yar\u0131s\u0131ndan hemen sonra Ba\u015fbu\u011f&#8217;un tutuklanmas\u0131na karar verdi.<\/p>\n<p style=\"text-align: justify;\">&#8216;\u0130nternet And\u0131c\u0131&#8217; davas\u0131nda baz\u0131 san\u0131klar\u0131n tan\u0131k olarak dinlenmesini talep etti\u011fi, tutuklu san\u0131klardan d\u00f6nemin Genekurmay \u0130kinci Ba\u015fkan\u0131 emekli Orgeneral Hasan I\u011fs\u0131z\u2019\u0131n, \u2018\u0130nternet And\u0131c\u0131\u2019nda bilgisinin oldu\u011funu s\u00f6yledi\u011fi eski Genelkurmay Ba\u015fkan\u0131 Ba\u015fbu\u011f hakk\u0131nda, \u0130stanbul 13. A\u011f\u0131r Ceza Mahkemesi Cumhuriyet Ba\u015fsavc\u0131vekilli\u011fine yaz\u0131 yazm\u0131\u015f ve bunun \u00fczerine Ba\u015fbu\u011f hakk\u0131nda soru\u015fturma ba\u015flat\u0131lm\u0131\u015ft\u0131.<\/p>\n<p style=\"text-align: justify;\">Ba\u015fbu\u011f da, soru\u015fturmay\u0131 y\u00fcr\u00fcten savc\u0131 Cihan Kans\u0131z taraf\u0131ndan bug\u00fcn i\u00e7in ifade vermek \u00fczere &#8216;\u015f\u00fcpheli&#8217; s\u0131fat\u0131yla adliyeye \u00e7a\u011fr\u0131lm\u0131\u015ft\u0131. Eski Genelkurmay Ba\u015fkan\u0131 adliyeye, saat 13.30 sular\u0131nda gitti.<\/p>\n<p style=\"text-align: justify;\">Yakla\u015f\u0131k 7 saat boyunca Ba\u015fbu\u011f\u2019un ifadesini alan savc\u0131 Kans\u0131z, eski emekli orgenerali, &#8216;silahl\u0131 ter\u00f6r \u00f6rg\u00fct\u00fc y\u00f6neticisi olmak&#8217; ve &#8216;cebir ve \u015fiddet kullanarak T\u00fcrkiye Cumhuriyeti h\u00fck\u00fcmetini ortadan kald\u0131rmaya veya g\u00f6revlerini yapmaya k\u0131smen veya tamamen engellmeye te\u015febb\u00fcs etmek&#8217; su\u00e7lar\u0131ndan tutuklanmas\u0131 talebiyle mahkemeye sevk etti.<\/p>\n<p style=\"text-align: justify;\">\u0130stanbul N\u00f6bet\u00e7i 12. A\u011f\u0131r Ceza Mahkemesi de, saat 00.30 sular\u0131nda Ba\u015fbu\u011f&#8217;un tutuklanmas\u0131na karar verdi.<\/p>\n<p style=\"text-align: justify;\">\u0130lker Ba\u015fbu\u011f\u2019un bir hafta i\u00e7inde karara itiraz etme hakk\u0131 bulunuyor. \u0130tiraz yap\u0131l\u0131rsa, bunu da, bu kez t\u00fcm heyetiyle birlikte 12. A\u011f\u0131r Ceza Mahkemesi de\u011ferlendirecek.<\/p>\n<p style=\"text-align: justify;\"><a href=\"http:\/\/www.radikal.com.tr\/Radikal.aspx?aType=RadikalDetayV3&amp;ArticleID=1074636&amp;Date=06.01.2012&amp;CategoryID=77\" target=\"_blank\">Kaynak : Radikal.com.tr<\/a><\/p>\n","protected":false},"excerpt":{"rendered":"<p style=\"text-align: center;\">\n<p style=\"text-align: justify;\">Eski Genelkurmay Ba\u015fkan\u0131 emekli Orgeneral \u0130lker Ba\u015fbu\u011f &#8216;\u0130nternet And\u0131c\u0131&#8217; davas\u0131nda &#8220;h\u00fck\u00fcmeti y\u0131kmaya te\u015febb\u00fcs&#8221; ve &#8220;\u00f6rg\u00fct y\u00f6neticili\u011fi&#8221; su\u00e7lar\u0131ndan tutukland\u0131. Tarihte ilk kez Genelkurmay Ba\u015fkanl\u0131\u011f\u0131 g\u00f6revini y\u00fcr\u00fcten bir asker cezaevine g\u00f6nderildi.<\/p>\n","protected":false},"author":1,"featured_media":0,"comment_status":"open","ping_status":"open","sticky":false,"template":"","format":"standard","meta":{"footnotes":""},"categories":[105],"tags":[],"class_list":["post-45825","post","type-post","status-publish","format-standard","hentry","category-gundem","odd"],"_links":{"self":[{"href":"http:\/\/www.korhanyilmaz.com\/index.php?rest_route=\/wp\/v2\/posts\/45825","targetHints":{"allow":["GET"]}}],"collection":[{"href":"http:\/\/www.korhanyilmaz.com\/index.php?rest_route=\/wp\/v2\/posts"}],"about":[{"href":"http:\/\/www.korhanyilmaz.com\/index.php?rest_route=\/wp\/v2\/types\/post"}],"author":[{"embeddable":true,"href":"http:\/\/www.korhanyilmaz.com\/index.php?rest_route=\/wp\/v2\/users\/1"}],"replies":[{"embeddable":true,"href":"http:\/\/www.korhanyilmaz.com\/index.php?rest_route=%2Fwp%2Fv2%2Fcomments&post=45825"}],"version-history":[{"count":0,"href":"http:\/\/www.korhanyilmaz.com\/index.php?rest_route=\/wp\/v2\/posts\/45825\/revisions"}],"wp:attachment":[{"href":"http:\/\/www.korhanyilmaz.com\/index.php?rest_route=%2Fwp%2Fv2%2Fmedia&parent=45825"}],"wp:term":[{"taxonomy":"category","embeddable":true,"href":"http:\/\/www.korhanyilmaz.com\/index.php?rest_route=%2Fwp%2Fv2%2Fcategories&post=45825"},{"taxonomy":"post_tag","embeddable":true,"href":"http:\/\/www.korhanyilmaz.com\/index.php?rest_route=%2Fwp%2Fv2%2Ftags&post=45825"}],"curies":[{"name":"wp","href":"https:\/\/api.w.org\/{rel}","templated":true}]}}