{"id":45821,"date":"2012-01-05T18:49:10","date_gmt":"2012-01-05T16:49:10","guid":{"rendered":"http:\/\/www.korhanyilmaz.com\/?p=45821"},"modified":"2012-01-05T23:51:38","modified_gmt":"2012-01-05T21:51:38","slug":"yigit-bulutun-yeni-adresi-belli-oldu","status":"publish","type":"post","link":"http:\/\/www.korhanyilmaz.com\/?p=45821","title":{"rendered":"Yi\u011fit Bulut&#8217;un yeni adresi belli oldu"},"content":{"rendered":"<p style=\"text-align: center;\"><a href=\"http:\/\/www.korhanyilmaz.com\/wp-content\/uploads\/2012\/01\/8956.jpg\"  class=\"lightview\"><img loading=\"lazy\" decoding=\"async\" class=\"aligncenter  wp-image-45822\" src=\"http:\/\/www.korhanyilmaz.com\/wp-content\/uploads\/2012\/01\/8956.jpg\" alt=\"\" width=\"408\" height=\"200\" \/><\/a><\/p>\n<p style=\"text-align: justify;\"><strong>Yi\u011fit Bulut&#8217;un yeni kanal\u0131 belli oldu.\u00a0<\/strong><\/p>\n<p style=\"text-align: justify;\">Habert\u00fcrk TV Genel Yay\u0131n Y\u00f6netmenli\u011fi g\u00f6revine son verilen Yi\u011fit Bulut&#8217;a Beyaz Tv&#8217;den teklif geldi\u011fi konu\u015fuluyor.<\/p>\n<p style=\"text-align: justify;\">Beyaz Tv Koordinat\u00f6r\u00fc Osman G\u00f6k\u00e7ek&#8217;le g\u00f6r\u00fc\u015fen Yi\u011fit Bulut&#8217;un tekliften b\u00fcy\u00fck memnuniyet duydu\u011fu ve kabul edece\u011fi d\u00fc\u015f\u00fcn\u00fcl\u00fcyor. Haber dairesi ba\u015fkanl\u0131\u011f\u0131 i\u00e7in ad\u0131 ge\u00e7en Yi\u011fit Bulut&#8217;un Sans\u00fcrs\u00fcz isimli tart\u0131\u015fma program\u0131n\u0131n yan\u0131s\u0131ra Beyaz Ana Haber&#8217;i de sunabilece\u011fi konu\u015fuluyor. Osman G\u00f6k\u00e7ek&#8217;in yar\u0131n konuyla ilgili a\u00e7\u0131klama yapaca\u011f\u0131 belirtildi.\u00a0<!--more--><\/p>\n<p style=\"text-align: justify;\">Yi\u011fit Bulut&#8217;un haber dairesi ba\u015fkanl\u0131\u011f\u0131 i\u00e7in ad\u0131 ge\u00e7erken Sans\u00fcrs\u00fcz isimli tart\u0131\u015fma program\u0131n\u0131n yan\u0131s\u0131ra Beyaz Ana Haber&#8217;i de sunabilece\u011fi ya da Ferda Y\u0131ld\u0131r\u0131m&#8217;\u0131n yan\u0131nda anchorman olarak her ak\u015fam ekranda olabilece\u011fi gelen bilgiler aras\u0131nda.<\/p>\n<p style=\"text-align: justify;\">Ciner Medya Grup Ba\u015fkan\u0131 Kenan Tekda\u011f geli\u015fmeyi mail yoluyla \u015f\u00f6yle duyurmu\u015ftu:<\/p>\n<p style=\"text-align: justify;\">Grubumuz \u0130cra Kurulunda al\u0131nan karar gere\u011fince, 2012 y\u0131l\u0131ndan itibaren Haberturk Televizyonumuzda yeni bir organizasyon modeli uygulamaya konulaca\u011f\u0131ndan, Haberturk Televizyonumuzda Genel Yay\u0131n Y\u00f6netmenli\u011fi kadrosu kald\u0131r\u0131lm\u0131\u015f bulunmaktad\u0131r.<\/p>\n<p style=\"text-align: justify;\">Bu sebeple, Televizyonumuzda 2 y\u0131ldan beri Genel Yay\u0131n Y\u00f6netmenli\u011fi g\u00f6revini ba\u015far\u0131yla y\u00fcr\u00fctmekte olan de\u011ferli arkada\u015f\u0131m\u0131z Sn. Yi\u011fit Bulut&#8217;a y\u00fcr\u00fctt\u00fc\u011f\u00fc \u00e7al\u0131\u015fmalar i\u00e7in te\u015fekk\u00fcr eder, bundan sonraki i\u015f ve g\u00f6revlerinde ba\u015far\u0131lar dilerim.<\/p>\n<p style=\"text-align: justify;\"><a href=\"http:\/\/www.muhalifgazete.com\/29128-Yigit-Bulutun-yeni-adresi-belli-oldu.htm\" target=\"_blank\">Kaynak : Muhalif Gazete<\/a><\/p>\n","protected":false},"excerpt":{"rendered":"<p style=\"text-align: center;\">\n<p style=\"text-align: justify;\">Yi\u011fit Bulut&#8217;un yeni kanal\u0131 belli oldu. <\/p>\n<p style=\"text-align: justify;\">Habert\u00fcrk TV Genel Yay\u0131n Y\u00f6netmenli\u011fi g\u00f6revine son verilen Yi\u011fit Bulut&#8217;a Beyaz Tv&#8217;den teklif geldi\u011fi konu\u015fuluyor.<\/p>\n<p style=\"text-align: justify;\">Beyaz Tv Koordinat\u00f6r\u00fc Osman G\u00f6k\u00e7ek&#8217;le g\u00f6r\u00fc\u015fen Yi\u011fit Bulut&#8217;un tekliften b\u00fcy\u00fck memnuniyet duydu\u011fu ve kabul edece\u011fi d\u00fc\u015f\u00fcn\u00fcl\u00fcyor. Haber dairesi ba\u015fkanl\u0131\u011f\u0131 i\u00e7in ad\u0131 ge\u00e7en Yi\u011fit Bulut&#8217;un <\/p>\n","protected":false},"author":1,"featured_media":0,"comment_status":"open","ping_status":"open","sticky":false,"template":"","format":"standard","meta":{"footnotes":""},"categories":[105],"tags":[],"class_list":["post-45821","post","type-post","status-publish","format-standard","hentry","category-gundem","odd"],"_links":{"self":[{"href":"http:\/\/www.korhanyilmaz.com\/index.php?rest_route=\/wp\/v2\/posts\/45821","targetHints":{"allow":["GET"]}}],"collection":[{"href":"http:\/\/www.korhanyilmaz.com\/index.php?rest_route=\/wp\/v2\/posts"}],"about":[{"href":"http:\/\/www.korhanyilmaz.com\/index.php?rest_route=\/wp\/v2\/types\/post"}],"author":[{"embeddable":true,"href":"http:\/\/www.korhanyilmaz.com\/index.php?rest_route=\/wp\/v2\/users\/1"}],"replies":[{"embeddable":true,"href":"http:\/\/www.korhanyilmaz.com\/index.php?rest_route=%2Fwp%2Fv2%2Fcomments&post=45821"}],"version-history":[{"count":0,"href":"http:\/\/www.korhanyilmaz.com\/index.php?rest_route=\/wp\/v2\/posts\/45821\/revisions"}],"wp:attachment":[{"href":"http:\/\/www.korhanyilmaz.com\/index.php?rest_route=%2Fwp%2Fv2%2Fmedia&parent=45821"}],"wp:term":[{"taxonomy":"category","embeddable":true,"href":"http:\/\/www.korhanyilmaz.com\/index.php?rest_route=%2Fwp%2Fv2%2Fcategories&post=45821"},{"taxonomy":"post_tag","embeddable":true,"href":"http:\/\/www.korhanyilmaz.com\/index.php?rest_route=%2Fwp%2Fv2%2Ftags&post=45821"}],"curies":[{"name":"wp","href":"https:\/\/api.w.org\/{rel}","templated":true}]}}