{"id":45815,"date":"2012-01-05T23:12:29","date_gmt":"2012-01-05T21:12:29","guid":{"rendered":"http:\/\/www.korhanyilmaz.com\/?p=45815"},"modified":"2012-01-06T03:37:16","modified_gmt":"2012-01-06T01:37:16","slug":"karari-21-dakika-once-verdiler","status":"publish","type":"post","link":"http:\/\/www.korhanyilmaz.com\/?p=45815","title":{"rendered":"Karar\u0131 21 dakika \u00f6nce verdiler"},"content":{"rendered":"<p style=\"text-align: center;\"><a href=\"http:\/\/www.korhanyilmaz.com\/wp-content\/uploads\/2012\/01\/8954.jpg\"  class=\"lightview\"><img loading=\"lazy\" decoding=\"async\" class=\"aligncenter  wp-image-45816\" src=\"http:\/\/www.korhanyilmaz.com\/wp-content\/uploads\/2012\/01\/8954.jpg\" alt=\"\" width=\"348\" height=\"260\" \/><\/a><\/p>\n<p style=\"text-align: justify;\">Odatv duru\u015fmas\u0131nda karar<span style=\"text-decoration: underline;\"><strong> 21:48<\/strong><\/span>&#8216;de a\u00e7\u0131klan\u0131rken, Samanyolu Haber kanal\u0131 tahliye taleplerinin reddedildi\u011fini <span style=\"text-decoration: underline;\"><strong>21:27<\/strong><\/span>&#8216;de duyurdu.<\/p>\n<p style=\"text-align: justify;\">\u00a0\u0130stanbul- Odatv davas\u0131nda tahliye talepleri reddedildi. Mahkeme heyetinin, san\u0131klar\u0131n tahliye talebini g\u00f6r\u00fc\u015fmek \u00fczere toplanmas\u0131n\u0131n ard\u0131ndan tutuklulu\u011fun devam\u0131 karar\u0131 21.48&#8217;de san\u0131k avukatlar\u0131na bildirildi.\u00a0<!--more--><\/p>\n<p style=\"text-align: justify;\">Samanyolu Haber kanal\u0131 ise tam 21 dakika \u00f6nce mahkemenin karar\u0131n\u0131 son dakika olarak izleyicilerine duyurdu.<\/p>\n<p><a href=\"http:\/\/www.korhanyilmaz.com\/wp-content\/uploads\/2012\/01\/8955.jpg\"  class=\"lightview\"><img loading=\"lazy\" decoding=\"async\" class=\"aligncenter size-full wp-image-45817\" title=\"\" src=\"http:\/\/www.korhanyilmaz.com\/wp-content\/uploads\/2012\/01\/8955.jpg\" alt=\"\" width=\"456\" height=\"340\" \/><\/a><\/p>\n<p><a href=\"http:\/\/www.cumhuriyet.com.tr\/?hn=305752&amp;kw=Karar%FD+21+dakika+%F6nce+verdiler\" target=\"_blank\">Kaynak : Cumhuriyet Haber Portal\u0131<\/a><\/p>\n","protected":false},"excerpt":{"rendered":"<p style=\"text-align: center;\">\n<p style=\"text-align: justify;\">Odatv duru\u015fmas\u0131nda karar 21:48&#8216;de a\u00e7\u0131klan\u0131rken, Samanyolu Haber kanal\u0131 tahliye taleplerinin reddedildi\u011fini 21:27&#8216;de duyurdu.<\/p>\n<p style=\"text-align: justify;\"> \u0130stanbul- Odatv davas\u0131nda tahliye talepleri reddedildi. Mahkeme heyetinin, san\u0131klar\u0131n tahliye talebini g\u00f6r\u00fc\u015fmek \u00fczere toplanmas\u0131n\u0131n ard\u0131ndan tutuklulu\u011fun devam\u0131 karar\u0131 21.48&#8217;de san\u0131k avukatlar\u0131na bildirildi. <\/p>\n","protected":false},"author":1,"featured_media":0,"comment_status":"open","ping_status":"open","sticky":false,"template":"","format":"standard","meta":{"footnotes":""},"categories":[105],"tags":[],"class_list":["post-45815","post","type-post","status-publish","format-standard","hentry","category-gundem","odd"],"_links":{"self":[{"href":"http:\/\/www.korhanyilmaz.com\/index.php?rest_route=\/wp\/v2\/posts\/45815","targetHints":{"allow":["GET"]}}],"collection":[{"href":"http:\/\/www.korhanyilmaz.com\/index.php?rest_route=\/wp\/v2\/posts"}],"about":[{"href":"http:\/\/www.korhanyilmaz.com\/index.php?rest_route=\/wp\/v2\/types\/post"}],"author":[{"embeddable":true,"href":"http:\/\/www.korhanyilmaz.com\/index.php?rest_route=\/wp\/v2\/users\/1"}],"replies":[{"embeddable":true,"href":"http:\/\/www.korhanyilmaz.com\/index.php?rest_route=%2Fwp%2Fv2%2Fcomments&post=45815"}],"version-history":[{"count":0,"href":"http:\/\/www.korhanyilmaz.com\/index.php?rest_route=\/wp\/v2\/posts\/45815\/revisions"}],"wp:attachment":[{"href":"http:\/\/www.korhanyilmaz.com\/index.php?rest_route=%2Fwp%2Fv2%2Fmedia&parent=45815"}],"wp:term":[{"taxonomy":"category","embeddable":true,"href":"http:\/\/www.korhanyilmaz.com\/index.php?rest_route=%2Fwp%2Fv2%2Fcategories&post=45815"},{"taxonomy":"post_tag","embeddable":true,"href":"http:\/\/www.korhanyilmaz.com\/index.php?rest_route=%2Fwp%2Fv2%2Ftags&post=45815"}],"curies":[{"name":"wp","href":"https:\/\/api.w.org\/{rel}","templated":true}]}}