{"id":45811,"date":"2012-01-05T20:25:27","date_gmt":"2012-01-05T18:25:27","guid":{"rendered":"http:\/\/www.korhanyilmaz.com\/?p=45811"},"modified":"2012-01-05T23:32:08","modified_gmt":"2012-01-05T21:32:08","slug":"kaplan-ile-sahin-arasinda-sert-tartisma","status":"publish","type":"post","link":"http:\/\/www.korhanyilmaz.com\/?p=45811","title":{"rendered":"Kaplan ile \u015eahin aras\u0131nda sert tart\u0131\u015fma"},"content":{"rendered":"<p style=\"text-align: center;\"><a href=\"http:\/\/www.korhanyilmaz.com\/wp-content\/uploads\/2012\/01\/8953.jpg\"  class=\"lightview\"><img loading=\"lazy\" decoding=\"async\" class=\"aligncenter  wp-image-45812\" src=\"http:\/\/www.korhanyilmaz.com\/wp-content\/uploads\/2012\/01\/8953.jpg\" alt=\"\" width=\"307\" height=\"236\" \/><\/a><\/p>\n<p style=\"text-align: justify;\">TBMM Genel Kurulu&#8217;nda, \u0130\u00e7i\u015fleri Bakan\u0131 \u0130dris Naim \u015eahin ile BDP milletvekilleri aras\u0131nda tart\u0131\u015fma ya\u015fand\u0131. BDP \u0130stanbul Milletvekili S\u0131rr\u0131 S\u00fcreyya \u00d6nder ile AK Parti Ad\u0131yaman Milletvekili Mehmet Metiner ise birbirlerinin \u00fczerine y\u00fcr\u00fcd\u00fc.<\/p>\n<p style=\"text-align: justify;\">Genel Kurulda, TOK\u0130&#8217;nin, kamuda e\u015fit i\u015fe e\u015fit \u00fccret uygulamas\u0131n\u0131 i\u00e7eren 375 say\u0131l\u0131 KHK kapsam\u0131ndan \u00e7\u0131kar\u0131lmas\u0131n\u0131 \u00f6ng\u00f6ren kanun teklifi g\u00f6r\u00fc\u015f\u00fcl\u00fcyor.\u00a0<!--more--><\/p>\n<p style=\"text-align: justify;\">CHP Ankara Milletvekili B\u00fclent Ku\u015fo\u011flu, devlet bakanl\u0131klar\u0131 kald\u0131r\u0131ld\u0131\u011f\u0131 i\u00e7in Ba\u015fbakan Yard\u0131mc\u0131lar\u0131n\u0131n \u015fu an bakan olmad\u0131\u011f\u0131n\u0131 iddia etti. Ku\u015fo\u011flu, &#8220;Cumhurba\u015fkanl\u0131\u011f\u0131n\u0131n yaz\u0131s\u0131nda da durum b\u00f6yle, g\u00f6revlendirme yap\u0131lm\u0131\u015f. Bu hukuki bo\u015fluk giderilmelidir. Yoksa ileride s\u0131k\u0131nt\u0131 \u00e7\u0131kabilir&#8221; dedi.<\/p>\n<p style=\"text-align: justify;\">BDP Grup Ba\u015fkanvekili Hasip Kaplan, k\u00fcrs\u00fcye gelerek Irak s\u0131n\u0131r\u0131nda meydana gelen olayda hayat\u0131n\u0131 kaybedenlerin ismini sayd\u0131. \u00d6lenlerden 28 ki\u015finin ayn\u0131 aileden oldu\u011funu belirten Kaplan, \u015funlar\u0131 s\u00f6yledi:<\/p>\n<p style=\"text-align: justify;\">&#8220;\u0130\u00e7i\u015fleri Bakan\u0131&#8217;na soruyorum; ger\u00e7i Abbas yolcu diyorlar ama bu ayn\u0131 aileden 8 ki\u015fi g\u00f6zalt\u0131na al\u0131nm\u0131\u015f. 28 can\u0131 topra\u011fa veren ayn\u0131 aileden 8 ki\u015fiyi g\u00f6zalt\u0131na al\u0131yorsunuz. Ne yapmak istiyorsunuz? Bu yapt\u0131\u011f\u0131n\u0131z T\u00fcrkiye&#8217;yi karpuz gibi iki b\u00f6lmektir. Sadece T\u00fcrk-K\u00fcrt<\/p>\n<p style=\"text-align: justify;\">olarak de\u011fil, laik-antilaik, Alevi-S\u00fcnni, zengin-fakir olarak b\u00f6l\u00fcyorsunuz. Bu \u00e7ocuklar\u0131n isimlerini r\u00fcyan\u0131za girene kadar burada okuyaca\u011f\u0131m. Bu k\u00fcrs\u00fcde kabusunuz olaca\u011f\u0131m. Onlar\u0131n resimlerini getirece\u011fim.&#8221;<\/p>\n<p style=\"text-align: justify;\"><strong>&#8220;Sana sabrediyorum&#8221;\u00a0<\/strong><\/p>\n<p style=\"text-align: justify;\">Birinci maddenin \u00fczerinde sorular\u0131 yan\u0131tlayan \u0130\u00e7i\u015fleri Bakan\u0131 \u0130dris Naim \u015eahin, \u015fehitlerin ikinci yak\u0131nlar\u0131na da i\u015f imkan\u0131 sa\u011flanmas\u0131n\u0131 ve gazilere y\u00f6nelik iyile\u015ftirmeleri i\u00e7eren \u00e7al\u0131\u015fmalar\u0131n Aile ve Sosyal Politikalar Bakanl\u0131\u011f\u0131nda y\u00fcr\u00fct\u00fcld\u00fc\u011f\u00fcn\u00fc ve bu yasama d\u00f6nemi bitmeden yasala\u015fabilece\u011fini s\u00f6yledi.<\/p>\n<p style=\"text-align: justify;\">K\u00fcrs\u00fcye \u00e7\u0131k\u0131p \u00f6ld\u00fcrmekten, giderken vurmaktan, dururken tutuklamaktan, c\u00fcmlelerini kurarken kandan, \u00f6l\u00fcmden bahsetmeden duramayan; hayat\u0131 kan ve \u00f6l\u00fcm \u00fczerine, d\u00fc\u015f\u00fcncesi kin, kan ve b\u00f6lme \u00fczerine in\u015fa edilmi\u015f milletvekillerinin bulundu\u011funu ifade eden \u015eahin, &#8220;Bu \u00fclke o kadar \u00f6zg\u00fcr ki bu \u00f6zg\u00fcrl\u00fcklerden yaralanarak kan\u0131, kini, \u00f6l\u00fcm\u00fc kendine \u015fiar edinmi\u015f, diline pelesenk edinmi\u015f, s\u00f6ylemekten yorulmayan ve utanmayan, ger\u00e7ekleri sapt\u0131ran ne derse tersi olan&#8230;&#8221; diye konu\u015ftu.<\/p>\n<p style=\"text-align: justify;\">Bu s\u0131rada Kaplan&#8217;\u0131n 35 ki\u015finin \u00f6l\u00fcm\u00fcyle ilgili laf atmas\u0131 \u00fczerine \u015eahin, &#8220;35 ki\u015finin \u00f6l\u00fcm\u00fc bizi \u00fczm\u00fc\u015ft\u00fcr. 35 ki\u015fi bizim can\u0131m\u0131zd\u0131r&#8221; dedi.<\/p>\n<p style=\"text-align: justify;\">Kaplan&#8217;\u0131n laf atmaya devam etmesi \u00fczerine \u015eahin, Kaplan&#8217;a y\u00f6nelik, &#8220;Sus oradan, sus. Ben seni dinledim. Sen de dinle. Sana sabrediyorum ben. Hesap vermesi gereken sensin, senin gibiler&#8221; diye seslendi.<\/p>\n<p style=\"text-align: justify;\">\u015eahin, s\u00f6zlerini \u015f\u00f6yle s\u00fcrd\u00fcrd\u00fc: &#8220;Bu Meclis sizi dinledi. Sizin i\u011fren\u00e7 iftiralar\u0131n\u0131z\u0131 dinledi. \u0130\u011fren\u00e7 hareketlerinize tahamm\u00fcl ediyor bu millet bu devlet. Oradaki \u00f6l\u00fcm\u00fc anlamak b\u00f6l\u00fcc\u00fc ter\u00f6r \u00f6rg\u00fct\u00fcn\u00fc iyi anlamak laz\u0131m. Oradaki \u00f6l\u00fcm\u00fcn bir ad\u0131m \u00f6tesi b\u00f6l\u00fcc\u00fc ter\u00f6r \u00f6rg\u00fct\u00fcd\u00fcr, Kandil&#8217;dir. Kandil&#8217;de dili kanl\u0131 insanlar vard\u0131r. Kan vard\u0131r. Kandil&#8217;i bilmek, g\u00f6rmek laz\u0131m. Oradaki \u00f6l\u00fcm\u00fc g\u00f6rmek i\u00e7in, o hayat\u0131n\u0131 kaybeden insanlara ka\u00e7ak\u00e7\u0131l\u0131k mal\u0131n\u0131 verenleri g\u00f6rmek laz\u0131m. B\u00f6l\u00fcc\u00fc \u00f6rg\u00fct\u00fc g\u00f6rmek laz\u0131m. B\u00f6l\u00fcc\u00fc \u00f6rg\u00fct olmazsa bu memlekette ne kan olur ne \u00f6l\u00fcm olur.<\/p>\n<p style=\"text-align: justify;\">Ben hesab\u0131 veriyorum. \u00c7\u00fcnk\u00fc, biz hesap \u00fczerine kurulmu\u015fuz. Benim mahkemem var. Senin ki gibi halk mahkemesi de\u011fil, uydurma mahkeme de\u011fil, insanl\u0131k d\u0131\u015f\u0131 mahkeme de\u011fil. Benim mahkemem, savc\u0131m, m\u00fcfetti\u015fim var. \u015eu anda \u00e7al\u0131\u015f\u0131yorlar. Bu k\u00fcrs\u00fcye \u00e7\u0131k\u0131p ahlaks\u0131zca sald\u0131rmaktan ba\u015fka \u00f6zelli\u011fi olmayan birileri, bu \u00f6zg\u00fcrl\u00fc\u011f\u00fc sonuna kadar kullanan birileri. Cenazeleri istismar eden, \u00f6l\u00fcm \u00fczerinden istismar yaparak, \u00fczerine \u00f6rtt\u00fc\u011f\u00fcn o bez par\u00e7as\u0131n\u0131n hesab\u0131n\u0131 ver bakal\u0131m bana.&#8221;<\/p>\n<p style=\"text-align: justify;\">\u015eahin&#8217;in s\u00f6zlerinin ard\u0131ndan Kaplan, sata\u015fma gerek\u00e7esiyle s\u00f6z istedi. Tart\u0131\u015fmalar\u0131n devam etmesi \u00fczerine TBMM Ba\u015fkanvekili Mehmet Sa\u011flam birle\u015fime ara verdi.<\/p>\n<p style=\"text-align: justify;\">Hasip Kaplan, \u015eahin&#8217;e tepki g\u00f6steren BDP Van Milletvekili \u00d6zdal \u00dc\u00e7er&#8217;i de kolundan tutarak Genel Kurulun d\u0131\u015f\u0131na \u00e7\u0131kard\u0131.<\/p>\n<p style=\"text-align: justify;\">BDP&#8217;li \u00d6nder ile AK Parti&#8217;li Metiner birbirlerinin \u00fczerine y\u00fcr\u00fcd\u00fc.<\/p>\n<p style=\"text-align: justify;\">Bu arada bir tart\u0131\u015fmada BDP \u0130stanbul Milletvekili S\u0131rr\u0131 S\u00fcreyya \u00d6nder ile AK Parti Ad\u0131yaman Milletvekili Mehmet Metiner aras\u0131nda oldu.<\/p>\n<p style=\"text-align: justify;\">BDP \u0130stanbul Milletvekili S\u0131rr\u0131 S\u00fcreyya \u00d6nder, \u0130\u00e7i\u015fleri Bakan\u0131 \u0130dris Naim \u015eahin&#8217;in grubuna y\u00f6nelik el hareki yapt\u0131\u011f\u0131n\u0131 iddia etti. K\u00fcrt k\u00f6kenli AK Parti milletvekillerine seslendi\u011fini belirten \u00d6nder, \u015fu ifadeleri kulland\u0131: &#8220;Sizi do\u011furan m\u00fcbarek, muhterem annelerinizin hi\u00e7 hat\u0131r\u0131 yok mu? Burada sanki bu katliam\u0131 bu sava\u015f u\u00e7a\u011f\u0131n\u0131 BDP kald\u0131rm\u0131\u015f. 35 yurtta\u015f\u0131m\u0131z orada katledilmi\u015f. Bunlara bir \u015fey demeyeceksiniz, bunun hakk\u0131n\u0131 arayan BDP&#8217;lilere yapmad\u0131k hakaret b\u0131rakmayacaks\u0131n\u0131z. BDP sizin oynayaca\u011f\u0131n\u0131z bir parti de\u011fildir. Arkas\u0131nda \u00e7ok b\u00fcy\u00fck halk\u0131n bar\u0131\u015f, \u00f6zg\u00fcrle\u015fme iradesi vard\u0131r. Buna tahamm\u00fcl edeceksiniz.&#8221;<\/p>\n<p style=\"text-align: justify;\">Bu s\u0131rada AK Parti Ad\u0131yaman Milletvekili Mehmet Metiner&#8217;in laf atmas\u0131 \u00fczerine \u00d6nder, &#8220;Bunlar cahiliye d\u00f6nemi d\u00fc\u015f\u00fcncelerin mi \u00e7a\u011fda\u015f d\u00fc\u015f\u00fcncelerin mi?&#8221; diye sordu.<\/p>\n<p style=\"text-align: justify;\">&#8220;\u00d6ne oturtmay\u0131 yasak etmi\u015flerdi oradan da rahat durmuyor. Kombine biletini iptal mi ettiler?&#8221; diyen \u00d6nder, Metiner&#8217;e y\u00f6nelik &#8220;Haddini bil. &#8216;Terbiyesiz&#8217; diyemezsin sen&#8221; dedi.<\/p>\n<p style=\"text-align: justify;\">Oturdu\u011fu s\u0131radan kalkarak k\u00fcrs\u00fcye do\u011fru hareket eden Metiner&#8217;i AK Parti&#8217;li milletvekilleri durdurdu. Bunun \u00fczerine \u00d6nder, &#8220;b\u0131rak\u0131n gelsin&#8221; diyerek k\u00fcrs\u00fcden ayr\u0131ld\u0131 ve Metiner&#8217;in \u00fcst\u00fcne do\u011fru y\u00fcr\u00fcd\u00fc. Metiner ve \u00d6nder&#8217;i milletvekilleri engelledi.<\/p>\n<p style=\"text-align: justify;\">Bu s\u0131rada TBMM Ba\u015fkanvekili Mehmet Sa\u011flam birlemi\u015fe ara verdi. \u00d6nder, yeniden k\u00fcrs\u00fcye d\u00f6nerek &#8220;E\u015fk\u0131ya m\u0131s\u0131n\u0131z? Bu k\u00fcrs\u00fcden konu\u015famayacak m\u0131y\u0131z?&#8221; diye ba\u011f\u0131rd\u0131.<\/p>\n<p style=\"text-align: justify;\">Bu s\u0131rada \u00d6nder ve Metiner tekrar birbirlerinin \u00fcst\u00fcne y\u00fcr\u00fcmeye \u00e7al\u0131\u015ft\u0131. \u00d6nder&#8217;in &#8220;Ben senin derdini biliyorum. Sen kimsin? Konu\u015fursam Kahta&#8217;ya giremezsin. Senin a\u011falar\u0131n benim \u00fcst\u00fcme y\u00fcr\u00fcyemedi. Soytar\u0131&#8221; diye ba\u011f\u0131rd\u0131\u011f\u0131 duyuldu. Di\u011fer milletvekilleri \u00d6nder&#8217;i kolundan tutarak Genel Kurul salonundan \u00e7\u0131kard\u0131. \u00d6nder, bir s\u00fcre sonra yeniden Genel Kurula d\u00f6nerek, Metiner&#8217;le tart\u0131\u015fmaya devam etti.<\/p>\n<p style=\"text-align: justify;\">Daha sonra iki milletvekili Genel Kurul salonundan ayr\u0131ld\u0131.<\/p>\n<p style=\"text-align: justify;\"><a href=\"http:\/\/www.cnnturk.com\/2012\/turkiye\/01\/05\/kaplan.ile.sahin.arasinda.sert.tartisma\/643540.0\/index.html\" target=\"_blank\">Kaynak : CNN T\u00dcRK<\/a><\/p>\n","protected":false},"excerpt":{"rendered":"<p style=\"text-align: center;\">\n<p style=\"text-align: justify;\">TBMM Genel Kurulu&#8217;nda, \u0130\u00e7i\u015fleri Bakan\u0131 \u0130dris Naim \u015eahin ile BDP milletvekilleri aras\u0131nda tart\u0131\u015fma ya\u015fand\u0131. BDP \u0130stanbul Milletvekili S\u0131rr\u0131 S\u00fcreyya \u00d6nder ile AK Parti Ad\u0131yaman Milletvekili Mehmet Metiner ise birbirlerinin \u00fczerine y\u00fcr\u00fcd\u00fc.<\/p>\n<p style=\"text-align: justify;\">Genel Kurulda, TOK\u0130&#8217;nin, kamuda e\u015fit i\u015fe e\u015fit \u00fccret uygulamas\u0131n\u0131 i\u00e7eren 375 say\u0131l\u0131 KHK kapsam\u0131ndan \u00e7\u0131kar\u0131lmas\u0131n\u0131 \u00f6ng\u00f6ren kanun <\/p>\n","protected":false},"author":1,"featured_media":0,"comment_status":"open","ping_status":"open","sticky":false,"template":"","format":"standard","meta":{"footnotes":""},"categories":[105],"tags":[],"class_list":["post-45811","post","type-post","status-publish","format-standard","hentry","category-gundem","odd"],"_links":{"self":[{"href":"http:\/\/www.korhanyilmaz.com\/index.php?rest_route=\/wp\/v2\/posts\/45811","targetHints":{"allow":["GET"]}}],"collection":[{"href":"http:\/\/www.korhanyilmaz.com\/index.php?rest_route=\/wp\/v2\/posts"}],"about":[{"href":"http:\/\/www.korhanyilmaz.com\/index.php?rest_route=\/wp\/v2\/types\/post"}],"author":[{"embeddable":true,"href":"http:\/\/www.korhanyilmaz.com\/index.php?rest_route=\/wp\/v2\/users\/1"}],"replies":[{"embeddable":true,"href":"http:\/\/www.korhanyilmaz.com\/index.php?rest_route=%2Fwp%2Fv2%2Fcomments&post=45811"}],"version-history":[{"count":0,"href":"http:\/\/www.korhanyilmaz.com\/index.php?rest_route=\/wp\/v2\/posts\/45811\/revisions"}],"wp:attachment":[{"href":"http:\/\/www.korhanyilmaz.com\/index.php?rest_route=%2Fwp%2Fv2%2Fmedia&parent=45811"}],"wp:term":[{"taxonomy":"category","embeddable":true,"href":"http:\/\/www.korhanyilmaz.com\/index.php?rest_route=%2Fwp%2Fv2%2Fcategories&post=45811"},{"taxonomy":"post_tag","embeddable":true,"href":"http:\/\/www.korhanyilmaz.com\/index.php?rest_route=%2Fwp%2Fv2%2Ftags&post=45811"}],"curies":[{"name":"wp","href":"https:\/\/api.w.org\/{rel}","templated":true}]}}