{"id":45808,"date":"2012-01-05T21:50:15","date_gmt":"2012-01-05T19:50:15","guid":{"rendered":"http:\/\/www.korhanyilmaz.com\/?p=45808"},"modified":"2012-01-05T23:28:21","modified_gmt":"2012-01-05T21:28:21","slug":"erdogan-ve-biden-iraki-konustu","status":"publish","type":"post","link":"http:\/\/www.korhanyilmaz.com\/?p=45808","title":{"rendered":"Erdo\u011fan ve Biden Irak&#8217;\u0131 konu\u015ftu"},"content":{"rendered":"<p style=\"text-align: justify;\"><a href=\"http:\/\/www.korhanyilmaz.com\/wp-content\/uploads\/2012\/01\/8952.jpg\"  class=\"lightview\"><img loading=\"lazy\" decoding=\"async\" class=\"aligncenter size-full wp-image-45809\" title=\"\" src=\"http:\/\/www.korhanyilmaz.com\/wp-content\/uploads\/2012\/01\/8952.jpg\" alt=\"\" width=\"313\" height=\"219\" \/><\/a><\/p>\n<p style=\"text-align: justify;\">Ba\u015fbakan Recep Tayyip Erdo\u011fan ile ABD Ba\u015fkan Yard\u0131mc\u0131s\u0131 Joe Biden aras\u0131nda bir telefon g\u00f6r\u00fc\u015fmesi ger\u00e7ekle\u015fti\u011fi, g\u00f6r\u00fc\u015fmede ABD askerlerinin Irak&#8217;tan \u00e7ekilmesinin ard\u0131ndan bu \u00fclkede ya\u015fanan son geli\u015fmelerin ele al\u0131nd\u0131\u011f\u0131 bildirildi.<\/p>\n<p style=\"text-align: justify;\">Edinilen bilgiye g\u00f6re, g\u00f6r\u00fc\u015fmede ABD askerlerinin Irak&#8217;tan \u00e7ekilmesinin ard\u0131ndan bu \u00fclkede ya\u015fanan son geli\u015fmeler ele al\u0131nd\u0131.\u00a0<!--more--><\/p>\n<p style=\"text-align: justify;\">G\u00f6r\u00fc\u015fmede Ba\u015fbakan Erdo\u011fan ile ABD Ba\u015fkan Yard\u0131mc\u0131s\u0131 Biden&#8217;in Irak&#8217;taki mevcut kaos ortam\u0131n\u0131n kayg\u0131 verici oldu\u011funa de\u011findikleri belirtildi. Ba\u015fbakan Erdo\u011fan&#8217;\u0131n Irak&#8217;ta demokrasi k\u00fclt\u00fcr\u00fcnden uzakla\u015f\u0131lmas\u0131 durumunda bu \u00fclkenin toprak b\u00fct\u00fcnl\u00fc\u011f\u00fc bar\u0131\u015f ve istikrar\u0131 i\u00e7in ge\u00e7mi\u015fte sarf edilmi\u015f \u00e7abalar\u0131n anlams\u0131z hale gelece\u011fine dikkati \u00e7ekti\u011fi kaydedildi.<\/p>\n<p style=\"text-align: justify;\">G\u00f6r\u00fc\u015fmede ayr\u0131ca otoriter ve mezhep\u00e7i politikalar\u0131n Irak&#8217;a asla yarar sa\u011flamayaca\u011f\u0131na da i\u015faret edildi\u011fi bildirildi.<\/p>\n<p style=\"text-align: justify;\">Ba\u015fbakan Erdo\u011fan ve Biden&#8217;in Irak&#8217;taki geli\u015fmelerle ilgili olarak T\u00fcrkiye ve ABD&#8217;nin \u00f6n\u00fcm\u00fczdeki s\u00fcre\u00e7te de s\u00fcrekli dialog ve isti\u015fare i\u00e7inde olmas\u0131nda fayda g\u00f6rd\u00fcklerini belirttikleri vurguland\u0131.<\/p>\n<p style=\"text-align: justify;\"><a href=\"http:\/\/www.cnnturk.com\/2012\/turkiye\/01\/05\/erdogan.ve.biden.iraki.konustu\/643553.0\/index.html\" target=\"_blank\">Kaynak : CNN T\u00dcRK<\/a><\/p>\n","protected":false},"excerpt":{"rendered":"<p style=\"text-align: justify;\">\n<p style=\"text-align: justify;\">Ba\u015fbakan Recep Tayyip Erdo\u011fan ile ABD Ba\u015fkan Yard\u0131mc\u0131s\u0131 Joe Biden aras\u0131nda bir telefon g\u00f6r\u00fc\u015fmesi ger\u00e7ekle\u015fti\u011fi, g\u00f6r\u00fc\u015fmede ABD askerlerinin Irak&#8217;tan \u00e7ekilmesinin ard\u0131ndan bu \u00fclkede ya\u015fanan son geli\u015fmelerin ele al\u0131nd\u0131\u011f\u0131 bildirildi.<\/p>\n<p style=\"text-align: justify;\">Edinilen bilgiye g\u00f6re, g\u00f6r\u00fc\u015fmede ABD askerlerinin Irak&#8217;tan \u00e7ekilmesinin ard\u0131ndan bu \u00fclkede ya\u015fanan son geli\u015fmeler ele al\u0131nd\u0131. <\/p>\n","protected":false},"author":1,"featured_media":0,"comment_status":"open","ping_status":"open","sticky":false,"template":"","format":"standard","meta":{"footnotes":""},"categories":[105],"tags":[],"class_list":["post-45808","post","type-post","status-publish","format-standard","hentry","category-gundem","odd"],"_links":{"self":[{"href":"http:\/\/www.korhanyilmaz.com\/index.php?rest_route=\/wp\/v2\/posts\/45808","targetHints":{"allow":["GET"]}}],"collection":[{"href":"http:\/\/www.korhanyilmaz.com\/index.php?rest_route=\/wp\/v2\/posts"}],"about":[{"href":"http:\/\/www.korhanyilmaz.com\/index.php?rest_route=\/wp\/v2\/types\/post"}],"author":[{"embeddable":true,"href":"http:\/\/www.korhanyilmaz.com\/index.php?rest_route=\/wp\/v2\/users\/1"}],"replies":[{"embeddable":true,"href":"http:\/\/www.korhanyilmaz.com\/index.php?rest_route=%2Fwp%2Fv2%2Fcomments&post=45808"}],"version-history":[{"count":0,"href":"http:\/\/www.korhanyilmaz.com\/index.php?rest_route=\/wp\/v2\/posts\/45808\/revisions"}],"wp:attachment":[{"href":"http:\/\/www.korhanyilmaz.com\/index.php?rest_route=%2Fwp%2Fv2%2Fmedia&parent=45808"}],"wp:term":[{"taxonomy":"category","embeddable":true,"href":"http:\/\/www.korhanyilmaz.com\/index.php?rest_route=%2Fwp%2Fv2%2Fcategories&post=45808"},{"taxonomy":"post_tag","embeddable":true,"href":"http:\/\/www.korhanyilmaz.com\/index.php?rest_route=%2Fwp%2Fv2%2Ftags&post=45808"}],"curies":[{"name":"wp","href":"https:\/\/api.w.org\/{rel}","templated":true}]}}