{"id":45803,"date":"2012-01-05T23:05:26","date_gmt":"2012-01-05T21:05:26","guid":{"rendered":"http:\/\/www.korhanyilmaz.com\/?p=45803"},"modified":"2012-01-05T23:25:08","modified_gmt":"2012-01-05T21:25:08","slug":"dokunan-yanar-dedim-dokundum-buradayim","status":"publish","type":"post","link":"http:\/\/www.korhanyilmaz.com\/?p=45803","title":{"rendered":"&#8220;Dokunan yanar dedim, dokundum buraday\u0131m&#8221;"},"content":{"rendered":"<p style=\"text-align: center;\"><a href=\"http:\/\/www.korhanyilmaz.com\/wp-content\/uploads\/2012\/01\/8950.jpg\"  class=\"lightview\"><img loading=\"lazy\" decoding=\"async\" class=\"aligncenter  wp-image-45805\" src=\"http:\/\/www.korhanyilmaz.com\/wp-content\/uploads\/2012\/01\/8950.jpg\" alt=\"\" width=\"307\" height=\"236\" \/><\/a><\/p>\n<p style=\"text-align: justify;\">Odatv davas\u0131nda Nedim \u015eener, izleyiciler aras\u0131nda yer alan U\u011fur D\u00fcndar&#8217;a &#8220;tiyatroya ho\u015f geldin&#8221; diye seslendi. Ahmet \u015e\u0131k ise savunmas\u0131nda, &#8220;Dokunan yanar&#8217; dedim, dokundum buraday\u0131m&#8221; dedi. Davada san\u0131klar\u0131n tutukluluk hallerinin s\u00fcrmesine karar verildi.<\/p>\n<p style=\"text-align: justify;\">Oda TV soru\u015fturmas\u0131 kapsam\u0131nda aralar\u0131nda gazeteciler Nedim \u015eener ile Ahmet \u015e\u0131k&#8217;\u0131n da bulundu\u011fu 12&#8217;si tutuklu 14 san\u0131k hakk\u0131nda a\u00e7\u0131lan davan\u0131n 8. duru\u015fmas\u0131 san\u0131k savunmalar\u0131n\u0131n al\u0131nmas\u0131yla devam etti.\u00a0<!--more--><\/p>\n<p style=\"text-align: justify;\"><strong>&#8220;Savc\u0131l\u0131k kan\u0131tlar\u0131n do\u011frulu\u011funu ispatlamay\u0131 san\u0131klara b\u0131rakm\u0131\u015f&#8221;\u00a0<\/strong><\/p>\n<p style=\"text-align: justify;\">Bir \u00f6nceki celsede savunmas\u0131 yar\u0131m kalan san\u0131k Co\u015fkun Musluk, mesleki faaliyetlerinden dolay\u0131 su\u00e7land\u0131\u011f\u0131n\u0131 \u00f6ne s\u00fcrerek, &#8220;Gazetecilik ve sosyal hayat\u0131mla ilgili telefon g\u00f6r\u00fc\u015fmelerim iddianameye konulmu\u015f. Bu g\u00f6r\u00fc\u015fmelerim nedeniyle ter\u00f6r \u00f6rg\u00fct\u00fc \u00fcyesi olmakla su\u00e7lan\u0131yorum&#8221; diye konu\u015ftu.<\/p>\n<p style=\"text-align: justify;\">Savc\u0131l\u0131\u011f\u0131n hi\u00e7bir \u015feyi ara\u015ft\u0131rmad\u0131\u011f\u0131n\u0131 savunan Musluk, &#8220;Savc\u0131l\u0131k, kan\u0131tlar\u0131n do\u011fru olup olmad\u0131\u011f\u0131n\u0131 ispatlamay\u0131 tutuklu san\u0131klara b\u0131rakm\u0131\u015ft\u0131r&#8221; dedi.<\/p>\n<p style=\"text-align: justify;\">Dijital belgelerin sahte oldu\u011funu ve s\u00f6z konusu belgelere hi\u00e7 kimsenin inanmad\u0131\u011f\u0131n\u0131 iddia eden Musluk, \u015f\u00f6yle devam etti:<\/p>\n<p style=\"text-align: justify;\">&#8220;Bu davayla ilgili bir halk j\u00fcrisi olu\u015fmu\u015ftur. Bu davay\u0131 savunan cemaatin d\u0131\u015f\u0131nda bir tek gazete veya gazeteci yoktur. Ayr\u0131ca bu davan\u0131n iddianamesinin kabul edilmesi, AK Parti kar\u015f\u0131t\u0131 herkesi tehdit alt\u0131nda b\u0131rakm\u0131\u015ft\u0131r.&#8221;<\/p>\n<p style=\"text-align: justify;\"><strong>Ba\u015fkan&#8217;dan g\u00fcld\u00fcren s\u00f6zler\u00a0<\/strong><\/p>\n<p style=\"text-align: justify;\">\u00c7ak\u0131r, Yal\u00e7\u0131n K\u00fc\u00e7\u00fck&#8217;\u00fcn kitaplar\u0131n\u0131 yay\u0131nlayan yay\u0131nevinin edit\u00f6r\u00fc oldu\u011funu ve kitaplar\u0131n ilk sayfas\u0131nda yay\u0131na haz\u0131rlayan \u015feklindeki ibarede ad\u0131n\u0131n yaz\u0131l\u0131 oldu\u011funu belirterek, &#8220;Bu durum yasal bir\u015feydir. Baksalar g\u00f6r\u00fcrlerdi. Ben bu iddianameyi haz\u0131rlayan savc\u0131n\u0131n \u00e7ok az \u00e7al\u0131\u015ft\u0131\u011f\u0131n\u0131 d\u00fc\u015f\u00fcn\u00fcyorum&#8221; dedi.<\/p>\n<p style=\"text-align: justify;\">Kendisine Oda Tv&#8217;de yaz\u0131 yazd\u0131\u011f\u0131 s\u0131rada &#8220;Hocam&#8221; diye hitap etti\u011fi Yal\u00e7\u0131n K\u00fc\u00e7\u00fck&#8217;\u00fcn Sadi m\u00fcstehar (takma) ad\u0131yla yaz\u0131 yazmas\u0131n\u0131 s\u00f6yledi\u011fini ifade eden \u00c7ak\u0131r, &#8220;Hocalar sevdikleri \u00f6\u011frencilerine isim takarlar, bu \u00e7ok normal Mustafa Kemal Atat\u00fcrk&#8217;e de Kemal ismini hocas\u0131 vermi\u015ftir&#8221; diye konu\u015ftu.<\/p>\n<p style=\"text-align: justify;\"><strong>&#8220;Ru\u015fen \u00c7ak\u0131r da \u015fimdi burada ama&#8221;\u00a0<\/strong><\/p>\n<p style=\"text-align: justify;\">\u00c7ak\u0131r ayr\u0131ca Yal\u00e7\u0131n K\u00fc\u00e7\u00fck&#8217;\u00fcn kendisine &#8220;\u00c7ak\u0131r soyad\u0131yla yazar olmaz&#8221; da dedi\u011fini belirtmesi \u00fczerine, Mahkeme Ba\u015fkan\u0131 Mehmet Ekinci, salonda izleyici b\u00f6l\u00fcm\u00fcnde oturan gazeteci yazar Ru\u015fen \u00c7ak\u0131r&#8217;\u0131n bulundu\u011fu b\u00f6l\u00fcme bakarak, &#8220;M\u00fcstehar isim konusunu daha \u00f6nce Yal\u00e7\u0131n K\u00fc\u00e7\u00fck de detayl\u0131 olarak anlatm\u0131\u015ft\u0131. San\u0131r\u0131m gazeteci Ru\u015fen \u00c7ak\u0131r da \u015fimdi burada ama&#8221; deyince ba\u015fta Ru\u015fen \u00c7ak\u0131r olmak \u00fczere salonda bulunanlar\u0131n g\u00fcld\u00fc\u011f\u00fc g\u00f6r\u00fcld\u00fc.<\/p>\n<p style=\"text-align: justify;\"><strong>&#8220;Ho\u015fgeldiniz tiyatroya&#8221;\u00a0<\/strong><\/p>\n<p style=\"text-align: justify;\">Tutuklu san\u0131k gazeteci yazar Nedim \u015eener, duru\u015fmaya kat\u0131ld\u0131\u011f\u0131n\u0131 g\u00f6rd\u00fc\u011f\u00fc gazeteci U\u011fur D\u00fcndar&#8217;a &#8220;Ho\u015f geldiniz tiyatroya&#8221; diye seslendi. D\u00fcndar ve \u015eener&#8217;in duru\u015fmaya verilen arada ise bir s\u00fcre sohbet etti\u011fi g\u00f6r\u00fcld\u00fc.<\/p>\n<p style=\"text-align: justify;\">\u00d6zel Yetkili 16.A\u011f\u0131r Ceza Mahkemesi&#8217;nde g\u00f6r\u00fclen duru\u015fmada savunma yapan tutuklu san\u0131k Sait \u00c7ak\u0131r, &#8220;Hi\u00e7birimizin Ergenekon \u00f6rg\u00fct\u00fcne \u00f6dedi\u011fimiz aidat makbuzu yok, kod adlar\u0131m\u0131z yok. Bu iddianamenin 134 sayfa, benim 130. sayfas\u0131na kadar hi\u00e7bir yerinde ismim ge\u00e7miyor. Benim bu iddianamede var olmam\u0131n tek sebebi Yal\u00e7\u0131n K\u00fc\u00e7\u00fck&#8217;e bula\u015fm\u0131\u015f olmamd\u0131r. Bu iddianamede Yal\u00e7\u0131n K\u00fc\u00e7\u00fck&#8217;le g\u00f6r\u00fc\u015fmek su\u00e7 say\u0131lm\u0131\u015ft\u0131r. Bizim Ya\u00e7\u0131n K\u00fc\u00e7\u00fck&#8217;le aram\u0131zdaki ili\u015fki hoca \u00f6\u011frenci ili\u015fkisidir. Yal\u00e7\u0131n K\u00fc\u00e7\u00fck hem bilgi birikimi hem tecr\u00fcbe. Ben kendisi ile tan\u0131\u015fmadan \u00f6nce 25 kitab\u0131n\u0131 okudum&#8221; diye konu\u015ftu.<\/p>\n<div id=\"attachment_45804\" style=\"width: 474px\" class=\"wp-caption aligncenter\"><a href=\"http:\/\/www.korhanyilmaz.com\/wp-content\/uploads\/2012\/01\/8951.jpg\"  class=\"lightview\"><img loading=\"lazy\" decoding=\"async\" aria-describedby=\"caption-attachment-45804\" class=\" wp-image-45804 \" src=\"http:\/\/www.korhanyilmaz.com\/wp-content\/uploads\/2012\/01\/8951.jpg\" alt=\"\" width=\"464\" height=\"250\" \/><\/a><p id=\"caption-attachment-45804\" class=\"wp-caption-text\">( Kaynak: Timur Soykan&#39;\u0131n mahkemede yapt\u0131\u011f\u0131 \u00e7izimdir. habervesaire.com&#39;dan al\u0131nm\u0131\u015ft\u0131r )<\/p><\/div>\n<p style=\"text-align: justify;\"><strong>&#8220;Dokunan yanar&#8217; dedim, dokundum buraday\u0131m&#8221;\u00a0<\/strong><\/p>\n<p style=\"text-align: justify;\">Tutuklu san\u0131klardan Ahmet \u015e\u0131k ise gazetecilik mesle\u011finde 20 y\u0131l\u0131 geride b\u0131rakt\u0131\u011f\u0131n\u0131 belirterek, \u015funlar\u0131 s\u00f6yledi:<\/p>\n<p style=\"text-align: justify;\">&#8220;Yarg\u0131s\u0131z infazlarda \u00f6ld\u00fcr\u00fclenler i\u00e7in &#8216;\u00e7at\u0131\u015fmada \u00f6l\u00fc ele ge\u00e7irilen ter\u00f6ristler&#8217; demedim. \u0130\u015fkence ma\u011fdurlar\u0131n\u0131 g\u00f6rmezden gelmezlik etmedim. G\u00f6zalt\u0131nda kaybedilenlerin &#8216;\u00f6rg\u00fct kamplar\u0131na gitti\u011fi&#8217; yalan\u0131na ortak olmad\u0131m. \u00dcniforma giyip askeri helikopterlerle yak\u0131l\u0131p y\u0131k\u0131lan k\u00f6ylere gidip &#8216;b\u00f6l\u00fcc\u00fclerin hain sald\u0131r\u0131s\u0131&#8217; diye yazmad\u0131m. Me\u00e7hul denen faillerin devletin tetik\u00e7isi oldu\u011fu ger\u00e7e\u011fini de gizlemedim. Devletin kanla doldurdu\u011fu havuzda kula\u00e7 at\u0131p kendime gazeteci de demedim. Tan\u0131k olduklar\u0131m\u0131 demokrasi havarisi k\u0131l\u0131\u011f\u0131na girmi\u015f kimileri gibi bug\u00fcn de\u011fil ya\u015fand\u0131\u011f\u0131 d\u00f6nemde yazd\u0131m. S\u00f6yledim. Askerlerden ya da polislerden gelen and\u0131\u00e7lar\u0131, yani \u00f6n\u00fcne her konan\u0131 yazan bir gazeteci hi\u00e7 olmad\u0131m. S\u0131rt\u0131m\u0131 iktidarlara, \u00fcniformal\u0131 ya da kravatl\u0131 g\u00fc\u00e7 odaklar\u0131na da dayamad\u0131m. Anlayaca\u011f\u0131n\u0131z ne iktidar s\u00f6zc\u00fcs\u00fc, ne polis muhbiri, ne de Mehmet\u00e7ik gazeteci oldum. Sadece ger\u00e7e\u011fi do\u011fru olarak aktarmaya \u00e7al\u0131\u015ft\u0131m. Tutuklanana kadar da \u00f6yle yap\u0131yordum. Tam da bu y\u00fczden gazetecilik mesle\u011fimi nas\u0131l yapt\u0131\u011f\u0131m\u0131 bu mahkeme salonunda anlatmak zorunda b\u0131rak\u0131ld\u0131m.&#8221;<\/p>\n<p style=\"text-align: justify;\">Adaletten, hukuktan yoksun, sahte ve d\u00fczmece belgelerle y\u00fcr\u00fcyen politik bir yarg\u0131lama nedeniyle hakim kar\u015f\u0131s\u0131nda oldu\u011funu vurgulayan \u015e\u0131k, iddianamede yer alan &#8220;Ergenekon \u00fcyesi olmad\u0131\u011f\u0131, ancak \u00f6rg\u00fct\u00fcn talimat\u0131yla kitap yazd\u0131\u011f\u0131&#8221; y\u00f6n\u00fcndeki su\u00e7lamalar\u0131 reddederek, \u015f\u00f6yle konu\u015ftu:<\/p>\n<p style=\"text-align: justify;\">&#8220;\u0130ddianamedeki su\u00e7lama t\u00fcm\u00fcyle as\u0131ls\u0131zd\u0131r, reddediyorum. Tutuklulu\u011fumun ilk g\u00fcnlerinde birisi &#8216;Elimizde a\u00e7\u0131klayamayaca\u011f\u0131m\u0131z \u00e7ok gizli deliller var&#8217; demi\u015fti. Ancak 6.5 ay sonra iddianame ortaya \u00e7\u0131kt\u0131\u011f\u0131nda g\u00f6rd\u00fck ki; o \u00e7ok gizli, a\u00e7\u0131klanamaz denen deliller malum medyaya servis edilen polis and\u0131\u00e7lar\u0131ndan, yani yalanlardan ibaretmi\u015f. Bug\u00fcne kadar yazd\u0131klar\u0131m\u0131n i\u00e7eri\u011fiyle gurur duyarak s\u00f6yl\u00fcyorum, sosyalist kimli\u011fime bak\u0131l\u0131rsa bu iddialar\u0131n d\u00fczmece oldu\u011fu anla\u015f\u0131l\u0131r. Benim bu kapsamda bir kitap yazabilmem i\u00e7in ak\u0131l k\u00f6r\u00fc olmam laz\u0131m. \u0130ddianameyi yazan savc\u0131 benim yazd\u0131klar\u0131mdan haberdar de\u011filmi\u015f. Haberi olsa ilgimin olmayaca\u011f\u0131n\u0131 anlard\u0131. \u0130mam\u0131n Ordusu adl\u0131 kitap \u00e7al\u0131\u015fmamdaki g\u00f6r\u00fc\u015flerim de a\u00e7\u0131kt\u0131r ve \u00e7ok nettir. Polis te\u015fkilat\u0131nda olup bitenlerin ve bu ya\u015fananlar\u0131n bu t\u00fcr tart\u0131\u015fmal\u0131 soru\u015fturmalarla ilgisinin ortaya \u00e7\u0131kar\u0131lmas\u0131n\u0131 \u00e7ok \u00f6nemsiyorum. \u0130\u015fte bu nedenle de bu davada san\u0131k oldum. Gazetecilere, meslekta\u015flar\u0131ma &#8216;dokunan yanar&#8217; dedim. Dokundum, buraday\u0131m. Sosyalist kimligimle gurur duyuyorum. Nedim veya Soner Yal\u00e7\u0131n&#8217;\u0131n bana talimat verdi\u011fine dair belge var m\u0131, yok. K\u0131r\u0131nt\u0131s\u0131 yok. Soner Yal\u00e7\u0131n ile d\u0131\u015far\u0131da hi\u00e7 y\u00fczy\u00fcze gelmedim. D\u00fcnya g\u00f6r\u00fc\u015f\u00fcm\u00fcz farkl\u0131d\u0131r. 2008 y\u0131l\u0131nda ben ve e\u015fimle ilgili yazd\u0131klar\u0131na k\u0131zarak arad\u0131m.&#8221;<\/p>\n<p style=\"text-align: justify;\">\u015e\u0131k, bu mahkemede gazetecilerin de\u011fil gazetecili\u011fin yarg\u0131land\u0131\u011f\u0131n\u0131 kaydederek, savunmas\u0131n\u0131 \u015f\u00f6yle s\u00fcrd\u00fcrd\u00fc:<\/p>\n<p style=\"text-align: justify;\">&#8220;Ortada bir hukuk katliam\u0131 vard\u0131r. Bir \u00e7ok benzemez biraraya getirilmi\u015ftir. Bu iddianamede, hakk\u0131mda ceza istenen k\u0131s\u0131mda 74 c\u00fcmle kullan\u0131lm\u0131\u015f ve i\u00e7inde 10 kere &#8216;iddia edilen&#8217; denmi\u015ftir. \u0130smimi &#8216;\u0130mam\u0131n Ordusu&#8217; koymay\u0131 planlamakta oldu\u011fum kitab\u0131 &#8220;000Kitap&#8217; olarak yay\u0131nlatt\u0131m. Kitab\u0131n konusuna dahil oldu\u011fu \u00e7ok a\u00e7\u0131k olan polisler, kitapla ilgili bilirki\u015filik yapm\u0131\u015flard\u0131r. Yani &#8216;\u0130mam\u0131n Ordusu&#8217; bilirki\u015fi olmu\u015ftur. Ad\u0131 h\u00fck\u00fcmet , cemaat veya devlet olsun demokratik d\u00fczende bunlar\u0131 ele\u015ftirmek su\u00e7 te\u015fkil etmez. Yapman\u0131z gereken beni yarg\u0131lamak de\u011fil, bu komployu yapanlar\u0131 bulup ortaya \u00e7\u0131karmakt\u0131r. Benim su\u00e7suz oldu\u011fumu siz dahil herkes biliyor. Derin devlet y\u00f6ntemleri halen iktidarda. Sadece sahipleri de\u011fi\u015fti. Bu yeni Ergenekon&#8217;la da m\u00fccadele edece\u011fim.&#8221;<\/p>\n<p style=\"text-align: justify;\"><strong>Hanefi Avc\u0131:&#8221;Kitab\u0131m bir \u00f6rg\u00fct kitab\u0131 de\u011fildir&#8221;\u00a0<\/strong><\/p>\n<p style=\"text-align: justify;\">Duru\u015fmada, Odatv davas\u0131n\u0131n tutuklu san\u0131\u011f\u0131 eski polis m\u00fcd\u00fcr\u00fc Hanefi Avc\u0131 da savunma yapt\u0131. Kendisinin de yarg\u0131land\u0131\u011f\u0131 davan\u0131n \u00f6z\u00fcnde Odatv&#8217;nin bulundu\u011funu belirten Avc\u0131, &#8220;Hali\u00e7&#8217;te Ya\u015fayan Simonlar&#8221; isimli kitab\u0131n\u0131n Odatv taraf\u0131ndan yazd\u0131r\u0131ld\u0131\u011f\u0131 iddialar\u0131na ili\u015fkin \u015funlar\u0131 kaydetti:<\/p>\n<p style=\"text-align: justify;\">&#8220;Burada Odatv i\u015fin merkeziymi\u015f gibi bir g\u00f6r\u00fcnt\u00fc vard\u0131r. Asl\u0131nda Odatv&#8217;nin benim kitab\u0131mdan haberi dahi yokmu\u015f. Kitab\u0131m sat\u0131\u015fa \u00e7\u0131kt\u0131\u011f\u0131nda her yerde haberler yay\u0131nlan\u0131rken, Odatv&#8217;de saat 11.45&#8217;te haber \u00e7\u0131km\u0131\u015ft\u0131r. Odatv&#8217;nin yay\u0131nlad\u0131\u011f\u0131 haber ise H\u00fcrriyet gazetesinden al\u0131narak aynen yay\u0131nlanm\u0131\u015ft\u0131r.&#8221;<\/p>\n<p style=\"text-align: justify;\">Duru\u015fma \u00f6ncesinde konu\u015ftu\u011fu Odatv \u00e7al\u0131\u015fanlar\u0131n\u0131n kendisine, &#8216;Biz senin kitab\u0131n\u0131 bulmak i\u00e7in neler \u00e7ektik&#8217; dedi\u011fini ifade eden Avc\u0131, &#8220;\u0130ddianameye g\u00f6re benim kitab\u0131m\u0131n organizasyonunu Odatv yapm\u0131\u015ft\u0131r. Odatv&#8217;nin ne benimle ne de kitab\u0131mla bir alakas\u0131 yoktur&#8221; diye konu\u015ftu.<\/p>\n<p style=\"text-align: justify;\">&#8220;Hali\u00e7&#8217;te Ya\u015fayan Simonlar&#8221; kitab\u0131n\u0131 2000 y\u0131l\u0131nda yazmaya ba\u015flad\u0131\u011f\u0131n\u0131, ancak mesaisinin yo\u011funlu\u011fundan \u00f6t\u00fcr\u00fc ara vererek 2009&#8217;da yeniden ba\u015flad\u0131\u011f\u0131n\u0131 s\u00f6yleyen Avc\u0131, kitab\u0131 mart ay\u0131nda bitirerek, 10 Nisan Polis Bayram\u0131&#8217;nda bas\u0131lmas\u0131 i\u00e7in yay\u0131nevine g\u00f6nderdi\u011fini s\u00f6yledi.<\/p>\n<p style=\"text-align: justify;\">Ancak kitab\u0131n kendi belirtti\u011fi tarihte sat\u0131\u015fa \u00e7\u0131kmad\u0131\u011f\u0131n\u0131 anlatan Avc\u0131, savunmas\u0131n\u0131 \u015f\u00f6yle s\u00fcrd\u00fcrd\u00fc: &#8220;Kitab\u0131m bir \u00f6rg\u00fct kitab\u0131 de\u011fildir. Bir ele\u015ftiri kitab\u0131, &#8216;nerede yanl\u0131\u015f yapt\u0131k?&#8217; dedi\u011fim bir kitapt\u0131r. Kitap yazarken kimseden tavsiye ve telkin almad\u0131m. Zaten yap\u0131m da buna m\u00fcsait de\u011fildir. Kitab\u0131m\u0131n bana nas\u0131l yazd\u0131r\u0131ld\u0131\u011f\u0131na dair iddianamede hi\u00e7bir delil yoktur. Bir delilin delil olabilmesi i\u00e7in usul\u00fcne uygun olarak elde edilmesi gerekmektedir. Ancak bilgisayar delillerini toplayan bizim arkada\u015flar, asgari \u015fartlar\u0131 yerine getirmemi\u015flerdir. Bu kadar hayati bir olayda olay yeri incelemesi ve delil ara\u015ft\u0131rmas\u0131 yap\u0131yorsunuz, ancak asgari \u015fartlar\u0131 yerine getirmiyorsunuz. Bu deliller ge\u00e7ersizdir. B\u00f6yle \u00f6rg\u00fct dosyas\u0131 haz\u0131rlanmaz. Bu davan\u0131n i\u00e7inde olmasam &#8216;muhakkak bir \u015feyler var&#8217; derdim, ama durum \u00f6yle de\u011fil. Y\u0131llarca istihbarat birimlerinde \u00e7al\u0131\u015ft\u0131m, b\u00f6yle dosya haz\u0131rlamad\u0131m.&#8221;<\/p>\n<p style=\"text-align: justify;\"><strong>Nedim \u015eener&#8217;in savunmas\u0131\u00a0<\/strong><\/p>\n<p style=\"text-align: justify;\">Duru\u015fmada savunmas\u0131n\u0131 yapan Nedim \u015eener, bug\u00fcne gelebildikleri i\u00e7in \u015f\u00fckretti\u011fini belirterek, &#8220;T\u00fcrk kamuoyuna, \u00f6ncelikle de \u00f6zg\u00fcrl\u00fck i\u00e7in yola d\u00fc\u015fen arkada\u015flara, Rag\u0131p<\/p>\n<p style=\"text-align: justify;\">Zarakolu, B\u00fc\u015fra Ersanl\u0131 ve Hopal\u0131lara selam g\u00f6nderiyorum. Hapse d\u00fc\u015f\u00fcnce insan daha iyi anl\u0131yor her \u015feyi. Hapse girdi\u011fim ilk g\u00fcn, hapse d\u00fc\u015fen son insan olmak i\u00e7in \u00e7ok dua etmi\u015ftim. Ancak \u00f6yle olmad\u0131&#8221; \u015feklinde konu\u015ftu.<\/p>\n<p style=\"text-align: justify;\">Hayat\u0131nda kendisine verilecek en b\u00fcy\u00fck cezan\u0131n utanmak olabilece\u011fini s\u00f6yleyen \u015eener&#8217;in, gazeteci Sedat Simavi&#8217;nin, &#8220;Kalemini k\u0131r, ama satma&#8221; s\u00f6z\u00fcn\u00fc hat\u0131rlatt\u0131ktan sonra duyguland\u0131\u011f\u0131 g\u00f6r\u00fcld\u00fc.<\/p>\n<p style=\"text-align: justify;\">Mahkeme Ba\u015fkan\u0131 Mehmet Ekinci&#8217;nin, &#8220;\u0130sterseniz k\u0131sa bir ara verelim&#8221; demesi \u00fczerine \u015eener de &#8220;Evet, iyi olur&#8221; deyince, duru\u015fmaya ara verildi.<\/p>\n<p style=\"text-align: justify;\">Aran\u0131n ard\u0131ndan savunmas\u0131na devam eden \u015eener, &#8220;Ke\u015fke dijitallerden bahsetseydim, b\u00f6yle duygulanmazd\u0131m. Hakl\u0131l\u0131\u011f\u0131m\u0131n verdi\u011fi g\u00fc\u00e7le savunma yap\u0131yorum. Kar\u015f\u0131n\u0131zda adaletin g\u00fcc\u00fcn\u00fc g\u00f6rmek istiyorum&#8221; ifadelerini kulland\u0131.<\/p>\n<p style=\"text-align: justify;\"><strong>&#8220;Cemaatten nefret etmedik, merak ettik, yazd\u0131k&#8221;\u00a0<\/strong><\/p>\n<p style=\"text-align: justify;\">\u015eener, cemaatle ilgili herhangi bir sorunu olmad\u0131\u011f\u0131n\u0131 belirterek, &#8220;Biz cemaatten nefret etmedik. Sadece merak ettik, sonra da kitap yazd\u0131k&#8221; diye konu\u015ftu.<\/p>\n<p style=\"text-align: justify;\">Ter\u00f6r \u00f6rg\u00fct\u00fcne \u00fcyelik su\u00e7undan yarg\u0131lanman\u0131n \u00e7ok a\u011f\u0131r bedelleri oldu\u011funu s\u00f6yleyen \u015eener, k\u0131z\u0131n\u0131n, &#8220;Babam ter\u00f6r \u00f6rg\u00fct\u00fcnden yarg\u0131lan\u0131yormu\u015f. Babam ger\u00e7ekten ter\u00f6rist ise onu desteklemem, \u00e7\u00fcnk\u00fc ter\u00f6ristler insan \u00f6ld\u00fcr\u00fcyor&#8221; dedi\u011fini anlatt\u0131.<\/p>\n<p style=\"text-align: justify;\">Hi\u00e7bir zaman yarg\u0131lanmaktan korkmad\u0131\u011f\u0131n\u0131 vurgulayan \u015eener, &#8220;Halk\u0131n vicdan\u0131nda yarg\u0131lanmaktan hep korktum. \u00c7\u00fcnk\u00fc vicdanlarda yarg\u0131lanarak alaca\u011f\u0131m ceza utanmakt\u0131r. Bana g\u00f6re utanmak, utan\u0131lacak bir \u015fey yazmak, s\u00f6ylemek ve yapmak, en b\u00fcy\u00fck cezad\u0131r&#8221; diye konu\u015ftu.<\/p>\n<p style=\"text-align: justify;\">Kesinlikle &#8216;Ergenekoncu&#8217; olmad\u0131\u011f\u0131n\u0131, bunun herkes taraf\u0131ndan bilindi\u011fini ifade eden \u015eener, Dink cinayetinin ayd\u0131nlat\u0131lmas\u0131 i\u00e7in \u00e7abalad\u0131\u011f\u0131n\u0131, s\u00f6z konusu cinayetin i\u015flenmesinde ihmali oldu\u011funu \u00f6ne s\u00fcrd\u00fc\u011f\u00fc ki\u015filerin tutuklanmad\u0131\u011f\u0131n\u0131 ve yarg\u0131lanmad\u0131\u011f\u0131n\u0131 s\u00f6yledi.<\/p>\n<p style=\"text-align: justify;\">Gazeteci olmas\u0131n\u0131n bir olgu oldu\u011funu ifade eden \u015eener, &#8220;Ter\u00f6rist ya da ter\u00f6re yard\u0131m, yatakl\u0131k etti\u011fim bir yak\u0131\u015ft\u0131rmad\u0131r. Bu yak\u0131\u015ft\u0131rma tamamen polis kaynakl\u0131d\u0131r. Bizde bir s\u00f6z var, &#8216;\u015eeriat\u0131n kesti\u011fi parmak ac\u0131maz&#8217; diye, g\u00fcn\u00fcm\u00fczde &#8216;Adaletin kesti\u011fi parmak ac\u0131maz&#8217; diye s\u00f6yleniyor. Evet, adaletin kesti\u011fi parmak ac\u0131maz, ama polisin kesti\u011fi parmak ac\u0131yor&#8221; dedi.<\/p>\n<p style=\"text-align: justify;\">Hakk\u0131ndaki su\u00e7laman\u0131n ba\u015flang\u0131\u00e7 ve biti\u015f noktas\u0131n\u0131n hep polise dayand\u0131\u011f\u0131n\u0131 savunan \u015eener, &#8220;Mesle\u011finin hen\u00fcz ba\u015f\u0131nda olan iki komiser yard\u0131mc\u0131s\u0131n\u0131n savc\u0131l\u0131\u011fa yazd\u0131\u011f\u0131 raporlarla kitaplar \u00f6rg\u00fctsel dok\u00fcmana d\u00f6n\u00fc\u015f\u00fcyor, ben hi\u00e7bir etkim olmayan kitaplar\u0131n yaz\u0131m\u0131na katk\u0131 ve yazarlar\u0131n\u0131 y\u00f6nlendirmekle su\u00e7lan\u0131yorum&#8221; ifadelerini kulland\u0131.<\/p>\n<p style=\"text-align: justify;\">Polis raporlar\u0131n\u0131n iddianameye d\u00f6n\u00fc\u015fmesinin T\u00fcrkiye&#8217;yi d\u00fcnyada zor duruma d\u00fc\u015f\u00fcrd\u00fc\u011f\u00fcn\u00fc \u00f6ne s\u00fcren \u015eener, &#8220;100&#8217;e yak\u0131n gazeteci haber yapt\u0131\u011f\u0131 i\u00e7in cezaevinde&#8221; g\u00f6r\u00fc\u015f\u00fcn\u00fc savundu.<\/p>\n<p style=\"text-align: justify;\">\u015eener, bu davadaki t\u00fcm su\u00e7lama ve tespitlerin yasal dayanaktan yoksun oldu\u011funu ve at\u0131l\u0131 su\u00e7un yasal unsurlar\u0131n\u0131n bulunmad\u0131\u011f\u0131n\u0131 \u00f6ne s\u00fcrerek, beraat\u0131n\u0131 talep etti.<\/p>\n<p style=\"text-align: justify;\"><strong>Savc\u0131 tutuklulu\u011fun s\u00fcrmesini istedi\u00a0<\/strong><\/p>\n<p style=\"text-align: justify;\">Duru\u015fmada san\u0131k avukatlar\u0131, m\u00fcvekkillerinin tahliyesini istedi. San\u0131k Ahmet \u015e\u0131k&#8217;\u0131n avukat\u0131 Fikret \u0130lkiz, m\u00fcvekkili hakk\u0131ndaki olas\u0131 tahliye karar\u0131n\u0131 mahkemenin takdirine b\u0131rakt\u0131klar\u0131n\u0131 ifade etti.<\/p>\n<p style=\"text-align: justify;\">Soner Yal\u00e7\u0131n&#8217;\u0131n avukat\u0131 ise m\u00fcvekkili hakk\u0131nda &#8220;silahl\u0131 \u00f6rg\u00fct&#8221; su\u00e7unun s\u00f6z konusu olmad\u0131\u011f\u0131n\u0131 iddia ederek, mahkemenin &#8220;g\u00f6revsizlik&#8221; karar\u0131 vermesini talep etti.<\/p>\n<p style=\"text-align: justify;\">Avukatlar\u0131n taleplerinin al\u0131nmas\u0131n\u0131n ard\u0131ndan \u0130stanbul Cumhuriyet Savc\u0131s\u0131 Ufuk Ermertcan g\u00f6r\u00fc\u015f\u00fcn\u00fc a\u00e7\u0131klad\u0131.<\/p>\n<p style=\"text-align: justify;\">Savc\u0131 Ermertcan, tutuklu san\u0131klar\u0131n bu hallerinin devam\u0131na karar verilmesini, cezaevinde rahats\u0131zlanarak 12 Kas\u0131m 2011&#8217;de hayat\u0131n\u0131 kaybeden Ka\u015fif Kozino\u011flu&#8217;nun dosyas\u0131n\u0131n davadan ayr\u0131larak, hakk\u0131nda d\u00fc\u015fme karar\u0131 verilmesini talep etti.<\/p>\n<p style=\"text-align: justify;\">Mahkeme heyeti, ara karar almak \u00fczere duru\u015fmaya ara verdi. Verilen ara sonras\u0131 san\u0131klar\u0131n tutukluluk hallerinin devam\u0131na karar verildi.<\/p>\n<p style=\"text-align: justify;\">Duru\u015fmay\u0131, CHP Denizli Milletvekili \u0130lhan Cihaner, gazeteciler U\u011fur D\u00fcndar ve Ru\u015fen \u00c7ak\u0131r da izledi.<\/p>\n<p style=\"text-align: justify;\"><a href=\"http:\/\/www.cnnturk.com\/2012\/turkiye\/01\/05\/dokunan.yanar.dedim.dokundum.buradayim\/643520.0\/index.html\" target=\"_blank\">Kaynak : CNN T\u00dcRK<\/a><\/p>\n","protected":false},"excerpt":{"rendered":"<p style=\"text-align: center;\">\n<p style=\"text-align: justify;\">Odatv davas\u0131nda Nedim \u015eener, izleyiciler aras\u0131nda yer alan U\u011fur D\u00fcndar&#8217;a &#8220;tiyatroya ho\u015f geldin&#8221; diye seslendi. Ahmet \u015e\u0131k ise savunmas\u0131nda, &#8220;Dokunan yanar&#8217; dedim, dokundum buraday\u0131m&#8221; dedi. Davada san\u0131klar\u0131n tutukluluk hallerinin s\u00fcrmesine karar verildi.<\/p>\n<p style=\"text-align: justify;\">Oda TV soru\u015fturmas\u0131 kapsam\u0131nda aralar\u0131nda gazeteciler Nedim \u015eener ile Ahmet \u015e\u0131k&#8217;\u0131n da bulundu\u011fu 12&#8217;si tutuklu 14 <\/p>\n","protected":false},"author":1,"featured_media":0,"comment_status":"open","ping_status":"open","sticky":false,"template":"","format":"standard","meta":{"footnotes":""},"categories":[105],"tags":[],"class_list":["post-45803","post","type-post","status-publish","format-standard","hentry","category-gundem","odd"],"_links":{"self":[{"href":"http:\/\/www.korhanyilmaz.com\/index.php?rest_route=\/wp\/v2\/posts\/45803","targetHints":{"allow":["GET"]}}],"collection":[{"href":"http:\/\/www.korhanyilmaz.com\/index.php?rest_route=\/wp\/v2\/posts"}],"about":[{"href":"http:\/\/www.korhanyilmaz.com\/index.php?rest_route=\/wp\/v2\/types\/post"}],"author":[{"embeddable":true,"href":"http:\/\/www.korhanyilmaz.com\/index.php?rest_route=\/wp\/v2\/users\/1"}],"replies":[{"embeddable":true,"href":"http:\/\/www.korhanyilmaz.com\/index.php?rest_route=%2Fwp%2Fv2%2Fcomments&post=45803"}],"version-history":[{"count":0,"href":"http:\/\/www.korhanyilmaz.com\/index.php?rest_route=\/wp\/v2\/posts\/45803\/revisions"}],"wp:attachment":[{"href":"http:\/\/www.korhanyilmaz.com\/index.php?rest_route=%2Fwp%2Fv2%2Fmedia&parent=45803"}],"wp:term":[{"taxonomy":"category","embeddable":true,"href":"http:\/\/www.korhanyilmaz.com\/index.php?rest_route=%2Fwp%2Fv2%2Fcategories&post=45803"},{"taxonomy":"post_tag","embeddable":true,"href":"http:\/\/www.korhanyilmaz.com\/index.php?rest_route=%2Fwp%2Fv2%2Ftags&post=45803"}],"curies":[{"name":"wp","href":"https:\/\/api.w.org\/{rel}","templated":true}]}}